{"id":26907,"date":"2018-06-13T16:07:54","date_gmt":"2018-06-13T19:07:54","guid":{"rendered":"http:\/\/www.riogrande.rs.gov.br\/smed\/?p=26907"},"modified":"2018-06-13T16:13:02","modified_gmt":"2018-06-13T19:13:02","slug":"grupo-de-danca-da-emef-franca-pinto-participou-do-16o-danca-bage","status":"publish","type":"post","link":"https:\/\/www.riogrande.rs.gov.br\/smed\/?p=26907","title":{"rendered":"Grupo de Dan\u00e7a da EMEF Fran\u00e7a Pinto participou do \u201c16\u00ba Dan\u00e7a Bag\u00e9\u201d"},"content":{"rendered":"\n\t\t<style type=\"text\/css\">\n\t\t\t#gallery-1 {\n\t\t\t\tmargin: auto;\n\t\t\t}\n\t\t\t#gallery-1 .gallery-item {\n\t\t\t\tfloat: left;\n\t\t\t\tmargin-top: 10px;\n\t\t\t\ttext-align: center;\n\t\t\t\twidth: 33%;\n\t\t\t}\n\t\t\t#gallery-1 img {\n\t\t\t\tborder: 2px solid #cfcfcf;\n\t\t\t}\n\t\t\t#gallery-1 .gallery-caption {\n\t\t\t\tmargin-left: 0;\n\t\t\t}\n\t\t\t\/* see gallery_shortcode() in wp-includes\/media.php *\/\n\t\t<\/style>\n\t\t<div id='gallery-1' class='gallery galleryid-26907 gallery-columns-3 gallery-size-thumbnail'><dl class='gallery-item'>\n\t\t\t<dt class='gallery-icon landscape'>\n\t\t\t\t<a href='https:\/\/www.riogrande.rs.gov.br\/smed\/wp-content\/uploads\/2018\/06\/20180613-ped-franca-image1.jpg' rel=\"lightbox[26907]\"><img loading=\"lazy\" decoding=\"async\" width=\"150\" height=\"150\" src=\"https:\/\/www.riogrande.rs.gov.br\/smed\/wp-content\/uploads\/2018\/06\/20180613-ped-franca-image1-150x150.jpg\" class=\"attachment-thumbnail size-thumbnail\" alt=\"\" aria-describedby=\"gallery-1-26908\" \/><\/a>\n\t\t\t<\/dt>\n\t\t\t\t<dd class='wp-caption-text gallery-caption' id='gallery-1-26908'>\n\t\t\t\tDivulga\u00e7\u00e3o\n\t\t\t\t<\/dd><\/dl><dl class='gallery-item'>\n\t\t\t<dt class='gallery-icon landscape'>\n\t\t\t\t<a href='https:\/\/www.riogrande.rs.gov.br\/smed\/wp-content\/uploads\/2018\/06\/20180613-ped-franca-image2.jpg' rel=\"lightbox[26907]\"><img loading=\"lazy\" decoding=\"async\" width=\"150\" height=\"150\" src=\"https:\/\/www.riogrande.rs.gov.br\/smed\/wp-content\/uploads\/2018\/06\/20180613-ped-franca-image2-150x150.jpg\" class=\"attachment-thumbnail size-thumbnail\" alt=\"\" aria-describedby=\"gallery-1-26909\" \/><\/a>\n\t\t\t<\/dt>\n\t\t\t\t<dd class='wp-caption-text gallery-caption' id='gallery-1-26909'>\n\t\t\t\tDivulga\u00e7\u00e3o\n\t\t\t\t<\/dd><\/dl><dl class='gallery-item'>\n\t\t\t<dt class='gallery-icon landscape'>\n\t\t\t\t<a href='https:\/\/www.riogrande.rs.gov.br\/smed\/wp-content\/uploads\/2018\/06\/20180613-ped-franca-image3.jpg' rel=\"lightbox[26907]\"><img loading=\"lazy\" decoding=\"async\" width=\"150\" height=\"150\" src=\"https:\/\/www.riogrande.rs.gov.br\/smed\/wp-content\/uploads\/2018\/06\/20180613-ped-franca-image3-150x150.jpg\" class=\"attachment-thumbnail size-thumbnail\" alt=\"\" aria-describedby=\"gallery-1-26910\" srcset=\"https:\/\/www.riogrande.rs.gov.br\/smed\/wp-content\/uploads\/2018\/06\/20180613-ped-franca-image3-150x150.jpg 150w, https:\/\/www.riogrande.rs.gov.br\/smed\/wp-content\/uploads\/2018\/06\/20180613-ped-franca-image3-485x485.jpg 485w, https:\/\/www.riogrande.rs.gov.br\/smed\/wp-content\/uploads\/2018\/06\/20180613-ped-franca-image3-768x768.jpg 768w, https:\/\/www.riogrande.rs.gov.br\/smed\/wp-content\/uploads\/2018\/06\/20180613-ped-franca-image3-207x207.jpg 207w, https:\/\/www.riogrande.rs.gov.br\/smed\/wp-content\/uploads\/2018\/06\/20180613-ped-franca-image3.jpg 800w\" sizes=\"(max-width: 150px) 100vw, 150px\" \/><\/a>\n\t\t\t<\/dt>\n\t\t\t\t<dd class='wp-caption-text gallery-caption' id='gallery-1-26910'>\n\t\t\t\tDivulga\u00e7\u00e3o\n\t\t\t\t<\/dd><\/dl><br style=\"clear: both\" \/>\n\t\t<\/div>\n\n<p style=\"text-align: justify;\">De 7 a 10 de junho, aconteceu, na \u201c<strong>Rainha da Fronteira<\/strong>\u201d, o \u201c<b>16\u00ba Dan\u00e7a Bag\u00e9<\/b>\u201d, onde dezenas de grupos de dan\u00e7a do Rio Grande do Sul se apresentaram no Centro Cultural Auxiliadora, durante as mostras n\u00e3o competitivas e nos concursos, em diversas modalidades, como bal\u00e9, dan\u00e7a do ventre, dan\u00e7as urbanas, <i>hip hop<\/i> e outras.<\/p>\n<p style=\"text-align: justify;\"><!--more--><\/p>\n<p style=\"text-align: justify;\">O Grupo de Dan\u00e7a da Escola Municipal de Ensino Fundamental <b>Fran\u00e7a Pinto<\/b>, coordenado pela Prof.\u00aa M\u00e1rcia Obiedo Pi\u00f1eiro, no dia <b>07 de junho<\/b>, participou pela primeira vez do \u201c<b>Dan\u00e7a Bag\u00e9<\/b>\u201d, na categoria \u201c<b>Escolas e Projetos<\/b>\u201d, com duas coreografias, onde obteve o 2\u00ba e o 3\u00ba lugar. As alunas foram acompanhadas pela vice-diretora, Fabiane Lopes; \u00a0pelas professoras M\u00e1rcia Obiedo Pi\u00f1eiro e Maria Luiza da Hora; e algumas m\u00e3es.<\/p>\n<p style=\"text-align: justify;\">De acordo com a Prof.\u00aa M\u00e1rcia, \u201c<b>o projeto existe na Escola h\u00e1 26 anos e abrange tamb\u00e9m gin\u00e1stica art\u00edstica e r\u00edtmica. A Escola participou do \u201816\u00ba Dan\u00e7a Bag\u00e9\u2019 com sete alunas, mas fazem parte do projeto cerca de 90 alunos<\/b>\u201d.<\/p>\n<p>&nbsp;<\/p>\n<p style=\"text-align: right;\"><em>SMEd<\/em><br \/>\n<em>Roberton Reis<\/em><br \/>\n<em>Com informa\u00e7\u00f5es da EMEF Fran\u00e7a Pinto<\/em><\/p>\n","protected":false},"excerpt":{"rendered":"<p>De 7 a 10 de junho, aconteceu, na \u201cRainha da Fronteira\u201d, o \u201c16\u00ba Dan\u00e7a Bag\u00e9\u201d, onde dezenas de grupos de dan\u00e7a do Rio Grande do Sul se apresentaram no Centro Cultural Auxiliadora, durante as mostras n\u00e3o competitivas e nos concursos, em diversas modalidades, como bal\u00e9, dan\u00e7a do ventre, dan\u00e7as urbanas, hip hop e outras.<\/p>\n","protected":false},"author":7,"featured_media":0,"comment_status":"closed","ping_status":"closed","sticky":false,"template":"","format":"standard","meta":{"footnotes":""},"categories":[1,13],"tags":[],"class_list":["post-26907","post","type-post","status-publish","format-standard","hentry","category-noticias","category-pedagogico"],"_links":{"self":[{"href":"https:\/\/www.riogrande.rs.gov.br\/smed\/index.php?rest_route=\/wp\/v2\/posts\/26907"}],"collection":[{"href":"https:\/\/www.riogrande.rs.gov.br\/smed\/index.php?rest_route=\/wp\/v2\/posts"}],"about":[{"href":"https:\/\/www.riogrande.rs.gov.br\/smed\/index.php?rest_route=\/wp\/v2\/types\/post"}],"author":[{"embeddable":true,"href":"https:\/\/www.riogrande.rs.gov.br\/smed\/index.php?rest_route=\/wp\/v2\/users\/7"}],"replies":[{"embeddable":true,"href":"https:\/\/www.riogrande.rs.gov.br\/smed\/index.php?rest_route=%2Fwp%2Fv2%2Fcomments&post=26907"}],"version-history":[{"count":3,"href":"https:\/\/www.riogrande.rs.gov.br\/smed\/index.php?rest_route=\/wp\/v2\/posts\/26907\/revisions"}],"predecessor-version":[{"id":26913,"href":"https:\/\/www.riogrande.rs.gov.br\/smed\/index.php?rest_route=\/wp\/v2\/posts\/26907\/revisions\/26913"}],"wp:attachment":[{"href":"https:\/\/www.riogrande.rs.gov.br\/smed\/index.php?rest_route=%2Fwp%2Fv2%2Fmedia&parent=26907"}],"wp:term":[{"taxonomy":"category","embeddable":true,"href":"https:\/\/www.riogrande.rs.gov.br\/smed\/index.php?rest_route=%2Fwp%2Fv2%2Fcategories&post=26907"},{"taxonomy":"post_tag","embeddable":true,"href":"https:\/\/www.riogrande.rs.gov.br\/smed\/index.php?rest_route=%2Fwp%2Fv2%2Ftags&post=26907"}],"curies":[{"name":"wp","href":"https:\/\/api.w.org\/{rel}","templated":true}]}}