{"id":26829,"date":"2018-06-11T12:51:02","date_gmt":"2018-06-11T15:51:02","guid":{"rendered":"http:\/\/www.riogrande.rs.gov.br\/smed\/?p=26829"},"modified":"2018-06-11T12:51:02","modified_gmt":"2018-06-11T15:51:02","slug":"alunos-das-oficinas-da-associacao-cultural-rio-grande-em-acao-participarao-de-apresentacoes-na-fenadoce-no-dia-12","status":"publish","type":"post","link":"https:\/\/www.riogrande.rs.gov.br\/smed\/?p=26829","title":{"rendered":"Alunos das Oficinas da Associa\u00e7\u00e3o Cultural \u201cRio Grande em A\u00e7\u00e3o\u201d participar\u00e3o de apresenta\u00e7\u00f5es na Fenadoce, no dia 12"},"content":{"rendered":"<div id=\"attachment_26830\" style=\"width: 495px\" class=\"wp-caption aligncenter\"><a href=\"http:\/\/www.riogrande.rs.gov.br\/smed\/wp-content\/uploads\/2018\/06\/20180611-ped-em_acao.jpg\" rel=\"lightbox[26829]\"><img loading=\"lazy\" decoding=\"async\" aria-describedby=\"caption-attachment-26830\" class=\"size-medium wp-image-26830\" src=\"http:\/\/www.riogrande.rs.gov.br\/smed\/wp-content\/uploads\/2018\/06\/20180611-ped-em_acao-485x485.jpg\" alt=\"\" width=\"485\" height=\"485\" srcset=\"https:\/\/www.riogrande.rs.gov.br\/smed\/wp-content\/uploads\/2018\/06\/20180611-ped-em_acao-485x485.jpg 485w, https:\/\/www.riogrande.rs.gov.br\/smed\/wp-content\/uploads\/2018\/06\/20180611-ped-em_acao-150x150.jpg 150w, https:\/\/www.riogrande.rs.gov.br\/smed\/wp-content\/uploads\/2018\/06\/20180611-ped-em_acao-768x768.jpg 768w, https:\/\/www.riogrande.rs.gov.br\/smed\/wp-content\/uploads\/2018\/06\/20180611-ped-em_acao-207x207.jpg 207w, https:\/\/www.riogrande.rs.gov.br\/smed\/wp-content\/uploads\/2018\/06\/20180611-ped-em_acao.jpg 800w\" sizes=\"(max-width: 485px) 100vw, 485px\" \/><\/a><p id=\"caption-attachment-26830\" class=\"wp-caption-text\">Divulga\u00e7\u00e3o<\/p><\/div>\n<p style=\"text-align: justify;\"><span style=\"font-weight: 400;\">Na pr\u00f3xima ter\u00e7a-feira, dia <\/span><b>12 de junho<\/b><span style=\"font-weight: 400;\">, a partir das <\/span><b>16h30min<\/b><span style=\"font-weight: 400;\">, os alunos da rede p\u00fablica municipal de ensino de Rio Grande, que participam das Oficinas promovidas pela Associa\u00e7\u00e3o Cultural \u201c<\/span><b>Rio Grande em A\u00e7\u00e3o<\/b><span style=\"font-weight: 400;\">\u201d, estar\u00e3o apresentando-se no palco da <\/span><b>Fenadoce<\/b><span style=\"font-weight: 400;\">, em Pelotas.<\/span><\/p>\n<ul style=\"text-align: justify;\">\n<li><b>Coral Fascina\u00e7\u00e3o<\/b><span style=\"font-weight: 400;\">, composto pela turma da maturidade e acompanhados pelo Prof. Marcelo Vaz.<\/span><\/li>\n<li><b>Hip hop e Zumba<\/b><span style=\"font-weight: 400;\">, composto pelos alunos das Escolas Municipais do Rio Grande (EMEF Dolores Garcia, EMEF Maria da Gra\u00e7a Reyes e EMIE Ney Amado Costa), acompanhados pelo Prof. Lucas Goulart.<\/span><\/li>\n<\/ul>\n<p style=\"text-align: justify;\"><span style=\"font-weight: 400;\"> A Associa\u00e7\u00e3o Cultural \u201cRio Grande em A\u00e7\u00e3o\u201d \u00e9 um Projeto Sociocultural sem fins Lucrativos que h\u00e1 mais de 7 (sete) anos atende crian\u00e7as, crian\u00e7as especiais, jovens e maturidade da cidade do Rio Grande.<\/span><\/p>\n<p style=\"text-align: justify;\"><span style=\"font-weight: 400;\">Atualmente, a associa\u00e7\u00e3o \u00e9 patrocinada pelo Grupo NC, atrav\u00e9s do BNDES, apoiada pela Prefeitura Municipal do Rio Grande e Secretaria de Munic\u00edpio da Educa\u00e7\u00e3o. Tem como objetivo principal fornecer possibilidades de crescimento social, cultural e intelectual aos seus alunos.<\/span><\/p>\n<p style=\"text-align: justify;\"><span style=\"font-weight: 400;\">Hoje, a associa\u00e7\u00e3o atende aproximadamente 9 (nove) escolas da rede p\u00fablica municipal de ensino de Rio Grande, e j\u00e1 transformou a vida de mais de 3.500 (tr\u00eas mil e quinhentas) crian\u00e7as s\u00f3 em nosso Munic\u00edpio.<\/span><\/p>\n<p>&nbsp;<\/p>\n<p style=\"text-align: right;\"><em>SMEd<\/em><br \/>\n<em>Roberton Reis<\/em><br \/>\n<em>Com informa\u00e7\u00f5es da Associa\u00e7\u00e3o Cultural Rio Grande em A\u00e7\u00e3o<\/em><\/p>\n","protected":false},"excerpt":{"rendered":"<p>Na pr\u00f3xima ter\u00e7a-feira, dia 12 de junho, a partir das 16h30min, os alunos da rede p\u00fablica municipal de ensino de Rio Grande, que participam das Oficinas promovidas pela Associa\u00e7\u00e3o Cultural \u201cRio Grande em A\u00e7\u00e3o\u201d, estar\u00e3o apresentando-se no palco da Fenadoce, em Pelotas. Coral Fascina\u00e7\u00e3o, composto pela turma da maturidade e acompanhados pelo Prof. Marcelo Vaz. [&hellip;]<\/p>\n","protected":false},"author":7,"featured_media":0,"comment_status":"closed","ping_status":"closed","sticky":false,"template":"","format":"standard","meta":{"footnotes":""},"categories":[1,13],"tags":[],"class_list":["post-26829","post","type-post","status-publish","format-standard","hentry","category-noticias","category-pedagogico"],"_links":{"self":[{"href":"https:\/\/www.riogrande.rs.gov.br\/smed\/index.php?rest_route=\/wp\/v2\/posts\/26829"}],"collection":[{"href":"https:\/\/www.riogrande.rs.gov.br\/smed\/index.php?rest_route=\/wp\/v2\/posts"}],"about":[{"href":"https:\/\/www.riogrande.rs.gov.br\/smed\/index.php?rest_route=\/wp\/v2\/types\/post"}],"author":[{"embeddable":true,"href":"https:\/\/www.riogrande.rs.gov.br\/smed\/index.php?rest_route=\/wp\/v2\/users\/7"}],"replies":[{"embeddable":true,"href":"https:\/\/www.riogrande.rs.gov.br\/smed\/index.php?rest_route=%2Fwp%2Fv2%2Fcomments&post=26829"}],"version-history":[{"count":1,"href":"https:\/\/www.riogrande.rs.gov.br\/smed\/index.php?rest_route=\/wp\/v2\/posts\/26829\/revisions"}],"predecessor-version":[{"id":26831,"href":"https:\/\/www.riogrande.rs.gov.br\/smed\/index.php?rest_route=\/wp\/v2\/posts\/26829\/revisions\/26831"}],"wp:attachment":[{"href":"https:\/\/www.riogrande.rs.gov.br\/smed\/index.php?rest_route=%2Fwp%2Fv2%2Fmedia&parent=26829"}],"wp:term":[{"taxonomy":"category","embeddable":true,"href":"https:\/\/www.riogrande.rs.gov.br\/smed\/index.php?rest_route=%2Fwp%2Fv2%2Fcategories&post=26829"},{"taxonomy":"post_tag","embeddable":true,"href":"https:\/\/www.riogrande.rs.gov.br\/smed\/index.php?rest_route=%2Fwp%2Fv2%2Ftags&post=26829"}],"curies":[{"name":"wp","href":"https:\/\/api.w.org\/{rel}","templated":true}]}}