{"id":26827,"date":"2018-06-08T15:47:24","date_gmt":"2018-06-08T18:47:24","guid":{"rendered":"http:\/\/www.riogrande.rs.gov.br\/smed\/?p=26827"},"modified":"2018-06-08T15:47:24","modified_gmt":"2018-06-08T18:47:24","slug":"smed-promove-encontro-de-formacao-continuada-para-professores-de-artes-e-historia-da-rede-municipal","status":"publish","type":"post","link":"https:\/\/www.riogrande.rs.gov.br\/smed\/?p=26827","title":{"rendered":"SMEd promove Encontro de Forma\u00e7\u00e3o Continuada para Professores de Artes e Hist\u00f3ria da Rede Municipal"},"content":{"rendered":"<p style=\"text-align: justify;\"><span style=\"font-weight: 400;\">A Secretaria de Munic\u00edpio da Educa\u00e7\u00e3o do Rio Grande (SMEd), atrav\u00e9s do N\u00facleo dos Anos Finais do Ensino Fundamental, realizar\u00e1, no dia <\/span><b>18 de junho<\/b><span style=\"font-weight: 400;\">, \u00e0s <\/span><b>8h30min<\/b><span style=\"font-weight: 400;\">, Encontro de Forma\u00e7\u00e3o Continuada para os Professores de Artes e Hist\u00f3ria que atuam com os Anos Finais nas escolas da rede p\u00fablica municipal de ensino.<\/span><\/p>\n<p style=\"text-align: justify;\"><!--more--><\/p>\n<p style=\"text-align: justify;\">\n<p style=\"text-align: justify;\"><span style=\"font-weight: 400;\">De acordo com a coordenadora do N\u00facleo dos Anos Finais da SMEd, <\/span><span style=\"font-weight: 400;\">L\u00edlian Melo Rodrigues Reinhardt,<\/span> <span style=\"font-weight: 400;\">o Encontro, que ocorrer\u00e1 no Audit\u00f3rio da Escola Municipal de Ensino Fundamental <\/span><b>Helena Small<\/b><span style=\"font-weight: 400;\">, localizada na <\/span><span style=\"font-weight: 400;\">Rua Bar\u00e3o de Cotegipe, \u00a0n\u00ba 155, bairro Centro,<\/span><span style=\"font-weight: 400;\"> abordar\u00e1 a tem\u00e1tica \u201c<\/span><b>\u00c9tnico-racial<\/b><span style=\"font-weight: 400;\">\u201d.<\/span><\/p>\n<p>&nbsp;<\/p>\n<p style=\"text-align: right;\"><em>SMEd<\/em><br \/>\n<em>Roberton Reis<\/em><br \/>\n<em>Com informa\u00e7\u00e3o do N\u00facleo dos Anos Finais<\/em><\/p>\n","protected":false},"excerpt":{"rendered":"<p>A Secretaria de Munic\u00edpio da Educa\u00e7\u00e3o do Rio Grande (SMEd), atrav\u00e9s do N\u00facleo dos Anos Finais do Ensino Fundamental, realizar\u00e1, no dia 18 de junho, \u00e0s 8h30min, Encontro de Forma\u00e7\u00e3o Continuada para os Professores de Artes e Hist\u00f3ria que atuam com os Anos Finais nas escolas da rede p\u00fablica municipal de ensino.<\/p>\n","protected":false},"author":7,"featured_media":0,"comment_status":"closed","ping_status":"closed","sticky":false,"template":"","format":"standard","meta":{"footnotes":""},"categories":[1,13],"tags":[],"class_list":["post-26827","post","type-post","status-publish","format-standard","hentry","category-noticias","category-pedagogico"],"_links":{"self":[{"href":"https:\/\/www.riogrande.rs.gov.br\/smed\/index.php?rest_route=\/wp\/v2\/posts\/26827"}],"collection":[{"href":"https:\/\/www.riogrande.rs.gov.br\/smed\/index.php?rest_route=\/wp\/v2\/posts"}],"about":[{"href":"https:\/\/www.riogrande.rs.gov.br\/smed\/index.php?rest_route=\/wp\/v2\/types\/post"}],"author":[{"embeddable":true,"href":"https:\/\/www.riogrande.rs.gov.br\/smed\/index.php?rest_route=\/wp\/v2\/users\/7"}],"replies":[{"embeddable":true,"href":"https:\/\/www.riogrande.rs.gov.br\/smed\/index.php?rest_route=%2Fwp%2Fv2%2Fcomments&post=26827"}],"version-history":[{"count":1,"href":"https:\/\/www.riogrande.rs.gov.br\/smed\/index.php?rest_route=\/wp\/v2\/posts\/26827\/revisions"}],"predecessor-version":[{"id":26828,"href":"https:\/\/www.riogrande.rs.gov.br\/smed\/index.php?rest_route=\/wp\/v2\/posts\/26827\/revisions\/26828"}],"wp:attachment":[{"href":"https:\/\/www.riogrande.rs.gov.br\/smed\/index.php?rest_route=%2Fwp%2Fv2%2Fmedia&parent=26827"}],"wp:term":[{"taxonomy":"category","embeddable":true,"href":"https:\/\/www.riogrande.rs.gov.br\/smed\/index.php?rest_route=%2Fwp%2Fv2%2Fcategories&post=26827"},{"taxonomy":"post_tag","embeddable":true,"href":"https:\/\/www.riogrande.rs.gov.br\/smed\/index.php?rest_route=%2Fwp%2Fv2%2Ftags&post=26827"}],"curies":[{"name":"wp","href":"https:\/\/api.w.org\/{rel}","templated":true}]}}