{"id":26821,"date":"2018-06-08T15:41:05","date_gmt":"2018-06-08T18:41:05","guid":{"rendered":"http:\/\/www.riogrande.rs.gov.br\/smed\/?p=26821"},"modified":"2018-06-08T15:41:05","modified_gmt":"2018-06-08T18:41:05","slug":"smed-divulga-datas-dos-proximos-encontros-do-projeto-de-extensao-o-ensino-de-geografia-escolar-atraves-do-uso-de-multiplas-linguagens","status":"publish","type":"post","link":"https:\/\/www.riogrande.rs.gov.br\/smed\/?p=26821","title":{"rendered":"SMEd divulga datas dos pr\u00f3ximos Encontros do Projeto de Extens\u00e3o: \u201cO Ensino de Geografia Escolar atrav\u00e9s do uso de M\u00faltiplas Linguagens\u201d"},"content":{"rendered":"<p style=\"text-align: justify;\"><span style=\"font-weight: 400;\">A Secretaria de Munic\u00edpio da Educa\u00e7\u00e3o de Rio Grande (SMEd), atrav\u00e9s do N\u00facleo dos Anos Finais do Ensino Fundamental, informa as datas dos pr\u00f3ximos encontros do <\/span><b>Projeto de Extens\u00e3o: O ensino de Geografia Escolar atrav\u00e9s do uso de m\u00faltiplas linguagens<\/b><span style=\"font-weight: 400;\">, promovido pela SMEd, FURG e Laborat\u00f3rio de Pesquisa e Ensino de Geografia \u2013 LAPEG.<\/span><\/p>\n<p style=\"text-align: justify;\"><!--more--><\/p>\n<p>&nbsp;<\/p>\n<table border=\"2px\" cellspacing=\"5px\" cellpadding=\"5px\">\n<tbody>\n<tr>\n<td style=\"width: 91px;\"><span style=\"font-weight: 400;\">09\/07\/2018<\/span><\/td>\n<td style=\"width: 242px;\"><span style=\"font-weight: 400;\">FURG: Sala Estu\u00e1rio\/CIDEC SUL<\/span><\/td>\n<td style=\"width: 70px;\"><span style=\"font-weight: 400;\">8h30min <\/span><\/td>\n<\/tr>\n<tr>\n<td style=\"width: 91px;\"><span style=\"font-weight: 400;\">21\/08\/2018<\/span><\/td>\n<td style=\"width: 242px;\"><span style=\"font-weight: 400;\">FURG: Sala Estu\u00e1rio\/CIDEC SUL<\/span><\/td>\n<td style=\"width: 70px;\"><span style=\"font-weight: 400;\">8h30min <\/span><\/td>\n<\/tr>\n<tr>\n<td style=\"width: 91px;\"><span style=\"font-weight: 400;\">26\/09\/2018 <\/span><\/td>\n<td style=\"width: 242px;\"><span style=\"font-weight: 400;\">A combinar<\/span><\/td>\n<td style=\"width: 70px;\"><span style=\"font-weight: 400;\">8h30min <\/span><\/td>\n<\/tr>\n<tr>\n<td style=\"width: 91px;\"><span style=\"font-weight: 400;\">09\/11\/2018<\/span><\/td>\n<td style=\"width: 242px;\"><span style=\"font-weight: 400;\">FURG: Sala Estu\u00e1rio\/CIDEC SUL<\/span><\/td>\n<td style=\"width: 70px;\"><span style=\"font-weight: 400;\">8h30min <\/span><\/td>\n<\/tr>\n<\/tbody>\n<\/table>\n<p style=\"text-align: justify;\">\n<p style=\"text-align: justify;\"><span style=\"font-weight: 400;\">Est\u00e3o participando do Projeto Professores de Geografia vinculados \u00e0 Secretaria de Munic\u00edpio da Educa\u00e7\u00e3o do Rio Grande e alunos do curso de Geografia &#8211; Licenciatura da FURG.<\/span><\/p>\n<p>&nbsp;<\/p>\n<p style=\"text-align: right;\"><em>SMEd<\/em><br \/>\n<em>Roberton Reis<\/em><br \/>\n<em>Com informa\u00e7\u00f5es do N\u00facleo dos Anos Finais<\/em><\/p>\n","protected":false},"excerpt":{"rendered":"<p>A Secretaria de Munic\u00edpio da Educa\u00e7\u00e3o de Rio Grande (SMEd), atrav\u00e9s do N\u00facleo dos Anos Finais do Ensino Fundamental, informa as datas dos pr\u00f3ximos encontros do Projeto de Extens\u00e3o: O ensino de Geografia Escolar atrav\u00e9s do uso de m\u00faltiplas linguagens, promovido pela SMEd, FURG e Laborat\u00f3rio de Pesquisa e Ensino de Geografia \u2013 LAPEG.<\/p>\n","protected":false},"author":7,"featured_media":0,"comment_status":"closed","ping_status":"closed","sticky":false,"template":"","format":"standard","meta":{"footnotes":""},"categories":[1,13],"tags":[],"class_list":["post-26821","post","type-post","status-publish","format-standard","hentry","category-noticias","category-pedagogico"],"_links":{"self":[{"href":"https:\/\/www.riogrande.rs.gov.br\/smed\/index.php?rest_route=\/wp\/v2\/posts\/26821"}],"collection":[{"href":"https:\/\/www.riogrande.rs.gov.br\/smed\/index.php?rest_route=\/wp\/v2\/posts"}],"about":[{"href":"https:\/\/www.riogrande.rs.gov.br\/smed\/index.php?rest_route=\/wp\/v2\/types\/post"}],"author":[{"embeddable":true,"href":"https:\/\/www.riogrande.rs.gov.br\/smed\/index.php?rest_route=\/wp\/v2\/users\/7"}],"replies":[{"embeddable":true,"href":"https:\/\/www.riogrande.rs.gov.br\/smed\/index.php?rest_route=%2Fwp%2Fv2%2Fcomments&post=26821"}],"version-history":[{"count":5,"href":"https:\/\/www.riogrande.rs.gov.br\/smed\/index.php?rest_route=\/wp\/v2\/posts\/26821\/revisions"}],"predecessor-version":[{"id":26826,"href":"https:\/\/www.riogrande.rs.gov.br\/smed\/index.php?rest_route=\/wp\/v2\/posts\/26821\/revisions\/26826"}],"wp:attachment":[{"href":"https:\/\/www.riogrande.rs.gov.br\/smed\/index.php?rest_route=%2Fwp%2Fv2%2Fmedia&parent=26821"}],"wp:term":[{"taxonomy":"category","embeddable":true,"href":"https:\/\/www.riogrande.rs.gov.br\/smed\/index.php?rest_route=%2Fwp%2Fv2%2Fcategories&post=26821"},{"taxonomy":"post_tag","embeddable":true,"href":"https:\/\/www.riogrande.rs.gov.br\/smed\/index.php?rest_route=%2Fwp%2Fv2%2Ftags&post=26821"}],"curies":[{"name":"wp","href":"https:\/\/api.w.org\/{rel}","templated":true}]}}