{"id":26813,"date":"2018-06-08T15:33:00","date_gmt":"2018-06-08T18:33:00","guid":{"rendered":"http:\/\/www.riogrande.rs.gov.br\/smed\/?p=26813"},"modified":"2018-06-08T15:33:00","modified_gmt":"2018-06-08T18:33:00","slug":"prefeito-vistoria-obras-das-futuras-instalacoes-da-emef-professor-valdir-castro","status":"publish","type":"post","link":"https:\/\/www.riogrande.rs.gov.br\/smed\/?p=26813","title":{"rendered":"PREFEITO VISTORIA OBRAS DAS FUTURAS INSTALA\u00c7\u00d5ES DA EMEF PROFESSOR VALDIR CASTRO"},"content":{"rendered":"\n\t\t<style type=\"text\/css\">\n\t\t\t#gallery-1 {\n\t\t\t\tmargin: auto;\n\t\t\t}\n\t\t\t#gallery-1 .gallery-item {\n\t\t\t\tfloat: left;\n\t\t\t\tmargin-top: 10px;\n\t\t\t\ttext-align: center;\n\t\t\t\twidth: 33%;\n\t\t\t}\n\t\t\t#gallery-1 img {\n\t\t\t\tborder: 2px solid #cfcfcf;\n\t\t\t}\n\t\t\t#gallery-1 .gallery-caption {\n\t\t\t\tmargin-left: 0;\n\t\t\t}\n\t\t\t\/* see gallery_shortcode() in wp-includes\/media.php *\/\n\t\t<\/style>\n\t\t<div id='gallery-1' class='gallery galleryid-26813 gallery-columns-3 gallery-size-thumbnail'><dl class='gallery-item'>\n\t\t\t<dt class='gallery-icon landscape'>\n\t\t\t\t<a href='https:\/\/www.riogrande.rs.gov.br\/smed\/wp-content\/uploads\/2018\/06\/20180608-pmrg1.jpg' rel=\"lightbox[26813]\"><img loading=\"lazy\" decoding=\"async\" width=\"150\" height=\"150\" src=\"https:\/\/www.riogrande.rs.gov.br\/smed\/wp-content\/uploads\/2018\/06\/20180608-pmrg1-150x150.jpg\" class=\"attachment-thumbnail size-thumbnail\" alt=\"\" aria-describedby=\"gallery-1-26814\" \/><\/a>\n\t\t\t<\/dt>\n\t\t\t\t<dd class='wp-caption-text gallery-caption' id='gallery-1-26814'>\n\t\t\t\tCr\u00e9dito: Marcos Jatahy\n\t\t\t\t<\/dd><\/dl><dl class='gallery-item'>\n\t\t\t<dt class='gallery-icon landscape'>\n\t\t\t\t<a href='https:\/\/www.riogrande.rs.gov.br\/smed\/wp-content\/uploads\/2018\/06\/20180608-pmrg2.jpg' rel=\"lightbox[26813]\"><img loading=\"lazy\" decoding=\"async\" width=\"150\" height=\"150\" src=\"https:\/\/www.riogrande.rs.gov.br\/smed\/wp-content\/uploads\/2018\/06\/20180608-pmrg2-150x150.jpg\" class=\"attachment-thumbnail size-thumbnail\" alt=\"\" aria-describedby=\"gallery-1-26815\" \/><\/a>\n\t\t\t<\/dt>\n\t\t\t\t<dd class='wp-caption-text gallery-caption' id='gallery-1-26815'>\n\t\t\t\tCr\u00e9dito: Marcos Jatahy\n\t\t\t\t<\/dd><\/dl><dl class='gallery-item'>\n\t\t\t<dt class='gallery-icon landscape'>\n\t\t\t\t<a href='https:\/\/www.riogrande.rs.gov.br\/smed\/wp-content\/uploads\/2018\/06\/20180608-pmrg3.jpg' rel=\"lightbox[26813]\"><img loading=\"lazy\" decoding=\"async\" width=\"150\" height=\"150\" src=\"https:\/\/www.riogrande.rs.gov.br\/smed\/wp-content\/uploads\/2018\/06\/20180608-pmrg3-150x150.jpg\" class=\"attachment-thumbnail size-thumbnail\" alt=\"\" aria-describedby=\"gallery-1-26816\" \/><\/a>\n\t\t\t<\/dt>\n\t\t\t\t<dd class='wp-caption-text gallery-caption' id='gallery-1-26816'>\n\t\t\t\tCr\u00e9dito: Marcos Jatahy\n\t\t\t\t<\/dd><\/dl><br style=\"clear: both\" \/><dl class='gallery-item'>\n\t\t\t<dt class='gallery-icon landscape'>\n\t\t\t\t<a href='https:\/\/www.riogrande.rs.gov.br\/smed\/wp-content\/uploads\/2018\/06\/20180608-pmrg4.jpg' rel=\"lightbox[26813]\"><img loading=\"lazy\" decoding=\"async\" width=\"150\" height=\"150\" src=\"https:\/\/www.riogrande.rs.gov.br\/smed\/wp-content\/uploads\/2018\/06\/20180608-pmrg4-150x150.jpg\" class=\"attachment-thumbnail size-thumbnail\" alt=\"\" aria-describedby=\"gallery-1-26817\" \/><\/a>\n\t\t\t<\/dt>\n\t\t\t\t<dd class='wp-caption-text gallery-caption' id='gallery-1-26817'>\n\t\t\t\tCr\u00e9dito: Marcos Jatahy\n\t\t\t\t<\/dd><\/dl><dl class='gallery-item'>\n\t\t\t<dt class='gallery-icon landscape'>\n\t\t\t\t<a href='https:\/\/www.riogrande.rs.gov.br\/smed\/wp-content\/uploads\/2018\/06\/20180608-pmrg5.jpg' rel=\"lightbox[26813]\"><img loading=\"lazy\" decoding=\"async\" width=\"150\" height=\"150\" src=\"https:\/\/www.riogrande.rs.gov.br\/smed\/wp-content\/uploads\/2018\/06\/20180608-pmrg5-150x150.jpg\" class=\"attachment-thumbnail size-thumbnail\" alt=\"\" aria-describedby=\"gallery-1-26818\" \/><\/a>\n\t\t\t<\/dt>\n\t\t\t\t<dd class='wp-caption-text gallery-caption' id='gallery-1-26818'>\n\t\t\t\tCr\u00e9dito: Marcos Jatahy\n\t\t\t\t<\/dd><\/dl><dl class='gallery-item'>\n\t\t\t<dt class='gallery-icon landscape'>\n\t\t\t\t<a href='https:\/\/www.riogrande.rs.gov.br\/smed\/wp-content\/uploads\/2018\/06\/20180608-pmrg6.jpg' rel=\"lightbox[26813]\"><img loading=\"lazy\" decoding=\"async\" width=\"150\" height=\"150\" src=\"https:\/\/www.riogrande.rs.gov.br\/smed\/wp-content\/uploads\/2018\/06\/20180608-pmrg6-150x150.jpg\" class=\"attachment-thumbnail size-thumbnail\" alt=\"\" aria-describedby=\"gallery-1-26819\" \/><\/a>\n\t\t\t<\/dt>\n\t\t\t\t<dd class='wp-caption-text gallery-caption' id='gallery-1-26819'>\n\t\t\t\tCr\u00e9dito: Marcos Jatahy\n\t\t\t\t<\/dd><\/dl><br style=\"clear: both\" \/>\n\t\t<\/div>\n\n<p style=\"text-align: justify;\">Fonte: <a href=\"http:\/\/www.riogrande.rs.gov.br\/pagina\/index.php\/noticias\/detalhes+3d31e4,,prefeito-vistoria-obras-das-futuras-instalacoes-da-emef-professor-valdir-castro.html#.WxrJlq3OqT-\" target=\"_blank\" rel=\"noopener\"><strong>www.riogrande.rs.gov.br<\/strong><\/a><\/p>\n<p style=\"text-align: justify;\">\nO prefeito municipal, Alexandre Lindenmeyer, vistoriou o canteiro de obras das novas instala\u00e7\u00f5es da Escola Municipal de Tempo Integral Professor Valdir Castro, na manh\u00e3 desta quinta-feira (7).<\/p>\n<p><!--more--><\/p>\n<p style=\"text-align: justify;\">Localizada no bairro Santa Rosa, o novo equipamento p\u00fablico do munic\u00edpio ir\u00e1 acolher 175 crian\u00e7as e adolescentes em uma ampla estrutura com tr\u00eas blocos de salas de aula, somando um total de 12. A escola contar\u00e1, ainda, com quadra de esportes, p\u00e1tio coberto, cozinha, refeit\u00f3rio, biblioteca, laborat\u00f3rios e um espa\u00e7o para acomodar o Gr\u00eamio Estudantil da institui\u00e7\u00e3o de ensino. O investimento \u00e9 de R$ 3.276.554, com recursos oriundos do Fundo Nacional de Desenvolvimento da Educa\u00e7\u00e3o (FNDE), do governo federal.<\/p>\n<p style=\"text-align: justify;\">De acordo com a engenheira respons\u00e1vel pela obra, Simone Delanoy, a previs\u00e3o \u00e9 de que o pr\u00e9dio seja entregue nos pr\u00f3ximos quatro meses. \u201c<strong>J\u00e1 estamos na fase de acabamentos, com a coloca\u00e7\u00e3o de pisos, esquadrias, vidros, conclus\u00e3o de sanit\u00e1rios e demais ajustes que ainda ser\u00e3o necess\u00e1rios. Tudo dentro do previsto para o acabamento<\/strong>\u201d, disse. A diretora da escola, Gra\u00e7a Berndt, aguarda com muita expectativa a inaugura\u00e7\u00e3o do novo espa\u00e7o de ensino. Segundo ela, ser\u00e1 uma grande conquista para a comunidade escolar, repercutindo na qualidade do ensino e no aprendizado dos estudantes.<\/p>\n<p style=\"text-align: justify;\">O prefeito Alexandre, tamb\u00e9m destacou o avan\u00e7o das obras, que devem beneficiar n\u00e3o apenas os moradores do bairro Santa Rosa, mas tamb\u00e9m as comunidades do entorno. \u201c<strong>Estou extremamente feliz, principalmente, pela oportunidade de ver uma obra deste porte estar muito pr\u00f3ximo da sua conclus\u00e3o. Um equipamento p\u00fablico de ensino amplo, qualificado, que ir\u00e1 servir para integra\u00e7\u00e3o escolar das nossas comunidades<\/strong>\u201d, avaliou o Chefe do Executivo.<\/p>\n<p style=\"text-align: justify;\">Participaram da agenda, ainda, a Chefe de Gabinete do Secret\u00e1rio Andr\u00e9 Lemes, Adriana Carvalho, e a Superintendente de Gest\u00e3o da Educa\u00e7\u00e3o da SMEd, Vanessa Pintanael.<\/p>\n","protected":false},"excerpt":{"rendered":"<p>Fonte: www.riogrande.rs.gov.br O prefeito municipal, Alexandre Lindenmeyer, vistoriou o canteiro de obras das novas instala\u00e7\u00f5es da Escola Municipal de Tempo Integral Professor Valdir Castro, na manh\u00e3 desta quinta-feira (7).<\/p>\n","protected":false},"author":7,"featured_media":0,"comment_status":"closed","ping_status":"closed","sticky":false,"template":"","format":"standard","meta":{"footnotes":""},"categories":[1],"tags":[],"class_list":["post-26813","post","type-post","status-publish","format-standard","hentry","category-noticias"],"_links":{"self":[{"href":"https:\/\/www.riogrande.rs.gov.br\/smed\/index.php?rest_route=\/wp\/v2\/posts\/26813"}],"collection":[{"href":"https:\/\/www.riogrande.rs.gov.br\/smed\/index.php?rest_route=\/wp\/v2\/posts"}],"about":[{"href":"https:\/\/www.riogrande.rs.gov.br\/smed\/index.php?rest_route=\/wp\/v2\/types\/post"}],"author":[{"embeddable":true,"href":"https:\/\/www.riogrande.rs.gov.br\/smed\/index.php?rest_route=\/wp\/v2\/users\/7"}],"replies":[{"embeddable":true,"href":"https:\/\/www.riogrande.rs.gov.br\/smed\/index.php?rest_route=%2Fwp%2Fv2%2Fcomments&post=26813"}],"version-history":[{"count":1,"href":"https:\/\/www.riogrande.rs.gov.br\/smed\/index.php?rest_route=\/wp\/v2\/posts\/26813\/revisions"}],"predecessor-version":[{"id":26820,"href":"https:\/\/www.riogrande.rs.gov.br\/smed\/index.php?rest_route=\/wp\/v2\/posts\/26813\/revisions\/26820"}],"wp:attachment":[{"href":"https:\/\/www.riogrande.rs.gov.br\/smed\/index.php?rest_route=%2Fwp%2Fv2%2Fmedia&parent=26813"}],"wp:term":[{"taxonomy":"category","embeddable":true,"href":"https:\/\/www.riogrande.rs.gov.br\/smed\/index.php?rest_route=%2Fwp%2Fv2%2Fcategories&post=26813"},{"taxonomy":"post_tag","embeddable":true,"href":"https:\/\/www.riogrande.rs.gov.br\/smed\/index.php?rest_route=%2Fwp%2Fv2%2Ftags&post=26813"}],"curies":[{"name":"wp","href":"https:\/\/api.w.org\/{rel}","templated":true}]}}