{"id":26794,"date":"2018-06-07T15:51:48","date_gmt":"2018-06-07T18:51:48","guid":{"rendered":"http:\/\/www.riogrande.rs.gov.br\/smed\/?p=26794"},"modified":"2018-06-07T15:51:48","modified_gmt":"2018-06-07T18:51:48","slug":"smed-lanca-o-projeto-leitura-no-caminho-para-a-escola","status":"publish","type":"post","link":"https:\/\/www.riogrande.rs.gov.br\/smed\/?p=26794","title":{"rendered":"SMEd lan\u00e7a o Projeto &#8220;Leitura no Caminho para a Escola\u201d"},"content":{"rendered":"\n\t\t<style type=\"text\/css\">\n\t\t\t#gallery-1 {\n\t\t\t\tmargin: auto;\n\t\t\t}\n\t\t\t#gallery-1 .gallery-item {\n\t\t\t\tfloat: left;\n\t\t\t\tmargin-top: 10px;\n\t\t\t\ttext-align: center;\n\t\t\t\twidth: 33%;\n\t\t\t}\n\t\t\t#gallery-1 img {\n\t\t\t\tborder: 2px solid #cfcfcf;\n\t\t\t}\n\t\t\t#gallery-1 .gallery-caption {\n\t\t\t\tmargin-left: 0;\n\t\t\t}\n\t\t\t\/* see gallery_shortcode() in wp-includes\/media.php *\/\n\t\t<\/style>\n\t\t<div id='gallery-1' class='gallery galleryid-26794 gallery-columns-3 gallery-size-thumbnail'><dl class='gallery-item'>\n\t\t\t<dt class='gallery-icon landscape'>\n\t\t\t\t<a href='https:\/\/www.riogrande.rs.gov.br\/smed\/wp-content\/uploads\/2018\/06\/20180607-ped-image1.jpg' rel=\"lightbox[26794]\"><img loading=\"lazy\" decoding=\"async\" width=\"150\" height=\"150\" src=\"https:\/\/www.riogrande.rs.gov.br\/smed\/wp-content\/uploads\/2018\/06\/20180607-ped-image1-150x150.jpg\" class=\"attachment-thumbnail size-thumbnail\" alt=\"\" aria-describedby=\"gallery-1-26795\" \/><\/a>\n\t\t\t<\/dt>\n\t\t\t\t<dd class='wp-caption-text gallery-caption' id='gallery-1-26795'>\n\t\t\t\tDivulga\u00e7\u00e3o\n\t\t\t\t<\/dd><\/dl><dl class='gallery-item'>\n\t\t\t<dt class='gallery-icon landscape'>\n\t\t\t\t<a href='https:\/\/www.riogrande.rs.gov.br\/smed\/wp-content\/uploads\/2018\/06\/20180607-ped-image2.jpg' rel=\"lightbox[26794]\"><img loading=\"lazy\" decoding=\"async\" width=\"150\" height=\"150\" src=\"https:\/\/www.riogrande.rs.gov.br\/smed\/wp-content\/uploads\/2018\/06\/20180607-ped-image2-150x150.jpg\" class=\"attachment-thumbnail size-thumbnail\" alt=\"\" aria-describedby=\"gallery-1-26796\" \/><\/a>\n\t\t\t<\/dt>\n\t\t\t\t<dd class='wp-caption-text gallery-caption' id='gallery-1-26796'>\n\t\t\t\tDivulga\u00e7\u00e3o\n\t\t\t\t<\/dd><\/dl><dl class='gallery-item'>\n\t\t\t<dt class='gallery-icon landscape'>\n\t\t\t\t<a href='https:\/\/www.riogrande.rs.gov.br\/smed\/wp-content\/uploads\/2018\/06\/20180607-ped-image3.jpg' rel=\"lightbox[26794]\"><img loading=\"lazy\" decoding=\"async\" width=\"150\" height=\"150\" src=\"https:\/\/www.riogrande.rs.gov.br\/smed\/wp-content\/uploads\/2018\/06\/20180607-ped-image3-150x150.jpg\" class=\"attachment-thumbnail size-thumbnail\" alt=\"\" aria-describedby=\"gallery-1-26797\" \/><\/a>\n\t\t\t<\/dt>\n\t\t\t\t<dd class='wp-caption-text gallery-caption' id='gallery-1-26797'>\n\t\t\t\tDivulga\u00e7\u00e3o\n\t\t\t\t<\/dd><\/dl><br style=\"clear: both\" \/><dl class='gallery-item'>\n\t\t\t<dt class='gallery-icon portrait'>\n\t\t\t\t<a href='https:\/\/www.riogrande.rs.gov.br\/smed\/wp-content\/uploads\/2018\/06\/20180607-ped-image4.jpg' rel=\"lightbox[26794]\"><img loading=\"lazy\" decoding=\"async\" width=\"150\" height=\"150\" src=\"https:\/\/www.riogrande.rs.gov.br\/smed\/wp-content\/uploads\/2018\/06\/20180607-ped-image4-150x150.jpg\" class=\"attachment-thumbnail size-thumbnail\" alt=\"\" aria-describedby=\"gallery-1-26798\" \/><\/a>\n\t\t\t<\/dt>\n\t\t\t\t<dd class='wp-caption-text gallery-caption' id='gallery-1-26798'>\n\t\t\t\tDivulga\u00e7\u00e3o\n\t\t\t\t<\/dd><\/dl><dl class='gallery-item'>\n\t\t\t<dt class='gallery-icon landscape'>\n\t\t\t\t<a href='https:\/\/www.riogrande.rs.gov.br\/smed\/wp-content\/uploads\/2018\/06\/20180607-ped-image5.jpg' rel=\"lightbox[26794]\"><img loading=\"lazy\" decoding=\"async\" width=\"150\" height=\"150\" src=\"https:\/\/www.riogrande.rs.gov.br\/smed\/wp-content\/uploads\/2018\/06\/20180607-ped-image5-150x150.jpg\" class=\"attachment-thumbnail size-thumbnail\" alt=\"\" aria-describedby=\"gallery-1-26799\" \/><\/a>\n\t\t\t<\/dt>\n\t\t\t\t<dd class='wp-caption-text gallery-caption' id='gallery-1-26799'>\n\t\t\t\tDivulga\u00e7\u00e3o\n\t\t\t\t<\/dd><\/dl><dl class='gallery-item'>\n\t\t\t<dt class='gallery-icon portrait'>\n\t\t\t\t<a href='https:\/\/www.riogrande.rs.gov.br\/smed\/wp-content\/uploads\/2018\/06\/20180607-ped-image6.jpg' rel=\"lightbox[26794]\"><img loading=\"lazy\" decoding=\"async\" width=\"150\" height=\"150\" src=\"https:\/\/www.riogrande.rs.gov.br\/smed\/wp-content\/uploads\/2018\/06\/20180607-ped-image6-150x150.jpg\" class=\"attachment-thumbnail size-thumbnail\" alt=\"\" aria-describedby=\"gallery-1-26800\" \/><\/a>\n\t\t\t<\/dt>\n\t\t\t\t<dd class='wp-caption-text gallery-caption' id='gallery-1-26800'>\n\t\t\t\tDivulga\u00e7\u00e3o\n\t\t\t\t<\/dd><\/dl><br style=\"clear: both\" \/><dl class='gallery-item'>\n\t\t\t<dt class='gallery-icon landscape'>\n\t\t\t\t<a href='https:\/\/www.riogrande.rs.gov.br\/smed\/wp-content\/uploads\/2018\/06\/20180607-ped-image7.jpg' rel=\"lightbox[26794]\"><img loading=\"lazy\" decoding=\"async\" width=\"150\" height=\"150\" src=\"https:\/\/www.riogrande.rs.gov.br\/smed\/wp-content\/uploads\/2018\/06\/20180607-ped-image7-150x150.jpg\" class=\"attachment-thumbnail size-thumbnail\" alt=\"\" aria-describedby=\"gallery-1-26801\" \/><\/a>\n\t\t\t<\/dt>\n\t\t\t\t<dd class='wp-caption-text gallery-caption' id='gallery-1-26801'>\n\t\t\t\tDivulga\u00e7\u00e3o\n\t\t\t\t<\/dd><\/dl><dl class='gallery-item'>\n\t\t\t<dt class='gallery-icon landscape'>\n\t\t\t\t<a href='https:\/\/www.riogrande.rs.gov.br\/smed\/wp-content\/uploads\/2018\/06\/20180607-ped-image8.jpg' rel=\"lightbox[26794]\"><img loading=\"lazy\" decoding=\"async\" width=\"150\" height=\"150\" src=\"https:\/\/www.riogrande.rs.gov.br\/smed\/wp-content\/uploads\/2018\/06\/20180607-ped-image8-150x150.jpg\" class=\"attachment-thumbnail size-thumbnail\" alt=\"\" aria-describedby=\"gallery-1-26802\" \/><\/a>\n\t\t\t<\/dt>\n\t\t\t\t<dd class='wp-caption-text gallery-caption' id='gallery-1-26802'>\n\t\t\t\tDivulga\u00e7\u00e3o\n\t\t\t\t<\/dd><\/dl><dl class='gallery-item'>\n\t\t\t<dt class='gallery-icon landscape'>\n\t\t\t\t<a href='https:\/\/www.riogrande.rs.gov.br\/smed\/wp-content\/uploads\/2018\/06\/20180607-ped-image9.jpg' rel=\"lightbox[26794]\"><img loading=\"lazy\" decoding=\"async\" width=\"150\" height=\"150\" src=\"https:\/\/www.riogrande.rs.gov.br\/smed\/wp-content\/uploads\/2018\/06\/20180607-ped-image9-150x150.jpg\" class=\"attachment-thumbnail size-thumbnail\" alt=\"\" aria-describedby=\"gallery-1-26803\" \/><\/a>\n\t\t\t<\/dt>\n\t\t\t\t<dd class='wp-caption-text gallery-caption' id='gallery-1-26803'>\n\t\t\t\tDivulga\u00e7\u00e3o\n\t\t\t\t<\/dd><\/dl><br style=\"clear: both\" \/>\n\t\t<\/div>\n\n<p style=\"text-align: justify;\">A Secretaria de Munic\u00edpio da Educa\u00e7\u00e3o de Rio Grande (SMEd), atrav\u00e9s da parceria entre o N\u00facleo de Bibliotecas e o N\u00facleo de Transporte Escolar, abra\u00e7ou uma ideia que surgiu em um dos \u00f4nibus do transporte escolar da rede municipal e lan\u00e7ou, no dia <b>17 de maio<\/b>, no Sobrado dos Azulejos, \u00a0o \u201c<b>Projeto de Leitura no Caminha para a Escola<\/b>\u201d.<\/p>\n<p style=\"text-align: justify;\"><!--more--><\/p>\n<p>&nbsp;<\/p>\n<p style=\"text-align: justify;\">Como a ideia j\u00e1 est\u00e1 sendo multiplicada em outras linhas, como Cassino, Povo Novo e Quinta, a SMEd realizou uma forma\u00e7\u00e3o e, na oportunidade, entregou \u201c<b>Caixas Pedag\u00f3gicas<\/b>\u201d confeccionadas pelas assessoras do N\u00facleo de Bibliotecas aos motoristas e monitores dos \u00f4nibus que est\u00e3o incentivando o h\u00e1bito de leitura. O N\u00facleo tamb\u00e9m est\u00e1 dando suporte material e pedag\u00f3gico, atrav\u00e9s da disponibiliza\u00e7\u00e3o dos livros.<\/p>\n<p style=\"text-align: justify;\">A ideia surgiu em 2017, no \u00f4nibus escolar prefixo 06, que atende alunos das Escolas Municipais Ana Nery (Bolaxa), D\u00e9borah Thom\u00e9 Say\u00e3o (Bolaxa), Humberto de Campos (Senandes), Manoel Martins Mano (Parque S\u00e3o Pedro), Marilia Rodrigues Santos (Boa Vista) e Zenir de Souza Braga (Trevo), que utilizam o \u00f4nibus escolar, quando a monitora Rosane Costa e o motorista M\u00e1rcio Medina resolveram presentear, com livros infantis, dois estudantes do transporte que estavam de anivers\u00e1rio.<\/p>\n<p style=\"text-align: justify;\">\u201c<b>Percebi, ent\u00e3o, um enorme interesse dos demais alunos no momento em que os livros foram entregues. Ouvi falas do tipo \u2018tia, tamb\u00e9m quero ganhar livros\u2019 ou \u2018compra para mim tamb\u00e9m\u201d. Ent\u00e3o pensei: por que n\u00e3o incentivar algo t\u00e3o construtivo? No dia seguinte, conversei com eles sobre o assunto e perguntei se eles gostariam de montar comigo um cantinho no nosso \u00f4nibus para os livros, onde todos teriam oportunidade de ler<\/b>\u201d, explicou Rosane.<\/p>\n<p style=\"text-align: justify;\">E, assim, a monitora confeccionou a \u201c<b>Caixa Biblioteca<\/b>\u201d, que contou com a ajuda e parceria de pais de alunos, que doaram livros novos e usados e, tamb\u00e9m, de algumas diretoras das escolas que fazem parte da linha atendida pelo \u00f4nibus prefixo 05. \u201c<b>Aos poucos, todas nossas ideias e desejos viraram realidade. Para mim, \u00a0\u00e9 muito gratificante ver que um simples gesto de carinho incentivou meus pequenos a algo t\u00e3o grandioso que \u00e9 o h\u00e1bito a leitura<\/b>\u201d, afirmou a monitora Rosane Costa.<\/p>\n<p style=\"text-align: justify;\">De acordo com Rosane, \u201c<b>\u00e9 maravilhoso observar os alunos contando e comentando sobre os livros, usando muitas vezes a imagina\u00e7\u00e3o, principalmente os da pr\u00e9-escola. Nossas viagens s\u00e3o repletas de hist\u00f3rias, pois temos todos os tipos de leitores: os mais concentrados, os contadores de hist\u00f3rias, os admiradores das gravuras e os criativos, que contam toda hist\u00f3ria s\u00f3 contemplando a capa . Tamb\u00e9m \u00e9 muito bom poder incentivar, com a troca de experi\u00eancias, minhas colegas monitoras, que adoraram e adotaram a ideia por ser tamb\u00e9m uma vontade que elas j\u00e1 tinham<\/b>\u201d.<\/p>\n<p style=\"text-align: right;\">\n<p style=\"text-align: right;\"><em>SMEd<\/em><br \/>\n<em>Roberton Reis<\/em><\/p>\n","protected":false},"excerpt":{"rendered":"<p>A Secretaria de Munic\u00edpio da Educa\u00e7\u00e3o de Rio Grande (SMEd), atrav\u00e9s da parceria entre o N\u00facleo de Bibliotecas e o N\u00facleo de Transporte Escolar, abra\u00e7ou uma ideia que surgiu em um dos \u00f4nibus do transporte escolar da rede municipal e lan\u00e7ou, no dia 17 de maio, no Sobrado dos Azulejos, \u00a0o \u201cProjeto de Leitura no [&hellip;]<\/p>\n","protected":false},"author":7,"featured_media":0,"comment_status":"closed","ping_status":"closed","sticky":false,"template":"","format":"standard","meta":{"footnotes":""},"categories":[1,13],"tags":[],"class_list":["post-26794","post","type-post","status-publish","format-standard","hentry","category-noticias","category-pedagogico"],"_links":{"self":[{"href":"https:\/\/www.riogrande.rs.gov.br\/smed\/index.php?rest_route=\/wp\/v2\/posts\/26794"}],"collection":[{"href":"https:\/\/www.riogrande.rs.gov.br\/smed\/index.php?rest_route=\/wp\/v2\/posts"}],"about":[{"href":"https:\/\/www.riogrande.rs.gov.br\/smed\/index.php?rest_route=\/wp\/v2\/types\/post"}],"author":[{"embeddable":true,"href":"https:\/\/www.riogrande.rs.gov.br\/smed\/index.php?rest_route=\/wp\/v2\/users\/7"}],"replies":[{"embeddable":true,"href":"https:\/\/www.riogrande.rs.gov.br\/smed\/index.php?rest_route=%2Fwp%2Fv2%2Fcomments&post=26794"}],"version-history":[{"count":1,"href":"https:\/\/www.riogrande.rs.gov.br\/smed\/index.php?rest_route=\/wp\/v2\/posts\/26794\/revisions"}],"predecessor-version":[{"id":26804,"href":"https:\/\/www.riogrande.rs.gov.br\/smed\/index.php?rest_route=\/wp\/v2\/posts\/26794\/revisions\/26804"}],"wp:attachment":[{"href":"https:\/\/www.riogrande.rs.gov.br\/smed\/index.php?rest_route=%2Fwp%2Fv2%2Fmedia&parent=26794"}],"wp:term":[{"taxonomy":"category","embeddable":true,"href":"https:\/\/www.riogrande.rs.gov.br\/smed\/index.php?rest_route=%2Fwp%2Fv2%2Fcategories&post=26794"},{"taxonomy":"post_tag","embeddable":true,"href":"https:\/\/www.riogrande.rs.gov.br\/smed\/index.php?rest_route=%2Fwp%2Fv2%2Ftags&post=26794"}],"curies":[{"name":"wp","href":"https:\/\/api.w.org\/{rel}","templated":true}]}}