{"id":26778,"date":"2018-06-06T16:56:56","date_gmt":"2018-06-06T19:56:56","guid":{"rendered":"http:\/\/www.riogrande.rs.gov.br\/smed\/?p=26778"},"modified":"2018-06-06T16:56:56","modified_gmt":"2018-06-06T19:56:56","slug":"galeria-breche-da-ebahl-recebe-exposicao-do-artista-daniel-tomasi","status":"publish","type":"post","link":"https:\/\/www.riogrande.rs.gov.br\/smed\/?p=26778","title":{"rendered":"Galeria Breche da EBAHL recebe Exposi\u00e7\u00e3o do Artista Daniel Tomasi"},"content":{"rendered":"<p style=\"text-align: justify;\">No pr\u00f3ximo dia <b>07 de junho<\/b>, quinta-feira, \u00e0s <b>19h<\/b>, a Galeria Breche da Escola de Belas Artes Heitor de Lemos (EBAHL) estar\u00e1 realizando <i>vernissage<\/i> do artista pl\u00e1stico\/arte-educador Daniel Tomasi, que tamb\u00e9m \u00e9 bacharel em Pintura e Gravura pela UFPEL, especialista em sa\u00fade mental, tendo participado de exposi\u00e7\u00f5es, sal\u00f5es e mostras de arte desde 1983.<\/p>\n<p style=\"text-align: justify;\"><!--more--><\/p>\n<p style=\"text-align: justify;\">\n<p style=\"text-align: justify;\">Daniel \u00e9 o executor de in\u00fameros projetos, entre eles o \u201cAtelier Livre do Espa\u00e7o Cultural Caminho do Meio\u201d, na cidade de Farroupilha; o \u201cAtelier Livre de Artes do CAPS 1\u201d, em Os\u00f3rio; e o \u201cCorredor dos Sentidos da APAE\u201d, tamb\u00e9m em Os\u00f3rio.<\/p>\n<p style=\"text-align: justify;\">A exposi\u00e7\u00e3o que ser\u00e1 apresentada na Galeria Breche \u00e9 por ele chamada de Instala\u00e7\u00e3o\/Ambienta\u00e7\u00e3o \u201cARTE@URGENTE\u201d, e apresenta desenhos, pinturas e objetos que convidam o espectador a questionar-se e participar ativamente sobre as poss\u00edveis utilidades da arte para uma atitude de colabora\u00e7\u00e3o para construir e reivindicar para esta ou qualquer outra gera\u00e7\u00e3o \u201co direito de existir, de ocupar um espa\u00e7o, de ser lido individualmente, de ter sua obra identificada\u201d. \u00c9 pela arte que Daniel faz um convite para que as pessoas venham se manifestar e colocar seu recado para o mundo. Seu trabalho \u00e9 um alerta que busca chamar a aten\u00e7\u00e3o para a rela\u00e7\u00e3o homem\/objeto\/espa\u00e7o.<\/p>\n<p style=\"text-align: justify;\">A Exposi\u00e7\u00e3o estar\u00e1 aberta \u00e0 visita\u00e7\u00e3o de <b>08 a 26 de junho<\/b>, <b>das 8h \u00e0s 20h<\/b>, na Galeria da EBAHL, que est\u00e1 localizada na rua Jockey Club,194.<\/p>\n<p style=\"text-align: right;\"><em>SMEd<\/em><br \/>\n<em>Roberton Reis<\/em><br \/>\n<em>Com informa\u00e7\u00f5es da EBAHL<\/em><\/p>\n","protected":false},"excerpt":{"rendered":"<p>No pr\u00f3ximo dia 07 de junho, quinta-feira, \u00e0s 19h, a Galeria Breche da Escola de Belas Artes Heitor de Lemos (EBAHL) estar\u00e1 realizando vernissage do artista pl\u00e1stico\/arte-educador Daniel Tomasi, que tamb\u00e9m \u00e9 bacharel em Pintura e Gravura pela UFPEL, especialista em sa\u00fade mental, tendo participado de exposi\u00e7\u00f5es, sal\u00f5es e mostras de arte desde 1983.<\/p>\n","protected":false},"author":7,"featured_media":0,"comment_status":"closed","ping_status":"closed","sticky":false,"template":"","format":"standard","meta":{"footnotes":""},"categories":[1],"tags":[],"class_list":["post-26778","post","type-post","status-publish","format-standard","hentry","category-noticias"],"_links":{"self":[{"href":"https:\/\/www.riogrande.rs.gov.br\/smed\/index.php?rest_route=\/wp\/v2\/posts\/26778"}],"collection":[{"href":"https:\/\/www.riogrande.rs.gov.br\/smed\/index.php?rest_route=\/wp\/v2\/posts"}],"about":[{"href":"https:\/\/www.riogrande.rs.gov.br\/smed\/index.php?rest_route=\/wp\/v2\/types\/post"}],"author":[{"embeddable":true,"href":"https:\/\/www.riogrande.rs.gov.br\/smed\/index.php?rest_route=\/wp\/v2\/users\/7"}],"replies":[{"embeddable":true,"href":"https:\/\/www.riogrande.rs.gov.br\/smed\/index.php?rest_route=%2Fwp%2Fv2%2Fcomments&post=26778"}],"version-history":[{"count":1,"href":"https:\/\/www.riogrande.rs.gov.br\/smed\/index.php?rest_route=\/wp\/v2\/posts\/26778\/revisions"}],"predecessor-version":[{"id":26779,"href":"https:\/\/www.riogrande.rs.gov.br\/smed\/index.php?rest_route=\/wp\/v2\/posts\/26778\/revisions\/26779"}],"wp:attachment":[{"href":"https:\/\/www.riogrande.rs.gov.br\/smed\/index.php?rest_route=%2Fwp%2Fv2%2Fmedia&parent=26778"}],"wp:term":[{"taxonomy":"category","embeddable":true,"href":"https:\/\/www.riogrande.rs.gov.br\/smed\/index.php?rest_route=%2Fwp%2Fv2%2Fcategories&post=26778"},{"taxonomy":"post_tag","embeddable":true,"href":"https:\/\/www.riogrande.rs.gov.br\/smed\/index.php?rest_route=%2Fwp%2Fv2%2Ftags&post=26778"}],"curies":[{"name":"wp","href":"https:\/\/api.w.org\/{rel}","templated":true}]}}