{"id":26772,"date":"2018-06-06T13:13:45","date_gmt":"2018-06-06T16:13:45","guid":{"rendered":"http:\/\/www.riogrande.rs.gov.br\/smed\/?p=26772"},"modified":"2018-06-06T13:13:45","modified_gmt":"2018-06-06T16:13:45","slug":"emef-luiza-tavares-schimidt-recebeu-oficina-de-matematica-promovida-pela-smed","status":"publish","type":"post","link":"https:\/\/www.riogrande.rs.gov.br\/smed\/?p=26772","title":{"rendered":"EMEF Luiza Tavares Schimidt recebeu \u201cOficina de Matem\u00e1tica\u201d promovida pela SMEd"},"content":{"rendered":"\n\t\t<style type=\"text\/css\">\n\t\t\t#gallery-1 {\n\t\t\t\tmargin: auto;\n\t\t\t}\n\t\t\t#gallery-1 .gallery-item {\n\t\t\t\tfloat: left;\n\t\t\t\tmargin-top: 10px;\n\t\t\t\ttext-align: center;\n\t\t\t\twidth: 50%;\n\t\t\t}\n\t\t\t#gallery-1 img {\n\t\t\t\tborder: 2px solid #cfcfcf;\n\t\t\t}\n\t\t\t#gallery-1 .gallery-caption {\n\t\t\t\tmargin-left: 0;\n\t\t\t}\n\t\t\t\/* see gallery_shortcode() in wp-includes\/media.php *\/\n\t\t<\/style>\n\t\t<div id='gallery-1' class='gallery galleryid-26772 gallery-columns-2 gallery-size-thumbnail'><dl class='gallery-item'>\n\t\t\t<dt class='gallery-icon landscape'>\n\t\t\t\t<a href='https:\/\/www.riogrande.rs.gov.br\/smed\/wp-content\/uploads\/2018\/06\/20180606-ped-tavares-image1.jpg' rel=\"lightbox[26772]\"><img loading=\"lazy\" decoding=\"async\" width=\"150\" height=\"150\" src=\"https:\/\/www.riogrande.rs.gov.br\/smed\/wp-content\/uploads\/2018\/06\/20180606-ped-tavares-image1-150x150.jpg\" class=\"attachment-thumbnail size-thumbnail\" alt=\"\" aria-describedby=\"gallery-1-26773\" \/><\/a>\n\t\t\t<\/dt>\n\t\t\t\t<dd class='wp-caption-text gallery-caption' id='gallery-1-26773'>\n\t\t\t\tCr\u00e9dito: Vivian Gon\u00e7alves Paes\n\t\t\t\t<\/dd><\/dl><dl class='gallery-item'>\n\t\t\t<dt class='gallery-icon landscape'>\n\t\t\t\t<a href='https:\/\/www.riogrande.rs.gov.br\/smed\/wp-content\/uploads\/2018\/06\/20180606-ped-tavares-image2.jpg' rel=\"lightbox[26772]\"><img loading=\"lazy\" decoding=\"async\" width=\"150\" height=\"150\" src=\"https:\/\/www.riogrande.rs.gov.br\/smed\/wp-content\/uploads\/2018\/06\/20180606-ped-tavares-image2-150x150.jpg\" class=\"attachment-thumbnail size-thumbnail\" alt=\"\" aria-describedby=\"gallery-1-26774\" \/><\/a>\n\t\t\t<\/dt>\n\t\t\t\t<dd class='wp-caption-text gallery-caption' id='gallery-1-26774'>\n\t\t\t\tCr\u00e9dito: Vivian Gon\u00e7alves Paes\n\t\t\t\t<\/dd><\/dl><br style=\"clear: both\" \/><dl class='gallery-item'>\n\t\t\t<dt class='gallery-icon landscape'>\n\t\t\t\t<a href='https:\/\/www.riogrande.rs.gov.br\/smed\/wp-content\/uploads\/2018\/06\/20180606-ped-tavares-image3.jpg' rel=\"lightbox[26772]\"><img loading=\"lazy\" decoding=\"async\" width=\"150\" height=\"150\" src=\"https:\/\/www.riogrande.rs.gov.br\/smed\/wp-content\/uploads\/2018\/06\/20180606-ped-tavares-image3-150x150.jpg\" class=\"attachment-thumbnail size-thumbnail\" alt=\"\" aria-describedby=\"gallery-1-26775\" \/><\/a>\n\t\t\t<\/dt>\n\t\t\t\t<dd class='wp-caption-text gallery-caption' id='gallery-1-26775'>\n\t\t\t\tCr\u00e9dito: Vivian Gon\u00e7alves Paes\n\t\t\t\t<\/dd><\/dl><dl class='gallery-item'>\n\t\t\t<dt class='gallery-icon landscape'>\n\t\t\t\t<a href='https:\/\/www.riogrande.rs.gov.br\/smed\/wp-content\/uploads\/2018\/06\/20180606-ped-tavares-image4.jpg' rel=\"lightbox[26772]\"><img loading=\"lazy\" decoding=\"async\" width=\"150\" height=\"150\" src=\"https:\/\/www.riogrande.rs.gov.br\/smed\/wp-content\/uploads\/2018\/06\/20180606-ped-tavares-image4-150x150.jpg\" class=\"attachment-thumbnail size-thumbnail\" alt=\"\" aria-describedby=\"gallery-1-26776\" \/><\/a>\n\t\t\t<\/dt>\n\t\t\t\t<dd class='wp-caption-text gallery-caption' id='gallery-1-26776'>\n\t\t\t\tCr\u00e9dito: Vivian Gon\u00e7alves Paes\n\t\t\t\t<\/dd><\/dl><br style=\"clear: both\" \/>\n\t\t<\/div>\n\n<p style=\"text-align: justify;\">A Escola Municipal de Ensino Fundamental <b>Luiza Tavares Schimidt<\/b>, na localidade do Barro Vermelho, Povo Novo, recebeu na \u00faltima ter\u00e7a-feira, dia <b>05 de junho<\/b>, a \u201c<b>Oficina de Matem\u00e1tica<\/b>\u201d, que \u00e9 desenvolvida pela Secretaria de Munic\u00edpio da Educa\u00e7\u00e3o de Rio Grande (SMEd), atrav\u00e9s das professoras D\u00e9bora Pedroso Porto, Assessora do N\u00facleo de Educa\u00e7\u00e3o do Campo; e Leyza Duarte, Assessora do N\u00facleo dos Anos Iniciais do Ensino Fundamental, acompanhadas pela Assessora do N\u00facleo de Gest\u00e3o, Claudionara Silveira de Carvalho.<\/p>\n<p style=\"text-align: justify;\"><!--more--><\/p>\n<p style=\"text-align: justify;\">\n<p style=\"text-align: justify;\">De acordo com a diretora da Escola, Vivian Gon\u00e7alves Paes, todos os educandos do Anos Iniciais, juntamente de suas professoras, Mari Maia e Iara Martinez, trabalharam com o material dourado, ouviram hist\u00f3rias Matem\u00e1ticas e participaram de atividades l\u00fadicas.<\/p>\n<p style=\"text-align: justify;\">&#8220;<b>Por meio da manipula\u00e7\u00e3o do material dourado \u00e9 poss\u00edvel que o educando, de forma concreta, assimile os diversos conceitos matem\u00e1ticos. Desta forma, as rela\u00e7\u00f5es num\u00e9ricas abstratas passam a ter uma imagem concreta, facilitando a compreens\u00e3o e desenvolvendo o racioc\u00ednio de forma l\u00fadica e prazerosa<\/b>&#8220;, explicou a diretora Vivian.<\/p>\n<p>&nbsp;<\/p>\n<p style=\"text-align: right;\"><em>SMEd<\/em><br \/>\n<em>Roberton Rei<\/em><br \/>\n<em>Com informa\u00e7\u00f5es da EMEF Luiza Tavares Schimidt<\/em><\/p>\n","protected":false},"excerpt":{"rendered":"<p>A Escola Municipal de Ensino Fundamental Luiza Tavares Schimidt, na localidade do Barro Vermelho, Povo Novo, recebeu na \u00faltima ter\u00e7a-feira, dia 05 de junho, a \u201cOficina de Matem\u00e1tica\u201d, que \u00e9 desenvolvida pela Secretaria de Munic\u00edpio da Educa\u00e7\u00e3o de Rio Grande (SMEd), atrav\u00e9s das professoras D\u00e9bora Pedroso Porto, Assessora do N\u00facleo de Educa\u00e7\u00e3o do Campo; e [&hellip;]<\/p>\n","protected":false},"author":7,"featured_media":0,"comment_status":"closed","ping_status":"closed","sticky":false,"template":"","format":"standard","meta":{"footnotes":""},"categories":[1,13],"tags":[],"class_list":["post-26772","post","type-post","status-publish","format-standard","hentry","category-noticias","category-pedagogico"],"_links":{"self":[{"href":"https:\/\/www.riogrande.rs.gov.br\/smed\/index.php?rest_route=\/wp\/v2\/posts\/26772"}],"collection":[{"href":"https:\/\/www.riogrande.rs.gov.br\/smed\/index.php?rest_route=\/wp\/v2\/posts"}],"about":[{"href":"https:\/\/www.riogrande.rs.gov.br\/smed\/index.php?rest_route=\/wp\/v2\/types\/post"}],"author":[{"embeddable":true,"href":"https:\/\/www.riogrande.rs.gov.br\/smed\/index.php?rest_route=\/wp\/v2\/users\/7"}],"replies":[{"embeddable":true,"href":"https:\/\/www.riogrande.rs.gov.br\/smed\/index.php?rest_route=%2Fwp%2Fv2%2Fcomments&post=26772"}],"version-history":[{"count":1,"href":"https:\/\/www.riogrande.rs.gov.br\/smed\/index.php?rest_route=\/wp\/v2\/posts\/26772\/revisions"}],"predecessor-version":[{"id":26777,"href":"https:\/\/www.riogrande.rs.gov.br\/smed\/index.php?rest_route=\/wp\/v2\/posts\/26772\/revisions\/26777"}],"wp:attachment":[{"href":"https:\/\/www.riogrande.rs.gov.br\/smed\/index.php?rest_route=%2Fwp%2Fv2%2Fmedia&parent=26772"}],"wp:term":[{"taxonomy":"category","embeddable":true,"href":"https:\/\/www.riogrande.rs.gov.br\/smed\/index.php?rest_route=%2Fwp%2Fv2%2Fcategories&post=26772"},{"taxonomy":"post_tag","embeddable":true,"href":"https:\/\/www.riogrande.rs.gov.br\/smed\/index.php?rest_route=%2Fwp%2Fv2%2Ftags&post=26772"}],"curies":[{"name":"wp","href":"https:\/\/api.w.org\/{rel}","templated":true}]}}