{"id":26767,"date":"2018-06-05T16:18:38","date_gmt":"2018-06-05T19:18:38","guid":{"rendered":"http:\/\/www.riogrande.rs.gov.br\/smed\/?p=26767"},"modified":"2018-06-05T16:18:38","modified_gmt":"2018-06-05T19:18:38","slug":"emei-prof-a-nilza-alves-goncalves-promovera-acao-social-arte-em-acao-no-dia-09-de-junho","status":"publish","type":"post","link":"https:\/\/www.riogrande.rs.gov.br\/smed\/?p=26767","title":{"rendered":"EMEI Prof.\u00aa Nilza Alves Gon\u00e7alves promover\u00e1 A\u00e7\u00e3o Social \u201cArte em A\u00e7\u00e3o\u201d no dia 09 de junho"},"content":{"rendered":"<div id=\"attachment_26769\" style=\"width: 495px\" class=\"wp-caption aligncenter\"><a href=\"http:\/\/www.riogrande.rs.gov.br\/smed\/wp-content\/uploads\/2018\/06\/20180605-nilza.jpg\" rel=\"lightbox[26767]\"><img loading=\"lazy\" decoding=\"async\" aria-describedby=\"caption-attachment-26769\" class=\"size-medium wp-image-26769\" src=\"http:\/\/www.riogrande.rs.gov.br\/smed\/wp-content\/uploads\/2018\/06\/20180605-nilza-485x343.jpg\" alt=\"\" width=\"485\" height=\"343\" srcset=\"https:\/\/www.riogrande.rs.gov.br\/smed\/wp-content\/uploads\/2018\/06\/20180605-nilza-485x343.jpg 485w, https:\/\/www.riogrande.rs.gov.br\/smed\/wp-content\/uploads\/2018\/06\/20180605-nilza-768x542.jpg 768w, https:\/\/www.riogrande.rs.gov.br\/smed\/wp-content\/uploads\/2018\/06\/20180605-nilza-293x207.jpg 293w, https:\/\/www.riogrande.rs.gov.br\/smed\/wp-content\/uploads\/2018\/06\/20180605-nilza.jpg 1280w\" sizes=\"(max-width: 485px) 100vw, 485px\" \/><\/a><p id=\"caption-attachment-26769\" class=\"wp-caption-text\">Divulga\u00e7\u00e3o<\/p><\/div>\n<p style=\"text-align: justify;\"><span style=\"font-weight: 400;\">A Escola Municipal de Educa\u00e7\u00e3o Infantil Prof.\u00aa <\/span><b>Nilza Alves Gon\u00e7alves<\/b><span style=\"font-weight: 400;\">, que est\u00e1 localizada no bairro Am\u00e9rica, \u00a0promover\u00e1, no pr\u00f3ximo s\u00e1bado, dia <\/span><b>09 de junho<\/b><span style=\"font-weight: 400;\">, das <\/span><b>das 9h \u00e0s 12h<\/b><span style=\"font-weight: 400;\">, a A\u00e7\u00e3o Social \u201c<\/span><b>Arte em A\u00e7\u00e3o<\/b><span style=\"font-weight: 400;\">. Confira <\/span><a href=\"http:\/\/www.riogrande.rs.gov.br\/smed\/wp-content\/uploads\/2018\/06\/20180605-nilza_programacao.pdf\" target=\"_blank\" rel=\"noopener\"><b>aqui<\/b><\/a><span style=\"font-weight: 400;\"> a programa\u00e7\u00e3o completa do evento.<\/span><\/p>\n<p style=\"text-align: right;\"><em>SMEd<\/em><br \/>\n<em>Roberton Reis<\/em><br \/>\n<em>Com informa\u00e7\u00f5es da EMEI Prof.\u00aa Nilza Alves Gon\u00e7alves<\/em><\/p>\n","protected":false},"excerpt":{"rendered":"<p>A Escola Municipal de Educa\u00e7\u00e3o Infantil Prof.\u00aa Nilza Alves Gon\u00e7alves, que est\u00e1 localizada no bairro Am\u00e9rica, \u00a0promover\u00e1, no pr\u00f3ximo s\u00e1bado, dia 09 de junho, das das 9h \u00e0s 12h, a A\u00e7\u00e3o Social \u201cArte em A\u00e7\u00e3o. Confira aqui a programa\u00e7\u00e3o completa do evento. SMEd Roberton Reis Com informa\u00e7\u00f5es da EMEI Prof.\u00aa Nilza Alves Gon\u00e7alves<\/p>\n","protected":false},"author":7,"featured_media":0,"comment_status":"closed","ping_status":"closed","sticky":false,"template":"","format":"standard","meta":{"footnotes":""},"categories":[1,13],"tags":[],"class_list":["post-26767","post","type-post","status-publish","format-standard","hentry","category-noticias","category-pedagogico"],"_links":{"self":[{"href":"https:\/\/www.riogrande.rs.gov.br\/smed\/index.php?rest_route=\/wp\/v2\/posts\/26767"}],"collection":[{"href":"https:\/\/www.riogrande.rs.gov.br\/smed\/index.php?rest_route=\/wp\/v2\/posts"}],"about":[{"href":"https:\/\/www.riogrande.rs.gov.br\/smed\/index.php?rest_route=\/wp\/v2\/types\/post"}],"author":[{"embeddable":true,"href":"https:\/\/www.riogrande.rs.gov.br\/smed\/index.php?rest_route=\/wp\/v2\/users\/7"}],"replies":[{"embeddable":true,"href":"https:\/\/www.riogrande.rs.gov.br\/smed\/index.php?rest_route=%2Fwp%2Fv2%2Fcomments&post=26767"}],"version-history":[{"count":1,"href":"https:\/\/www.riogrande.rs.gov.br\/smed\/index.php?rest_route=\/wp\/v2\/posts\/26767\/revisions"}],"predecessor-version":[{"id":26770,"href":"https:\/\/www.riogrande.rs.gov.br\/smed\/index.php?rest_route=\/wp\/v2\/posts\/26767\/revisions\/26770"}],"wp:attachment":[{"href":"https:\/\/www.riogrande.rs.gov.br\/smed\/index.php?rest_route=%2Fwp%2Fv2%2Fmedia&parent=26767"}],"wp:term":[{"taxonomy":"category","embeddable":true,"href":"https:\/\/www.riogrande.rs.gov.br\/smed\/index.php?rest_route=%2Fwp%2Fv2%2Fcategories&post=26767"},{"taxonomy":"post_tag","embeddable":true,"href":"https:\/\/www.riogrande.rs.gov.br\/smed\/index.php?rest_route=%2Fwp%2Fv2%2Ftags&post=26767"}],"curies":[{"name":"wp","href":"https:\/\/api.w.org\/{rel}","templated":true}]}}