{"id":26764,"date":"2018-06-05T15:56:44","date_gmt":"2018-06-05T18:56:44","guid":{"rendered":"http:\/\/www.riogrande.rs.gov.br\/smed\/?p=26764"},"modified":"2018-06-05T15:57:12","modified_gmt":"2018-06-05T18:57:12","slug":"smed-promove-formacao-para-preenchimento-do-censo-2018-nesta-quinta-feira-07","status":"publish","type":"post","link":"https:\/\/www.riogrande.rs.gov.br\/smed\/?p=26764","title":{"rendered":"SMEd promove Forma\u00e7\u00e3o para Preenchimento do Censo\/2018 nesta quinta-feira, 07"},"content":{"rendered":"<div id=\"attachment_26759\" style=\"width: 495px\" class=\"wp-caption aligncenter\"><a href=\"http:\/\/www.riogrande.rs.gov.br\/smed\/wp-content\/uploads\/2018\/06\/20180605-educacenso.jpg\" rel=\"lightbox[26764]\"><img loading=\"lazy\" decoding=\"async\" aria-describedby=\"caption-attachment-26759\" class=\"size-medium wp-image-26759\" src=\"http:\/\/www.riogrande.rs.gov.br\/smed\/wp-content\/uploads\/2018\/06\/20180605-educacenso-485x319.jpg\" alt=\"\" width=\"485\" height=\"319\" srcset=\"https:\/\/www.riogrande.rs.gov.br\/smed\/wp-content\/uploads\/2018\/06\/20180605-educacenso-485x319.jpg 485w, https:\/\/www.riogrande.rs.gov.br\/smed\/wp-content\/uploads\/2018\/06\/20180605-educacenso-315x207.jpg 315w, https:\/\/www.riogrande.rs.gov.br\/smed\/wp-content\/uploads\/2018\/06\/20180605-educacenso.jpg 500w\" sizes=\"(max-width: 485px) 100vw, 485px\" \/><\/a><p id=\"caption-attachment-26759\" class=\"wp-caption-text\">Divulga\u00e7\u00e3o<\/p><\/div>\n<p style=\"text-align: justify;\"><span style=\"font-weight: 400;\">A Secretaria de Munic\u00edpio da Educa\u00e7\u00e3o do Rio Grande (SMEd), atrav\u00e9s do N\u00facleo de Registro e Acompanhamento dos Estudantes, realizar\u00e1, na pr\u00f3xima quinta-feira, dia <\/span><b>07 de junho<\/b><span style=\"font-weight: 400;\">, \u00e0s <\/span><b>14h<\/b><span style=\"font-weight: 400;\">, na Escola Municipal de Ensino Fundamental <\/span><b>Helena Small<\/b><span style=\"font-weight: 400;\">, \u201c<\/span><b>Reuni\u00e3o para Treinamento do Preenchimento dos Dados do Censo\/2018<\/b><span style=\"font-weight: 400;\">\u201d.<\/span><\/p>\n<p style=\"text-align: justify;\"><!--more--><\/p>\n<p style=\"text-align: justify;\"><span style=\"font-weight: 400;\">A respons\u00e1vel pelo Censo Escolar na SMEd, Juliana Canary Costa de Oliveira, lembra que a primeira etapa do Censo\/2018 iniciou, na \u00faltima quarta-feira, 30 de maio e ficar\u00e1 dispon\u00edvel at\u00e9 31 de julho, sendo de extrema import\u00e2ncia o preenchimento de todas as informa\u00e7\u00f5es solicitadas pelo sistema.<\/span><\/p>\n<p style=\"text-align: right;\"><em>SMEd<\/em><br \/>\n<em>Roberton Reis<\/em><br \/>\n<em>Com informa\u00e7\u00f5es do N\u00facleo de Registro e Acompanhamento dos Estudantes<\/em><\/p>\n","protected":false},"excerpt":{"rendered":"<p>A Secretaria de Munic\u00edpio da Educa\u00e7\u00e3o do Rio Grande (SMEd), atrav\u00e9s do N\u00facleo de Registro e Acompanhamento dos Estudantes, realizar\u00e1, na pr\u00f3xima quinta-feira, dia 07 de junho, \u00e0s 14h, na Escola Municipal de Ensino Fundamental Helena Small, \u201cReuni\u00e3o para Treinamento do Preenchimento dos Dados do Censo\/2018\u201d.<\/p>\n","protected":false},"author":7,"featured_media":0,"comment_status":"closed","ping_status":"closed","sticky":false,"template":"","format":"standard","meta":{"footnotes":""},"categories":[1,13],"tags":[],"class_list":["post-26764","post","type-post","status-publish","format-standard","hentry","category-noticias","category-pedagogico"],"_links":{"self":[{"href":"https:\/\/www.riogrande.rs.gov.br\/smed\/index.php?rest_route=\/wp\/v2\/posts\/26764"}],"collection":[{"href":"https:\/\/www.riogrande.rs.gov.br\/smed\/index.php?rest_route=\/wp\/v2\/posts"}],"about":[{"href":"https:\/\/www.riogrande.rs.gov.br\/smed\/index.php?rest_route=\/wp\/v2\/types\/post"}],"author":[{"embeddable":true,"href":"https:\/\/www.riogrande.rs.gov.br\/smed\/index.php?rest_route=\/wp\/v2\/users\/7"}],"replies":[{"embeddable":true,"href":"https:\/\/www.riogrande.rs.gov.br\/smed\/index.php?rest_route=%2Fwp%2Fv2%2Fcomments&post=26764"}],"version-history":[{"count":2,"href":"https:\/\/www.riogrande.rs.gov.br\/smed\/index.php?rest_route=\/wp\/v2\/posts\/26764\/revisions"}],"predecessor-version":[{"id":26766,"href":"https:\/\/www.riogrande.rs.gov.br\/smed\/index.php?rest_route=\/wp\/v2\/posts\/26764\/revisions\/26766"}],"wp:attachment":[{"href":"https:\/\/www.riogrande.rs.gov.br\/smed\/index.php?rest_route=%2Fwp%2Fv2%2Fmedia&parent=26764"}],"wp:term":[{"taxonomy":"category","embeddable":true,"href":"https:\/\/www.riogrande.rs.gov.br\/smed\/index.php?rest_route=%2Fwp%2Fv2%2Fcategories&post=26764"},{"taxonomy":"post_tag","embeddable":true,"href":"https:\/\/www.riogrande.rs.gov.br\/smed\/index.php?rest_route=%2Fwp%2Fv2%2Ftags&post=26764"}],"curies":[{"name":"wp","href":"https:\/\/api.w.org\/{rel}","templated":true}]}}