{"id":25512,"date":"2018-03-28T18:11:13","date_gmt":"2018-03-28T21:11:13","guid":{"rendered":"http:\/\/www.riogrande.rs.gov.br\/smed\/?p=25512"},"modified":"2018-03-28T18:11:13","modified_gmt":"2018-03-28T21:11:13","slug":"smed-e-furg-promovem-formacao-continuada-para-os-professores-de-geografia-dos-anos-finais-no-dia-02","status":"publish","type":"post","link":"https:\/\/www.riogrande.rs.gov.br\/smed\/?p=25512","title":{"rendered":"SMEd e FURG promovem Forma\u00e7\u00e3o Continuada para os Professores de Geografia dos Anos Finais no dia 02"},"content":{"rendered":"<p style=\"text-align: justify;\">A Secretaria de Munic\u00edpio da Educa\u00e7\u00e3o de Rio Grande (SMEd) e a Universidade Federal do Rio Grande (FURG) promover\u00e3o, no dia <b>02 de abril<\/b>, \u00e0s <b>8h30min<\/b>, na Sala 4.202, Pavilh\u00e3o 04 do Campus Carreiros da FURG, o \u201c<b>1\u00ba Encontro Formativo<\/b>\u201d de 2018 para os <b>Professores de Geografia<\/b> dos Anos Finais, que atuam nas escolas da rede p\u00fablica municipal de ensino.<\/p>\n<p style=\"text-align: justify;\"><!--more--><\/p>\n<p style=\"text-align: justify;\">\n<p style=\"text-align: justify;\">Na oportunidade, ser\u00e1 realizado o lan\u00e7amento do Projeto de Extens\u00e3o: O Ensino de Geografia Escolar atrav\u00e9s do uso de m\u00faltiplas linguagens, com carga hor\u00e1ria de 40 horas, promovido pela SMEd, FURG e Laborat\u00f3rio de Pesquisa e Ensino de Geografia (LAPEG).<\/p>\n<p>&nbsp;<\/p>\n<p style=\"text-align: right;\"><em>SMEd<\/em><br \/>\n<em> Roberton Reis<\/em><br \/>\n<em> Com informa\u00e7\u00f5es do N\u00facleo dos Anos Finais<\/em><\/p>\n","protected":false},"excerpt":{"rendered":"<p>A Secretaria de Munic\u00edpio da Educa\u00e7\u00e3o de Rio Grande (SMEd) e a Universidade Federal do Rio Grande (FURG) promover\u00e3o, no dia 02 de abril, \u00e0s 8h30min, na Sala 4.202, Pavilh\u00e3o 04 do Campus Carreiros da FURG, o \u201c1\u00ba Encontro Formativo\u201d de 2018 para os Professores de Geografia dos Anos Finais, que atuam nas escolas da [&hellip;]<\/p>\n","protected":false},"author":7,"featured_media":0,"comment_status":"closed","ping_status":"closed","sticky":false,"template":"","format":"standard","meta":{"footnotes":""},"categories":[1,13],"tags":[],"class_list":["post-25512","post","type-post","status-publish","format-standard","hentry","category-noticias","category-pedagogico"],"_links":{"self":[{"href":"https:\/\/www.riogrande.rs.gov.br\/smed\/index.php?rest_route=\/wp\/v2\/posts\/25512"}],"collection":[{"href":"https:\/\/www.riogrande.rs.gov.br\/smed\/index.php?rest_route=\/wp\/v2\/posts"}],"about":[{"href":"https:\/\/www.riogrande.rs.gov.br\/smed\/index.php?rest_route=\/wp\/v2\/types\/post"}],"author":[{"embeddable":true,"href":"https:\/\/www.riogrande.rs.gov.br\/smed\/index.php?rest_route=\/wp\/v2\/users\/7"}],"replies":[{"embeddable":true,"href":"https:\/\/www.riogrande.rs.gov.br\/smed\/index.php?rest_route=%2Fwp%2Fv2%2Fcomments&post=25512"}],"version-history":[{"count":1,"href":"https:\/\/www.riogrande.rs.gov.br\/smed\/index.php?rest_route=\/wp\/v2\/posts\/25512\/revisions"}],"predecessor-version":[{"id":25513,"href":"https:\/\/www.riogrande.rs.gov.br\/smed\/index.php?rest_route=\/wp\/v2\/posts\/25512\/revisions\/25513"}],"wp:attachment":[{"href":"https:\/\/www.riogrande.rs.gov.br\/smed\/index.php?rest_route=%2Fwp%2Fv2%2Fmedia&parent=25512"}],"wp:term":[{"taxonomy":"category","embeddable":true,"href":"https:\/\/www.riogrande.rs.gov.br\/smed\/index.php?rest_route=%2Fwp%2Fv2%2Fcategories&post=25512"},{"taxonomy":"post_tag","embeddable":true,"href":"https:\/\/www.riogrande.rs.gov.br\/smed\/index.php?rest_route=%2Fwp%2Fv2%2Ftags&post=25512"}],"curies":[{"name":"wp","href":"https:\/\/api.w.org\/{rel}","templated":true}]}}