{"id":25473,"date":"2018-03-28T15:30:22","date_gmt":"2018-03-28T18:30:22","guid":{"rendered":"http:\/\/www.riogrande.rs.gov.br\/smed\/?p=25473"},"modified":"2018-03-28T15:30:22","modified_gmt":"2018-03-28T18:30:22","slug":"marco-lilas-emei-nilza-goncalves-promoveu-acoes-de-valorizacao-e-conscientizacao","status":"publish","type":"post","link":"https:\/\/www.riogrande.rs.gov.br\/smed\/?p=25473","title":{"rendered":"\u201cMar\u00e7o Lil\u00e1s\u201d: EMEI Nilza Gon\u00e7alves promoveu a\u00e7\u00f5es de Valoriza\u00e7\u00e3o e Conscientiza\u00e7\u00e3o"},"content":{"rendered":"\n\t\t<style type=\"text\/css\">\n\t\t\t#gallery-1 {\n\t\t\t\tmargin: auto;\n\t\t\t}\n\t\t\t#gallery-1 .gallery-item {\n\t\t\t\tfloat: left;\n\t\t\t\tmargin-top: 10px;\n\t\t\t\ttext-align: center;\n\t\t\t\twidth: 50%;\n\t\t\t}\n\t\t\t#gallery-1 img {\n\t\t\t\tborder: 2px solid #cfcfcf;\n\t\t\t}\n\t\t\t#gallery-1 .gallery-caption {\n\t\t\t\tmargin-left: 0;\n\t\t\t}\n\t\t\t\/* see gallery_shortcode() in wp-includes\/media.php *\/\n\t\t<\/style>\n\t\t<div id='gallery-1' class='gallery galleryid-25473 gallery-columns-2 gallery-size-thumbnail'><dl class='gallery-item'>\n\t\t\t<dt class='gallery-icon landscape'>\n\t\t\t\t<a href='https:\/\/www.riogrande.rs.gov.br\/smed\/wp-content\/uploads\/2018\/03\/20180328-ped-nilza-image1.jpg' rel=\"lightbox[25473]\"><img loading=\"lazy\" decoding=\"async\" width=\"150\" height=\"150\" src=\"https:\/\/www.riogrande.rs.gov.br\/smed\/wp-content\/uploads\/2018\/03\/20180328-ped-nilza-image1-150x150.jpg\" class=\"attachment-thumbnail size-thumbnail\" alt=\"\" aria-describedby=\"gallery-1-25474\" \/><\/a>\n\t\t\t<\/dt>\n\t\t\t\t<dd class='wp-caption-text gallery-caption' id='gallery-1-25474'>\n\t\t\t\tDivulga\u00e7\u00e3o\n\t\t\t\t<\/dd><\/dl><dl class='gallery-item'>\n\t\t\t<dt class='gallery-icon landscape'>\n\t\t\t\t<a href='https:\/\/www.riogrande.rs.gov.br\/smed\/wp-content\/uploads\/2018\/03\/20180328-ped-nilza-image2.jpg' rel=\"lightbox[25473]\"><img loading=\"lazy\" decoding=\"async\" width=\"150\" height=\"150\" src=\"https:\/\/www.riogrande.rs.gov.br\/smed\/wp-content\/uploads\/2018\/03\/20180328-ped-nilza-image2-150x150.jpg\" class=\"attachment-thumbnail size-thumbnail\" alt=\"\" aria-describedby=\"gallery-1-25475\" \/><\/a>\n\t\t\t<\/dt>\n\t\t\t\t<dd class='wp-caption-text gallery-caption' id='gallery-1-25475'>\n\t\t\t\tDivulga\u00e7\u00e3o\n\t\t\t\t<\/dd><\/dl><br style=\"clear: both\" \/><dl class='gallery-item'>\n\t\t\t<dt class='gallery-icon landscape'>\n\t\t\t\t<a href='https:\/\/www.riogrande.rs.gov.br\/smed\/wp-content\/uploads\/2018\/03\/20180328-ped-nilza-image3.jpg' rel=\"lightbox[25473]\"><img loading=\"lazy\" decoding=\"async\" width=\"150\" height=\"150\" src=\"https:\/\/www.riogrande.rs.gov.br\/smed\/wp-content\/uploads\/2018\/03\/20180328-ped-nilza-image3-150x150.jpg\" class=\"attachment-thumbnail size-thumbnail\" alt=\"\" aria-describedby=\"gallery-1-25476\" \/><\/a>\n\t\t\t<\/dt>\n\t\t\t\t<dd class='wp-caption-text gallery-caption' id='gallery-1-25476'>\n\t\t\t\tDivulga\u00e7\u00e3o\n\t\t\t\t<\/dd><\/dl><dl class='gallery-item'>\n\t\t\t<dt class='gallery-icon landscape'>\n\t\t\t\t<a href='https:\/\/www.riogrande.rs.gov.br\/smed\/wp-content\/uploads\/2018\/03\/20180328-ped-nilza-image4.jpg' rel=\"lightbox[25473]\"><img loading=\"lazy\" decoding=\"async\" width=\"150\" height=\"150\" src=\"https:\/\/www.riogrande.rs.gov.br\/smed\/wp-content\/uploads\/2018\/03\/20180328-ped-nilza-image4-150x150.jpg\" class=\"attachment-thumbnail size-thumbnail\" alt=\"\" aria-describedby=\"gallery-1-25477\" \/><\/a>\n\t\t\t<\/dt>\n\t\t\t\t<dd class='wp-caption-text gallery-caption' id='gallery-1-25477'>\n\t\t\t\tDivulga\u00e7\u00e3o\n\t\t\t\t<\/dd><\/dl><br style=\"clear: both\" \/>\n\t\t<\/div>\n\n<p style=\"text-align: justify;\">Na \u00faltima sexta-feira, dia <b>23 de mar\u00e7o<\/b>, a Escola Municipal de Educa\u00e7\u00e3o Infantil <b>Nilza Alves Gon\u00e7alves<\/b>, que est\u00e1 localizada no bairro Am\u00e9rica, realizou a\u00e7\u00e3o alusiva ao \u201c<b>Mar\u00e7o Lil\u00e1s<\/b>\u201d. \u201c<b>Planejamos um dia especial, com diferentes atividades, todas elas pensadas com muito carinho para as mulheres da nossa comunidade escolar<\/b>\u201d, explicou a diretora Roseane Rosenhein.<\/p>\n<p style=\"text-align: justify;\"><!--more--><\/p>\n<p>&nbsp;<\/p>\n<p style=\"text-align: justify;\">Dentre as atra\u00e7\u00f5es da a\u00e7\u00e3o promovida pela EMEI Nilza Alves Gon\u00e7alves, destaca-se a parceria com as consultoras da <i>Hinode<\/i> e da <i>Jessica Santos<\/i>, que realizaram maquiagem e limpeza de pele, e a realiza\u00e7\u00e3o de uma aula de aer\u00f3bica, com a professora Fabiane, da academia \u201c<b>Corpo em A\u00e7\u00e3o<\/b>\u201d, onde as mulheres participaram com muita descontra\u00e7\u00e3o.<\/p>\n<p style=\"text-align: justify;\">A atividade tamb\u00e9m contou com a presen\u00e7a da Coordenadora e Educadora Social, Luciane Fernandes; e da Educadora Social Rosemery Marques, ambas da \u201cCasa de Acolhida\u201d para mulheres v\u00edtimas de viol\u00eancia. Ambas levaram importantes esclarecimentos sobre a exist\u00eancia da Casa e seu funcionamento, al\u00e9m de abordar o tema &#8220;viol\u00eancia dom\u00e9stica e agress\u00e3o f\u00edsica\u201d,\u201dviol\u00eancia sexual e psicol\u00f3gica\u201d. \u201c<b>Nesta roda de conversa, tivemos a participa\u00e7\u00e3o ativa das m\u00e3es, enriquecendo este momento<\/b>\u201d, destacou Roseane.<\/p>\n<p style=\"text-align: right;\">\n<p style=\"text-align: right;\"><em>SMEd<\/em><br \/>\n<em> Roberton Reis<\/em><br \/>\n<em> Com informa\u00e7\u00f5es da EMEI Nilza Alves Gon\u00e7alves<\/em><\/p>\n","protected":false},"excerpt":{"rendered":"<p>Na \u00faltima sexta-feira, dia 23 de mar\u00e7o, a Escola Municipal de Educa\u00e7\u00e3o Infantil Nilza Alves Gon\u00e7alves, que est\u00e1 localizada no bairro Am\u00e9rica, realizou a\u00e7\u00e3o alusiva ao \u201cMar\u00e7o Lil\u00e1s\u201d. \u201cPlanejamos um dia especial, com diferentes atividades, todas elas pensadas com muito carinho para as mulheres da nossa comunidade escolar\u201d, explicou a diretora Roseane Rosenhein.<\/p>\n","protected":false},"author":7,"featured_media":0,"comment_status":"closed","ping_status":"closed","sticky":false,"template":"","format":"standard","meta":{"footnotes":""},"categories":[1,13],"tags":[],"class_list":["post-25473","post","type-post","status-publish","format-standard","hentry","category-noticias","category-pedagogico"],"_links":{"self":[{"href":"https:\/\/www.riogrande.rs.gov.br\/smed\/index.php?rest_route=\/wp\/v2\/posts\/25473"}],"collection":[{"href":"https:\/\/www.riogrande.rs.gov.br\/smed\/index.php?rest_route=\/wp\/v2\/posts"}],"about":[{"href":"https:\/\/www.riogrande.rs.gov.br\/smed\/index.php?rest_route=\/wp\/v2\/types\/post"}],"author":[{"embeddable":true,"href":"https:\/\/www.riogrande.rs.gov.br\/smed\/index.php?rest_route=\/wp\/v2\/users\/7"}],"replies":[{"embeddable":true,"href":"https:\/\/www.riogrande.rs.gov.br\/smed\/index.php?rest_route=%2Fwp%2Fv2%2Fcomments&post=25473"}],"version-history":[{"count":1,"href":"https:\/\/www.riogrande.rs.gov.br\/smed\/index.php?rest_route=\/wp\/v2\/posts\/25473\/revisions"}],"predecessor-version":[{"id":25478,"href":"https:\/\/www.riogrande.rs.gov.br\/smed\/index.php?rest_route=\/wp\/v2\/posts\/25473\/revisions\/25478"}],"wp:attachment":[{"href":"https:\/\/www.riogrande.rs.gov.br\/smed\/index.php?rest_route=%2Fwp%2Fv2%2Fmedia&parent=25473"}],"wp:term":[{"taxonomy":"category","embeddable":true,"href":"https:\/\/www.riogrande.rs.gov.br\/smed\/index.php?rest_route=%2Fwp%2Fv2%2Fcategories&post=25473"},{"taxonomy":"post_tag","embeddable":true,"href":"https:\/\/www.riogrande.rs.gov.br\/smed\/index.php?rest_route=%2Fwp%2Fv2%2Ftags&post=25473"}],"curies":[{"name":"wp","href":"https:\/\/api.w.org\/{rel}","templated":true}]}}