{"id":25470,"date":"2018-03-28T15:25:06","date_gmt":"2018-03-28T18:25:06","guid":{"rendered":"http:\/\/www.riogrande.rs.gov.br\/smed\/?p=25470"},"modified":"2018-03-28T15:25:06","modified_gmt":"2018-03-28T18:25:06","slug":"14a-obmep-2018-periodo-de-inscricoes-encerra-no-dia-02-de-abril","status":"publish","type":"post","link":"https:\/\/www.riogrande.rs.gov.br\/smed\/?p=25470","title":{"rendered":"14\u00aa OBMEP &#8211; 2018: Per\u00edodo de inscri\u00e7\u00f5es encerra no dia 02 de abril"},"content":{"rendered":"<div id=\"attachment_25471\" style=\"width: 495px\" class=\"wp-caption aligncenter\"><a href=\"http:\/\/www.riogrande.rs.gov.br\/smed\/wp-content\/uploads\/2018\/03\/20180328-ped-obmep-image1.jpg\" rel=\"lightbox[25470]\"><img loading=\"lazy\" decoding=\"async\" aria-describedby=\"caption-attachment-25471\" class=\"size-medium wp-image-25471\" src=\"http:\/\/www.riogrande.rs.gov.br\/smed\/wp-content\/uploads\/2018\/03\/20180328-ped-obmep-image1-485x323.jpg\" alt=\"\" width=\"485\" height=\"323\" srcset=\"https:\/\/www.riogrande.rs.gov.br\/smed\/wp-content\/uploads\/2018\/03\/20180328-ped-obmep-image1-485x323.jpg 485w, https:\/\/www.riogrande.rs.gov.br\/smed\/wp-content\/uploads\/2018\/03\/20180328-ped-obmep-image1-768x512.jpg 768w, https:\/\/www.riogrande.rs.gov.br\/smed\/wp-content\/uploads\/2018\/03\/20180328-ped-obmep-image1-311x207.jpg 311w, https:\/\/www.riogrande.rs.gov.br\/smed\/wp-content\/uploads\/2018\/03\/20180328-ped-obmep-image1.jpg 800w\" sizes=\"(max-width: 485px) 100vw, 485px\" \/><\/a><p id=\"caption-attachment-25471\" class=\"wp-caption-text\">Divulga\u00e7\u00e3o<\/p><\/div>\n<p style=\"text-align: justify;\">A Secretaria de Munic\u00edpio da Educa\u00e7\u00e3o de Rio Grande (SMEd), atrav\u00e9s da Assessoria de Matem\u00e1tica do N\u00facleo dos Anos Finais, informa que as inscri\u00e7\u00f5es para a <b>14\u00aa Olimp\u00edada Brasileira de Matem\u00e1tica das Escolas P\u00fablicas<\/b> (OBMEP &#8211; 2018) encerrar\u00e3o no dia <b>02 de abril <\/b>e dever\u00e3o ser realizadas exclusivamente no site:<strong><a href=\"http:\/\/www.obmep.org.br\/\" target=\"_blank\" rel=\"noopener\"> www.obmep.org.br<\/a><\/strong><\/p>\n<p style=\"text-align: justify;\"><!--more--><\/p>\n<p style=\"text-align: justify;\">\n<p style=\"text-align: justify;\">A OBMEP 2018 \u00e9 destinada aos alunos do 6\u00ba ao 9\u00ba ano do Ensino Fundamental e aos alunos do Ensino M\u00e9dio, de Escolas P\u00fablicas municipais, estaduais e federais, e Escolas Privadas, bem como aos respectivos professores, escolas e secretarias de educa\u00e7\u00e3o.<\/p>\n<p style=\"text-align: justify;\">A Olimp\u00edada tem auxiliado a descobrir jovens talentos. Na Rede Municipal, dois estudantes \u00a0est\u00e3o recebendo Bolsas de Inicia\u00e7\u00e3o Cient\u00edfica (PIC), por conta da OBMEP. Um deles relatou que ir\u00e1 comprar um computador com o recurso que juntou desse benef\u00edcio.<\/p>\n<p style=\"text-align: justify;\">\u201c<b>\u00c9 com satisfa\u00e7\u00e3o que percebemos, a cada ano, um envolvimento maior das escolas, professores e estudantes, o que tem possibilitado resultados melhores. Acreditamos que, independente dos resultados finais, a participa\u00e7\u00e3o na OBMEP tem contribu\u00eddo para o desenvolvimento do racioc\u00ednio l\u00f3gico \u00a0e da criatividade, para a cria\u00e7\u00e3o de novas estrat\u00e9gias para resolu\u00e7\u00e3o dos desafios<\/b>\u201d, destacou a assessora de Matem\u00e1tica da SMEd, Leila de Souza Mello.<\/p>\n<p>&nbsp;<\/p>\n<p style=\"text-align: right;\"><em>SMEd<\/em><\/p>\n","protected":false},"excerpt":{"rendered":"<p>A Secretaria de Munic\u00edpio da Educa\u00e7\u00e3o de Rio Grande (SMEd), atrav\u00e9s da Assessoria de Matem\u00e1tica do N\u00facleo dos Anos Finais, informa que as inscri\u00e7\u00f5es para a 14\u00aa Olimp\u00edada Brasileira de Matem\u00e1tica das Escolas P\u00fablicas (OBMEP &#8211; 2018) encerrar\u00e3o no dia 02 de abril e dever\u00e3o ser realizadas exclusivamente no site: www.obmep.org.br<\/p>\n","protected":false},"author":7,"featured_media":0,"comment_status":"closed","ping_status":"closed","sticky":false,"template":"","format":"standard","meta":{"footnotes":""},"categories":[1,13],"tags":[],"class_list":["post-25470","post","type-post","status-publish","format-standard","hentry","category-noticias","category-pedagogico"],"_links":{"self":[{"href":"https:\/\/www.riogrande.rs.gov.br\/smed\/index.php?rest_route=\/wp\/v2\/posts\/25470"}],"collection":[{"href":"https:\/\/www.riogrande.rs.gov.br\/smed\/index.php?rest_route=\/wp\/v2\/posts"}],"about":[{"href":"https:\/\/www.riogrande.rs.gov.br\/smed\/index.php?rest_route=\/wp\/v2\/types\/post"}],"author":[{"embeddable":true,"href":"https:\/\/www.riogrande.rs.gov.br\/smed\/index.php?rest_route=\/wp\/v2\/users\/7"}],"replies":[{"embeddable":true,"href":"https:\/\/www.riogrande.rs.gov.br\/smed\/index.php?rest_route=%2Fwp%2Fv2%2Fcomments&post=25470"}],"version-history":[{"count":1,"href":"https:\/\/www.riogrande.rs.gov.br\/smed\/index.php?rest_route=\/wp\/v2\/posts\/25470\/revisions"}],"predecessor-version":[{"id":25472,"href":"https:\/\/www.riogrande.rs.gov.br\/smed\/index.php?rest_route=\/wp\/v2\/posts\/25470\/revisions\/25472"}],"wp:attachment":[{"href":"https:\/\/www.riogrande.rs.gov.br\/smed\/index.php?rest_route=%2Fwp%2Fv2%2Fmedia&parent=25470"}],"wp:term":[{"taxonomy":"category","embeddable":true,"href":"https:\/\/www.riogrande.rs.gov.br\/smed\/index.php?rest_route=%2Fwp%2Fv2%2Fcategories&post=25470"},{"taxonomy":"post_tag","embeddable":true,"href":"https:\/\/www.riogrande.rs.gov.br\/smed\/index.php?rest_route=%2Fwp%2Fv2%2Ftags&post=25470"}],"curies":[{"name":"wp","href":"https:\/\/api.w.org\/{rel}","templated":true}]}}