{"id":25428,"date":"2018-03-27T17:01:59","date_gmt":"2018-03-27T20:01:59","guid":{"rendered":"http:\/\/www.riogrande.rs.gov.br\/smed\/?p=25428"},"modified":"2018-03-27T17:01:59","modified_gmt":"2018-03-27T20:01:59","slug":"marco-lilas-atividades-envolveram-alunos-da-educacao-infantil-e-das-series-iniciais-na-emef-helena-small","status":"publish","type":"post","link":"https:\/\/www.riogrande.rs.gov.br\/smed\/?p=25428","title":{"rendered":"\u201cMar\u00e7o Lil\u00e1s\u201d: Atividades envolveram alunos da Educa\u00e7\u00e3o Infantil e das S\u00e9ries Iniciais na EMEF Helena Small"},"content":{"rendered":"\n\t\t<style type=\"text\/css\">\n\t\t\t#gallery-1 {\n\t\t\t\tmargin: auto;\n\t\t\t}\n\t\t\t#gallery-1 .gallery-item {\n\t\t\t\tfloat: left;\n\t\t\t\tmargin-top: 10px;\n\t\t\t\ttext-align: center;\n\t\t\t\twidth: 33%;\n\t\t\t}\n\t\t\t#gallery-1 img {\n\t\t\t\tborder: 2px solid #cfcfcf;\n\t\t\t}\n\t\t\t#gallery-1 .gallery-caption {\n\t\t\t\tmargin-left: 0;\n\t\t\t}\n\t\t\t\/* see gallery_shortcode() in wp-includes\/media.php *\/\n\t\t<\/style>\n\t\t<div id='gallery-1' class='gallery galleryid-25428 gallery-columns-3 gallery-size-thumbnail'><dl class='gallery-item'>\n\t\t\t<dt class='gallery-icon portrait'>\n\t\t\t\t<a href='https:\/\/www.riogrande.rs.gov.br\/smed\/wp-content\/uploads\/2018\/03\/20180327-ped-helena-image1.jpg' rel=\"lightbox[25428]\"><img loading=\"lazy\" decoding=\"async\" width=\"150\" height=\"150\" src=\"https:\/\/www.riogrande.rs.gov.br\/smed\/wp-content\/uploads\/2018\/03\/20180327-ped-helena-image1-150x150.jpg\" class=\"attachment-thumbnail size-thumbnail\" alt=\"\" aria-describedby=\"gallery-1-25429\" \/><\/a>\n\t\t\t<\/dt>\n\t\t\t\t<dd class='wp-caption-text gallery-caption' id='gallery-1-25429'>\n\t\t\t\tDivulga\u00e7\u00e3o\n\t\t\t\t<\/dd><\/dl><dl class='gallery-item'>\n\t\t\t<dt class='gallery-icon portrait'>\n\t\t\t\t<a href='https:\/\/www.riogrande.rs.gov.br\/smed\/wp-content\/uploads\/2018\/03\/20180327-ped-helena-image2.jpg' rel=\"lightbox[25428]\"><img loading=\"lazy\" decoding=\"async\" width=\"150\" height=\"150\" src=\"https:\/\/www.riogrande.rs.gov.br\/smed\/wp-content\/uploads\/2018\/03\/20180327-ped-helena-image2-150x150.jpg\" class=\"attachment-thumbnail size-thumbnail\" alt=\"\" aria-describedby=\"gallery-1-25430\" \/><\/a>\n\t\t\t<\/dt>\n\t\t\t\t<dd class='wp-caption-text gallery-caption' id='gallery-1-25430'>\n\t\t\t\tDivulga\u00e7\u00e3o\n\t\t\t\t<\/dd><\/dl><dl class='gallery-item'>\n\t\t\t<dt class='gallery-icon portrait'>\n\t\t\t\t<a href='https:\/\/www.riogrande.rs.gov.br\/smed\/wp-content\/uploads\/2018\/03\/20180327-ped-helena-image4.jpg' rel=\"lightbox[25428]\"><img loading=\"lazy\" decoding=\"async\" width=\"150\" height=\"150\" src=\"https:\/\/www.riogrande.rs.gov.br\/smed\/wp-content\/uploads\/2018\/03\/20180327-ped-helena-image4-150x150.jpg\" class=\"attachment-thumbnail size-thumbnail\" alt=\"\" aria-describedby=\"gallery-1-25431\" \/><\/a>\n\t\t\t<\/dt>\n\t\t\t\t<dd class='wp-caption-text gallery-caption' id='gallery-1-25431'>\n\t\t\t\tDivulga\u00e7\u00e3o\n\t\t\t\t<\/dd><\/dl><br style=\"clear: both\" \/><dl class='gallery-item'>\n\t\t\t<dt class='gallery-icon landscape'>\n\t\t\t\t<a href='https:\/\/www.riogrande.rs.gov.br\/smed\/wp-content\/uploads\/2018\/03\/20180327-ped-helena-image5.jpg' rel=\"lightbox[25428]\"><img loading=\"lazy\" decoding=\"async\" width=\"150\" height=\"150\" src=\"https:\/\/www.riogrande.rs.gov.br\/smed\/wp-content\/uploads\/2018\/03\/20180327-ped-helena-image5-150x150.jpg\" class=\"attachment-thumbnail size-thumbnail\" alt=\"\" aria-describedby=\"gallery-1-25432\" \/><\/a>\n\t\t\t<\/dt>\n\t\t\t\t<dd class='wp-caption-text gallery-caption' id='gallery-1-25432'>\n\t\t\t\tDivulga\u00e7\u00e3o\n\t\t\t\t<\/dd><\/dl><dl class='gallery-item'>\n\t\t\t<dt class='gallery-icon portrait'>\n\t\t\t\t<a href='https:\/\/www.riogrande.rs.gov.br\/smed\/wp-content\/uploads\/2018\/03\/20180327-ped-helena-image6.jpg' rel=\"lightbox[25428]\"><img loading=\"lazy\" decoding=\"async\" width=\"150\" height=\"150\" src=\"https:\/\/www.riogrande.rs.gov.br\/smed\/wp-content\/uploads\/2018\/03\/20180327-ped-helena-image6-150x150.jpg\" class=\"attachment-thumbnail size-thumbnail\" alt=\"\" aria-describedby=\"gallery-1-25433\" \/><\/a>\n\t\t\t<\/dt>\n\t\t\t\t<dd class='wp-caption-text gallery-caption' id='gallery-1-25433'>\n\t\t\t\tDivulga\u00e7\u00e3o\n\t\t\t\t<\/dd><\/dl><dl class='gallery-item'>\n\t\t\t<dt class='gallery-icon portrait'>\n\t\t\t\t<a href='https:\/\/www.riogrande.rs.gov.br\/smed\/wp-content\/uploads\/2018\/03\/20180327-ped-helena-image7.jpg' rel=\"lightbox[25428]\"><img loading=\"lazy\" decoding=\"async\" width=\"150\" height=\"150\" src=\"https:\/\/www.riogrande.rs.gov.br\/smed\/wp-content\/uploads\/2018\/03\/20180327-ped-helena-image7-150x150.jpg\" class=\"attachment-thumbnail size-thumbnail\" alt=\"\" aria-describedby=\"gallery-1-25434\" \/><\/a>\n\t\t\t<\/dt>\n\t\t\t\t<dd class='wp-caption-text gallery-caption' id='gallery-1-25434'>\n\t\t\t\tDivulga\u00e7\u00e3o\n\t\t\t\t<\/dd><\/dl><br style=\"clear: both\" \/><dl class='gallery-item'>\n\t\t\t<dt class='gallery-icon portrait'>\n\t\t\t\t<a href='https:\/\/www.riogrande.rs.gov.br\/smed\/wp-content\/uploads\/2018\/03\/20180327-ped-helena-image8.jpg' rel=\"lightbox[25428]\"><img loading=\"lazy\" decoding=\"async\" width=\"150\" height=\"150\" src=\"https:\/\/www.riogrande.rs.gov.br\/smed\/wp-content\/uploads\/2018\/03\/20180327-ped-helena-image8-150x150.jpg\" class=\"attachment-thumbnail size-thumbnail\" alt=\"\" aria-describedby=\"gallery-1-25435\" \/><\/a>\n\t\t\t<\/dt>\n\t\t\t\t<dd class='wp-caption-text gallery-caption' id='gallery-1-25435'>\n\t\t\t\tDivulga\u00e7\u00e3o\n\t\t\t\t<\/dd><\/dl><dl class='gallery-item'>\n\t\t\t<dt class='gallery-icon portrait'>\n\t\t\t\t<a href='https:\/\/www.riogrande.rs.gov.br\/smed\/wp-content\/uploads\/2018\/03\/20180327-ped-helena-image9.jpg' rel=\"lightbox[25428]\"><img loading=\"lazy\" decoding=\"async\" width=\"150\" height=\"150\" src=\"https:\/\/www.riogrande.rs.gov.br\/smed\/wp-content\/uploads\/2018\/03\/20180327-ped-helena-image9-150x150.jpg\" class=\"attachment-thumbnail size-thumbnail\" alt=\"\" aria-describedby=\"gallery-1-25436\" \/><\/a>\n\t\t\t<\/dt>\n\t\t\t\t<dd class='wp-caption-text gallery-caption' id='gallery-1-25436'>\n\t\t\t\tDivulga\u00e7\u00e3o\n\t\t\t\t<\/dd><\/dl><dl class='gallery-item'>\n\t\t\t<dt class='gallery-icon portrait'>\n\t\t\t\t<a href='https:\/\/www.riogrande.rs.gov.br\/smed\/wp-content\/uploads\/2018\/03\/20180327-ped-helena-image3.jpg' rel=\"lightbox[25428]\"><img loading=\"lazy\" decoding=\"async\" width=\"150\" height=\"150\" src=\"https:\/\/www.riogrande.rs.gov.br\/smed\/wp-content\/uploads\/2018\/03\/20180327-ped-helena-image3-150x150.jpg\" class=\"attachment-thumbnail size-thumbnail\" alt=\"\" aria-describedby=\"gallery-1-25437\" \/><\/a>\n\t\t\t<\/dt>\n\t\t\t\t<dd class='wp-caption-text gallery-caption' id='gallery-1-25437'>\n\t\t\t\tDivulga\u00e7\u00e3o\n\t\t\t\t<\/dd><\/dl><br style=\"clear: both\" \/>\n\t\t<\/div>\n\n<p style=\"text-align: justify;\">Dentro das a\u00e7\u00f5es alusivas ao \u201c<b>Mar\u00e7o Lil\u00e1s<\/b>\u201d, os alunos da Educa\u00e7\u00e3o Infantil e das S\u00e9ries Iniciais da Escola Municipal de Ensino Fundamental <b>Helena Small<\/b>, participaram de v\u00e1rias atividades que tiveram a \u201cMulher\u201d como foco. \u201c<b>As professoras falaram sobre o \u2018Dia Internacional da Mulher\u2019, explicando a parte hist\u00f3rica, as suas conquistas e a sua import\u00e2ncia na sociedade do s\u00e9culo XXI. Tamb\u00e9m foram abordadas as diversas formas de \u00a0viol\u00eancia contra a Mulher. Todo o trabalho foi realizado atrav\u00e9s de roda de conversa e pesquisas diversas<\/b>\u201d, explicou a professora Mauria Lemos Lanzer.<\/p>\n<p style=\"text-align: right;\"><em>SMEd<\/em><br \/>\n<em> Roberton Reis<\/em><br \/>\n<em> Com informa\u00e7\u00f5es da EMEF Helena Small<\/em><\/p>\n","protected":false},"excerpt":{"rendered":"<p>Dentro das a\u00e7\u00f5es alusivas ao \u201cMar\u00e7o Lil\u00e1s\u201d, os alunos da Educa\u00e7\u00e3o Infantil e das S\u00e9ries Iniciais da Escola Municipal de Ensino Fundamental Helena Small, participaram de v\u00e1rias atividades que tiveram a \u201cMulher\u201d como foco. \u201cAs professoras falaram sobre o \u2018Dia Internacional da Mulher\u2019, explicando a parte hist\u00f3rica, as suas conquistas e a sua import\u00e2ncia na [&hellip;]<\/p>\n","protected":false},"author":7,"featured_media":0,"comment_status":"closed","ping_status":"closed","sticky":false,"template":"","format":"standard","meta":{"footnotes":""},"categories":[1,13],"tags":[],"class_list":["post-25428","post","type-post","status-publish","format-standard","hentry","category-noticias","category-pedagogico"],"_links":{"self":[{"href":"https:\/\/www.riogrande.rs.gov.br\/smed\/index.php?rest_route=\/wp\/v2\/posts\/25428"}],"collection":[{"href":"https:\/\/www.riogrande.rs.gov.br\/smed\/index.php?rest_route=\/wp\/v2\/posts"}],"about":[{"href":"https:\/\/www.riogrande.rs.gov.br\/smed\/index.php?rest_route=\/wp\/v2\/types\/post"}],"author":[{"embeddable":true,"href":"https:\/\/www.riogrande.rs.gov.br\/smed\/index.php?rest_route=\/wp\/v2\/users\/7"}],"replies":[{"embeddable":true,"href":"https:\/\/www.riogrande.rs.gov.br\/smed\/index.php?rest_route=%2Fwp%2Fv2%2Fcomments&post=25428"}],"version-history":[{"count":1,"href":"https:\/\/www.riogrande.rs.gov.br\/smed\/index.php?rest_route=\/wp\/v2\/posts\/25428\/revisions"}],"predecessor-version":[{"id":25438,"href":"https:\/\/www.riogrande.rs.gov.br\/smed\/index.php?rest_route=\/wp\/v2\/posts\/25428\/revisions\/25438"}],"wp:attachment":[{"href":"https:\/\/www.riogrande.rs.gov.br\/smed\/index.php?rest_route=%2Fwp%2Fv2%2Fmedia&parent=25428"}],"wp:term":[{"taxonomy":"category","embeddable":true,"href":"https:\/\/www.riogrande.rs.gov.br\/smed\/index.php?rest_route=%2Fwp%2Fv2%2Fcategories&post=25428"},{"taxonomy":"post_tag","embeddable":true,"href":"https:\/\/www.riogrande.rs.gov.br\/smed\/index.php?rest_route=%2Fwp%2Fv2%2Ftags&post=25428"}],"curies":[{"name":"wp","href":"https:\/\/api.w.org\/{rel}","templated":true}]}}