{"id":25376,"date":"2018-03-26T15:50:24","date_gmt":"2018-03-26T18:50:24","guid":{"rendered":"http:\/\/www.riogrande.rs.gov.br\/smed\/?p=25376"},"modified":"2018-03-26T15:50:24","modified_gmt":"2018-03-26T18:50:24","slug":"1a-semana-municipal-de-conscientizacao-sobre-a-sindrome-de-down","status":"publish","type":"post","link":"https:\/\/www.riogrande.rs.gov.br\/smed\/?p=25376","title":{"rendered":"1\u00aa Semana Municipal de Conscientiza\u00e7\u00e3o sobre a S\u00edndrome de Down"},"content":{"rendered":"\n\t\t<style type=\"text\/css\">\n\t\t\t#gallery-1 {\n\t\t\t\tmargin: auto;\n\t\t\t}\n\t\t\t#gallery-1 .gallery-item {\n\t\t\t\tfloat: left;\n\t\t\t\tmargin-top: 10px;\n\t\t\t\ttext-align: center;\n\t\t\t\twidth: 33%;\n\t\t\t}\n\t\t\t#gallery-1 img {\n\t\t\t\tborder: 2px solid #cfcfcf;\n\t\t\t}\n\t\t\t#gallery-1 .gallery-caption {\n\t\t\t\tmargin-left: 0;\n\t\t\t}\n\t\t\t\/* see gallery_shortcode() in wp-includes\/media.php *\/\n\t\t<\/style>\n\t\t<div id='gallery-1' class='gallery galleryid-25376 gallery-columns-3 gallery-size-thumbnail'><dl class='gallery-item'>\n\t\t\t<dt class='gallery-icon landscape'>\n\t\t\t\t<a href='https:\/\/www.riogrande.rs.gov.br\/smed\/wp-content\/uploads\/2018\/03\/20180326-ped-diad-image1.jpg' rel=\"lightbox[25376]\"><img loading=\"lazy\" decoding=\"async\" width=\"150\" height=\"150\" src=\"https:\/\/www.riogrande.rs.gov.br\/smed\/wp-content\/uploads\/2018\/03\/20180326-ped-diad-image1-150x150.jpg\" class=\"attachment-thumbnail size-thumbnail\" alt=\"\" aria-describedby=\"gallery-1-25377\" \/><\/a>\n\t\t\t<\/dt>\n\t\t\t\t<dd class='wp-caption-text gallery-caption' id='gallery-1-25377'>\n\t\t\t\tDivulga\u00e7\u00e3o\n\t\t\t\t<\/dd><\/dl><dl class='gallery-item'>\n\t\t\t<dt class='gallery-icon landscape'>\n\t\t\t\t<a href='https:\/\/www.riogrande.rs.gov.br\/smed\/wp-content\/uploads\/2018\/03\/20180326-ped-diad-image2.jpg' rel=\"lightbox[25376]\"><img loading=\"lazy\" decoding=\"async\" width=\"150\" height=\"150\" src=\"https:\/\/www.riogrande.rs.gov.br\/smed\/wp-content\/uploads\/2018\/03\/20180326-ped-diad-image2-150x150.jpg\" class=\"attachment-thumbnail size-thumbnail\" alt=\"\" aria-describedby=\"gallery-1-25378\" \/><\/a>\n\t\t\t<\/dt>\n\t\t\t\t<dd class='wp-caption-text gallery-caption' id='gallery-1-25378'>\n\t\t\t\tDivulga\u00e7\u00e3o\n\t\t\t\t<\/dd><\/dl><dl class='gallery-item'>\n\t\t\t<dt class='gallery-icon landscape'>\n\t\t\t\t<a href='https:\/\/www.riogrande.rs.gov.br\/smed\/wp-content\/uploads\/2018\/03\/20180326-ped-diad-image3.jpg' rel=\"lightbox[25376]\"><img loading=\"lazy\" decoding=\"async\" width=\"150\" height=\"150\" src=\"https:\/\/www.riogrande.rs.gov.br\/smed\/wp-content\/uploads\/2018\/03\/20180326-ped-diad-image3-150x150.jpg\" class=\"attachment-thumbnail size-thumbnail\" alt=\"\" aria-describedby=\"gallery-1-25379\" \/><\/a>\n\t\t\t<\/dt>\n\t\t\t\t<dd class='wp-caption-text gallery-caption' id='gallery-1-25379'>\n\t\t\t\tDivulga\u00e7\u00e3o\n\t\t\t\t<\/dd><\/dl><br style=\"clear: both\" \/><dl class='gallery-item'>\n\t\t\t<dt class='gallery-icon landscape'>\n\t\t\t\t<a href='https:\/\/www.riogrande.rs.gov.br\/smed\/wp-content\/uploads\/2018\/03\/20180326-ped-diad-image4.jpg' rel=\"lightbox[25376]\"><img loading=\"lazy\" decoding=\"async\" width=\"150\" height=\"150\" src=\"https:\/\/www.riogrande.rs.gov.br\/smed\/wp-content\/uploads\/2018\/03\/20180326-ped-diad-image4-150x150.jpg\" class=\"attachment-thumbnail size-thumbnail\" alt=\"\" aria-describedby=\"gallery-1-25380\" \/><\/a>\n\t\t\t<\/dt>\n\t\t\t\t<dd class='wp-caption-text gallery-caption' id='gallery-1-25380'>\n\t\t\t\tDivulga\u00e7\u00e3o\n\t\t\t\t<\/dd><\/dl><dl class='gallery-item'>\n\t\t\t<dt class='gallery-icon landscape'>\n\t\t\t\t<a href='https:\/\/www.riogrande.rs.gov.br\/smed\/wp-content\/uploads\/2018\/03\/20180326-ped-diad-image5.jpg' rel=\"lightbox[25376]\"><img loading=\"lazy\" decoding=\"async\" width=\"150\" height=\"150\" src=\"https:\/\/www.riogrande.rs.gov.br\/smed\/wp-content\/uploads\/2018\/03\/20180326-ped-diad-image5-150x150.jpg\" class=\"attachment-thumbnail size-thumbnail\" alt=\"\" aria-describedby=\"gallery-1-25381\" \/><\/a>\n\t\t\t<\/dt>\n\t\t\t\t<dd class='wp-caption-text gallery-caption' id='gallery-1-25381'>\n\t\t\t\tDivulga\u00e7\u00e3o\n\t\t\t\t<\/dd><\/dl><dl class='gallery-item'>\n\t\t\t<dt class='gallery-icon landscape'>\n\t\t\t\t<a href='https:\/\/www.riogrande.rs.gov.br\/smed\/wp-content\/uploads\/2018\/03\/20180326-ped-diad-image6.jpg' rel=\"lightbox[25376]\"><img loading=\"lazy\" decoding=\"async\" width=\"150\" height=\"150\" src=\"https:\/\/www.riogrande.rs.gov.br\/smed\/wp-content\/uploads\/2018\/03\/20180326-ped-diad-image6-150x150.jpg\" class=\"attachment-thumbnail size-thumbnail\" alt=\"\" aria-describedby=\"gallery-1-25382\" \/><\/a>\n\t\t\t<\/dt>\n\t\t\t\t<dd class='wp-caption-text gallery-caption' id='gallery-1-25382'>\n\t\t\t\tDivulga\u00e7\u00e3o\n\t\t\t\t<\/dd><\/dl><br style=\"clear: both\" \/><dl class='gallery-item'>\n\t\t\t<dt class='gallery-icon landscape'>\n\t\t\t\t<a href='https:\/\/www.riogrande.rs.gov.br\/smed\/wp-content\/uploads\/2018\/03\/20180326-ped-diad-image7.jpg' rel=\"lightbox[25376]\"><img loading=\"lazy\" decoding=\"async\" width=\"150\" height=\"150\" src=\"https:\/\/www.riogrande.rs.gov.br\/smed\/wp-content\/uploads\/2018\/03\/20180326-ped-diad-image7-150x150.jpg\" class=\"attachment-thumbnail size-thumbnail\" alt=\"\" aria-describedby=\"gallery-1-25383\" \/><\/a>\n\t\t\t<\/dt>\n\t\t\t\t<dd class='wp-caption-text gallery-caption' id='gallery-1-25383'>\n\t\t\t\tDivulga\u00e7\u00e3o\n\t\t\t\t<\/dd><\/dl><dl class='gallery-item'>\n\t\t\t<dt class='gallery-icon landscape'>\n\t\t\t\t<a href='https:\/\/www.riogrande.rs.gov.br\/smed\/wp-content\/uploads\/2018\/03\/20180326-ped-diad-image8.jpg' rel=\"lightbox[25376]\"><img loading=\"lazy\" decoding=\"async\" width=\"150\" height=\"150\" src=\"https:\/\/www.riogrande.rs.gov.br\/smed\/wp-content\/uploads\/2018\/03\/20180326-ped-diad-image8-150x150.jpg\" class=\"attachment-thumbnail size-thumbnail\" alt=\"\" aria-describedby=\"gallery-1-25384\" \/><\/a>\n\t\t\t<\/dt>\n\t\t\t\t<dd class='wp-caption-text gallery-caption' id='gallery-1-25384'>\n\t\t\t\tDivulga\u00e7\u00e3o\n\t\t\t\t<\/dd><\/dl><dl class='gallery-item'>\n\t\t\t<dt class='gallery-icon landscape'>\n\t\t\t\t<a href='https:\/\/www.riogrande.rs.gov.br\/smed\/wp-content\/uploads\/2018\/03\/20180326-ped-diad-image9.jpg' rel=\"lightbox[25376]\"><img loading=\"lazy\" decoding=\"async\" width=\"150\" height=\"150\" src=\"https:\/\/www.riogrande.rs.gov.br\/smed\/wp-content\/uploads\/2018\/03\/20180326-ped-diad-image9-150x150.jpg\" class=\"attachment-thumbnail size-thumbnail\" alt=\"\" aria-describedby=\"gallery-1-25385\" \/><\/a>\n\t\t\t<\/dt>\n\t\t\t\t<dd class='wp-caption-text gallery-caption' id='gallery-1-25385'>\n\t\t\t\tDivulga\u00e7\u00e3o\n\t\t\t\t<\/dd><\/dl><br style=\"clear: both\" \/>\n\t\t<\/div>\n\n<p style=\"text-align: justify;\">De <b>21 a 28 de mar\u00e7o<\/b>, o munic\u00edpio do Rio Grande realizou a \u201c<b>1\u00aa Semana Municipal de Conscientiza\u00e7\u00e3o sobre a S\u00edndrome de Down<\/b>\u201d, institu\u00edda a partir da LEI municipal 8.135, de 08 de agosto de 2017, que visa realizar um conjunto de a\u00e7\u00f5es do Poder P\u00fablico Municipal e da sociedade civil organizada voltadas para a compreens\u00e3o, o apoio, a educa\u00e7\u00e3o, a sa\u00fade, a qualidade de vida, o trabalho e o combate ao preconceito em rela\u00e7\u00e3o \u00e0s pessoas com S\u00edndrome de Down.<\/p>\n<p style=\"text-align: justify;\"><!--more--><\/p>\n<p style=\"text-align: justify;\">\n<p style=\"text-align: justify;\">Neste contexto, a Secretaria de Munic\u00edpio da Educa\u00e7\u00e3o do Rio Grande (SMEd), atrav\u00e9s do N\u00facleo de Diversidade e Inclus\u00e3o, mobilizou as escolas da rede p\u00fablica municipal de ensino a realizarem, neste per\u00edodo, atividades e a\u00e7\u00f5es que dessem destaque para a tem\u00e1tica.<\/p>\n<p style=\"text-align: justify;\">Na tarde do dia 21 de mar\u00e7o, Dia da S\u00edndrome de Down, a SMEd convidou as escolas a participarem e prestigiarem o evento alusivo \u00e0 1\u00aa Semana Municipal sobre a S\u00edndrome de Down, organizado pela Prefeitura Municipal do Rio Grande, atrav\u00e9s \u00a0das Secretaria de Munic\u00edpio da Sa\u00fade e demais Secretarias de Munic\u00edpio, que trouxe muita informa\u00e7\u00e3o e divulga\u00e7\u00e3o sobre os servi\u00e7os disponibilizados na Cidade para o p\u00fablico-alvo em destaque e, tamb\u00e9m, atrav\u00e9s de palestras com profissionais das \u00e1reas da Sa\u00fade e Educa\u00e7\u00e3o.<\/p>\n<p style=\"text-align: justify;\">No dia 22 de mar\u00e7o, foi organizado o Dia \u201cD\u201d de Valoriza\u00e7\u00e3o e Conscientiza\u00e7\u00e3o sobre a S\u00edndrome de Down, na escola. Nesse dia, todas as escolas da rede municipal realizaram a\u00e7\u00f5es voltadas \u00e0 tem\u00e1tica, como: palestras, distribui\u00e7\u00e3o de panfletos informativos, conta\u00e7\u00e3o de hist\u00f3rias, teatros, exposi\u00e7\u00f5es de trabalhos dos estudantes com NEE \u2013 Necessidades Educacionais Espec\u00edficas, atividades art\u00edsticas, entre outras, envolvendo n\u00e3o s\u00f3 alunos, funcion\u00e1rios e professores, mas tamb\u00e9m familiares e a comunidade em geral.<\/p>\n<p style=\"text-align: justify;\">Sobre o Dia \u201cD\u201d de Valoriza\u00e7\u00e3o e Conscientiza\u00e7\u00e3o sobre a S\u00edndrome de Down, na escola, a SMEd, atrav\u00e9s do N\u00facleo de Diversidade e Inclus\u00e3o, parabeniza toda a rede municipal de ensino pela ades\u00e3o \u00e0 a\u00e7\u00e3o e, principalmente, pelo entusiasmo e criatividade que demonstraram com a realiza\u00e7\u00e3o das atividades planejadas. O dia \u201cD\u201d deu o destaque merecido \u00e0 causa e se constituir\u00e1 um marco inicial de reflex\u00f5es e a\u00e7\u00f5es investidas em nosso Munic\u00edpio.<\/p>\n<p>&nbsp;<\/p>\n<p style=\"text-align: right;\"><em>SMEd<\/em><br \/>\n<em> Roberton Reis<\/em><br \/>\n<em> Com informa\u00e7\u00f5es do NDI<\/em><\/p>\n","protected":false},"excerpt":{"rendered":"<p>De 21 a 28 de mar\u00e7o, o munic\u00edpio do Rio Grande realizou a \u201c1\u00aa Semana Municipal de Conscientiza\u00e7\u00e3o sobre a S\u00edndrome de Down\u201d, institu\u00edda a partir da LEI municipal 8.135, de 08 de agosto de 2017, que visa realizar um conjunto de a\u00e7\u00f5es do Poder P\u00fablico Municipal e da sociedade civil organizada voltadas para a [&hellip;]<\/p>\n","protected":false},"author":7,"featured_media":0,"comment_status":"closed","ping_status":"closed","sticky":false,"template":"","format":"standard","meta":{"footnotes":""},"categories":[1,13],"tags":[],"class_list":["post-25376","post","type-post","status-publish","format-standard","hentry","category-noticias","category-pedagogico"],"_links":{"self":[{"href":"https:\/\/www.riogrande.rs.gov.br\/smed\/index.php?rest_route=\/wp\/v2\/posts\/25376"}],"collection":[{"href":"https:\/\/www.riogrande.rs.gov.br\/smed\/index.php?rest_route=\/wp\/v2\/posts"}],"about":[{"href":"https:\/\/www.riogrande.rs.gov.br\/smed\/index.php?rest_route=\/wp\/v2\/types\/post"}],"author":[{"embeddable":true,"href":"https:\/\/www.riogrande.rs.gov.br\/smed\/index.php?rest_route=\/wp\/v2\/users\/7"}],"replies":[{"embeddable":true,"href":"https:\/\/www.riogrande.rs.gov.br\/smed\/index.php?rest_route=%2Fwp%2Fv2%2Fcomments&post=25376"}],"version-history":[{"count":1,"href":"https:\/\/www.riogrande.rs.gov.br\/smed\/index.php?rest_route=\/wp\/v2\/posts\/25376\/revisions"}],"predecessor-version":[{"id":25386,"href":"https:\/\/www.riogrande.rs.gov.br\/smed\/index.php?rest_route=\/wp\/v2\/posts\/25376\/revisions\/25386"}],"wp:attachment":[{"href":"https:\/\/www.riogrande.rs.gov.br\/smed\/index.php?rest_route=%2Fwp%2Fv2%2Fmedia&parent=25376"}],"wp:term":[{"taxonomy":"category","embeddable":true,"href":"https:\/\/www.riogrande.rs.gov.br\/smed\/index.php?rest_route=%2Fwp%2Fv2%2Fcategories&post=25376"},{"taxonomy":"post_tag","embeddable":true,"href":"https:\/\/www.riogrande.rs.gov.br\/smed\/index.php?rest_route=%2Fwp%2Fv2%2Ftags&post=25376"}],"curies":[{"name":"wp","href":"https:\/\/api.w.org\/{rel}","templated":true}]}}