{"id":25329,"date":"2018-03-22T16:32:39","date_gmt":"2018-03-22T19:32:39","guid":{"rendered":"http:\/\/www.riogrande.rs.gov.br\/smed\/?p=25329"},"modified":"2018-03-22T16:32:48","modified_gmt":"2018-03-22T19:32:48","slug":"nae-smed-promoveu-encontro-de-formacao-estrategias-de-gestao-em-alimentacao-escolar","status":"publish","type":"post","link":"https:\/\/www.riogrande.rs.gov.br\/smed\/?p=25329","title":{"rendered":"NAE\/SMEd promoveu Encontro de Forma\u00e7\u00e3o \u201cEstrat\u00e9gias de Gest\u00e3o em Alimenta\u00e7\u00e3o Escolar\u201d"},"content":{"rendered":"<div id=\"attachment_25330\" style=\"width: 495px\" class=\"wp-caption aligncenter\"><a href=\"http:\/\/www.riogrande.rs.gov.br\/smed\/wp-content\/uploads\/2018\/03\/20180322-ped-nae-image1.jpg\" rel=\"lightbox[25329]\"><img loading=\"lazy\" decoding=\"async\" aria-describedby=\"caption-attachment-25330\" class=\"size-medium wp-image-25330\" src=\"http:\/\/www.riogrande.rs.gov.br\/smed\/wp-content\/uploads\/2018\/03\/20180322-ped-nae-image1-485x209.jpg\" alt=\"\" width=\"485\" height=\"209\" srcset=\"https:\/\/www.riogrande.rs.gov.br\/smed\/wp-content\/uploads\/2018\/03\/20180322-ped-nae-image1-485x209.jpg 485w, https:\/\/www.riogrande.rs.gov.br\/smed\/wp-content\/uploads\/2018\/03\/20180322-ped-nae-image1-768x330.jpg 768w, https:\/\/www.riogrande.rs.gov.br\/smed\/wp-content\/uploads\/2018\/03\/20180322-ped-nae-image1-481x207.jpg 481w, https:\/\/www.riogrande.rs.gov.br\/smed\/wp-content\/uploads\/2018\/03\/20180322-ped-nae-image1.jpg 800w\" sizes=\"(max-width: 485px) 100vw, 485px\" \/><\/a><p id=\"caption-attachment-25330\" class=\"wp-caption-text\">Divulga\u00e7\u00e3o<\/p><\/div>\n<p style=\"text-align: justify;\">Dando continuidade ao trabalho desenvolvido no ano de 2017, o N\u00facleo de Alimenta\u00e7\u00e3o Escolar (NAE) da Secretaria de Munic\u00edpio da Educa\u00e7\u00e3o de Rio Grande (SMEd) promoveu, no dia <b>21 de mar\u00e7o<\/b>, mais uma etapa do Encontro de Forma\u00e7\u00e3o \u201c<b>Estrat\u00e9gias de Gest\u00e3o em Alimenta\u00e7\u00e3o Escolar<\/b>\u201d, o qual \u00e9 voltado aos diretores das escolas da rede p\u00fablica municipal de ensino, eleitos no ano passado e, tamb\u00e9m, para aquelas escolas que n\u00e3o participaram das atividades realizadas no ano passado.<\/p>\n<p style=\"text-align: justify;\"><!--more--><\/p>\n<p>&nbsp;<\/p>\n<p style=\"text-align: justify;\">Dentre os assuntos abordados durante a tarde de forma\u00e7\u00e3o, destacam-se as normativas internas de gest\u00e3o, os prazos para preenchimento do sistema de gest\u00e3o de dados da Secretaria de Munic\u00edpio da Educa\u00e7\u00e3o de Rio Grande (SISMED) e as atividades de educa\u00e7\u00e3o nutricional oferecidas pelas nutricionistas do NAE.<\/p>\n<p style=\"text-align: justify;\">\u201c<b>Com mais esta etapa conclu\u00edda, o N\u00facleo de Alimenta\u00e7\u00e3o Escolar da SMEd conseguiu atingir 100% de participa\u00e7\u00e3o das escolas municipais de Educa\u00e7\u00e3o Infantil, de Ensino Fundamental, de Educa\u00e7\u00e3o Especial e de Entidades Filantr\u00f3picas Conveniadas<\/b>, destacou a coordenadora do do NAE, Rita de C\u00e1ssia Nascente Caetano.<\/p>\n<p>&nbsp;<\/p>\n<p style=\"text-align: right;\"><em>SMEd<\/em><br \/>\n<em> Roberton Reis<\/em><br \/>\n<em> Com informa\u00e7\u00f5es do NAE<\/em><\/p>\n","protected":false},"excerpt":{"rendered":"<p>Dando continuidade ao trabalho desenvolvido no ano de 2017, o N\u00facleo de Alimenta\u00e7\u00e3o Escolar (NAE) da Secretaria de Munic\u00edpio da Educa\u00e7\u00e3o de Rio Grande (SMEd) promoveu, no dia 21 de mar\u00e7o, mais uma etapa do Encontro de Forma\u00e7\u00e3o \u201cEstrat\u00e9gias de Gest\u00e3o em Alimenta\u00e7\u00e3o Escolar\u201d, o qual \u00e9 voltado aos diretores das escolas da rede p\u00fablica [&hellip;]<\/p>\n","protected":false},"author":7,"featured_media":0,"comment_status":"closed","ping_status":"closed","sticky":false,"template":"","format":"standard","meta":{"footnotes":""},"categories":[1,12],"tags":[],"class_list":["post-25329","post","type-post","status-publish","format-standard","hentry","category-noticias","category-administrativo"],"_links":{"self":[{"href":"https:\/\/www.riogrande.rs.gov.br\/smed\/index.php?rest_route=\/wp\/v2\/posts\/25329"}],"collection":[{"href":"https:\/\/www.riogrande.rs.gov.br\/smed\/index.php?rest_route=\/wp\/v2\/posts"}],"about":[{"href":"https:\/\/www.riogrande.rs.gov.br\/smed\/index.php?rest_route=\/wp\/v2\/types\/post"}],"author":[{"embeddable":true,"href":"https:\/\/www.riogrande.rs.gov.br\/smed\/index.php?rest_route=\/wp\/v2\/users\/7"}],"replies":[{"embeddable":true,"href":"https:\/\/www.riogrande.rs.gov.br\/smed\/index.php?rest_route=%2Fwp%2Fv2%2Fcomments&post=25329"}],"version-history":[{"count":1,"href":"https:\/\/www.riogrande.rs.gov.br\/smed\/index.php?rest_route=\/wp\/v2\/posts\/25329\/revisions"}],"predecessor-version":[{"id":25331,"href":"https:\/\/www.riogrande.rs.gov.br\/smed\/index.php?rest_route=\/wp\/v2\/posts\/25329\/revisions\/25331"}],"wp:attachment":[{"href":"https:\/\/www.riogrande.rs.gov.br\/smed\/index.php?rest_route=%2Fwp%2Fv2%2Fmedia&parent=25329"}],"wp:term":[{"taxonomy":"category","embeddable":true,"href":"https:\/\/www.riogrande.rs.gov.br\/smed\/index.php?rest_route=%2Fwp%2Fv2%2Fcategories&post=25329"},{"taxonomy":"post_tag","embeddable":true,"href":"https:\/\/www.riogrande.rs.gov.br\/smed\/index.php?rest_route=%2Fwp%2Fv2%2Ftags&post=25329"}],"curies":[{"name":"wp","href":"https:\/\/api.w.org\/{rel}","templated":true}]}}