{"id":25322,"date":"2018-03-21T16:56:04","date_gmt":"2018-03-21T19:56:04","guid":{"rendered":"http:\/\/www.riogrande.rs.gov.br\/smed\/?p=25322"},"modified":"2018-03-21T16:56:32","modified_gmt":"2018-03-21T19:56:32","slug":"iii-festival-de-esculturas-de-areia-da-emef-pedro-carlos-peixoto-primo-acontece-nesta-quinta-feira-22","status":"publish","type":"post","link":"https:\/\/www.riogrande.rs.gov.br\/smed\/?p=25322","title":{"rendered":"&#8220;III Festival de Esculturas de Areia\u201d da EMEF Pedro Carlos Peixoto Primo acontece nesta quinta-feira, 22"},"content":{"rendered":"<div id=\"attachment_25323\" style=\"width: 495px\" class=\"wp-caption aligncenter\"><a href=\"http:\/\/www.riogrande.rs.gov.br\/smed\/wp-content\/uploads\/2018\/03\/20180321-ped-esculturas-image1.jpg\" rel=\"lightbox[25322]\"><img loading=\"lazy\" decoding=\"async\" aria-describedby=\"caption-attachment-25323\" class=\"size-medium wp-image-25323\" src=\"http:\/\/www.riogrande.rs.gov.br\/smed\/wp-content\/uploads\/2018\/03\/20180321-ped-esculturas-image1-485x457.jpg\" alt=\"\" width=\"485\" height=\"457\" srcset=\"https:\/\/www.riogrande.rs.gov.br\/smed\/wp-content\/uploads\/2018\/03\/20180321-ped-esculturas-image1-485x457.jpg 485w, https:\/\/www.riogrande.rs.gov.br\/smed\/wp-content\/uploads\/2018\/03\/20180321-ped-esculturas-image1-768x723.jpg 768w, https:\/\/www.riogrande.rs.gov.br\/smed\/wp-content\/uploads\/2018\/03\/20180321-ped-esculturas-image1-220x207.jpg 220w, https:\/\/www.riogrande.rs.gov.br\/smed\/wp-content\/uploads\/2018\/03\/20180321-ped-esculturas-image1.jpg 800w\" sizes=\"(max-width: 485px) 100vw, 485px\" \/><\/a><p id=\"caption-attachment-25323\" class=\"wp-caption-text\">Divulga\u00e7\u00e3o<\/p><\/div>\n<p style=\"text-align: justify;\">Nesta quinta-feira, dia <b>22 de mar\u00e7o<\/b>, das <b>8h30min \u00e0s 11h<\/b>, a Escola Municipal de Ensino Fundamental Pedro Carlos Peixoto Primo, que est\u00e1 localizada no bairro Quer\u00eancia, promover\u00e1 o \u00a0seu \u201c<b>III Festival de Esculturas de Areia<\/b>\u201d.<\/p>\n<p style=\"text-align: justify;\"><!--more--><\/p>\n<p>&nbsp;<\/p>\n<p style=\"text-align: justify;\">Neste ano, o Festival, que acontecer\u00e1 na guarita 22, na beira da praia do Cassino, contar\u00e1 com a participa\u00e7\u00e3o de uma das turmas da EMEF Saldanha da Gama, da Barra.<\/p>\n<p style=\"text-align: justify;\">De acordo com a professora Xenia Velloso, organizadora do Festival, \u201c<b>nosso objetivo continua o mesmo: reafirmar nosso sentimento de pertencimento e cuidados. O Festival \u00e9 \u00a0uma forma de praticar a linguagem da escultura, trabalhar o conceito de arte ef\u00eamera e de interven\u00e7\u00e3o no meio<\/b>\u201d.<\/p>\n<p style=\"text-align: justify;\">\u201c<b>Agrade\u00e7o \u00e0 dire\u00e7\u00e3o das escolas envolvidas, \u00a0\u00e0 Secretaria Especial do Cassino e a meus colegas que sempre est\u00e3o dispon\u00edveis para me apoiar e ajudar, as professoras Bianca da Silva e Bel Baptista<\/b>\u201d, destacou a professora Xenia.<\/p>\n<p style=\"text-align: right;\"><em>SMEd<\/em><br \/>\n<em> Roberton Reis<\/em><\/p>\n","protected":false},"excerpt":{"rendered":"<p>Nesta quinta-feira, dia 22 de mar\u00e7o, das 8h30min \u00e0s 11h, a Escola Municipal de Ensino Fundamental Pedro Carlos Peixoto Primo, que est\u00e1 localizada no bairro Quer\u00eancia, promover\u00e1 o \u00a0seu \u201cIII Festival de Esculturas de Areia\u201d.<\/p>\n","protected":false},"author":7,"featured_media":0,"comment_status":"closed","ping_status":"closed","sticky":false,"template":"","format":"standard","meta":{"footnotes":""},"categories":[1,13],"tags":[],"class_list":["post-25322","post","type-post","status-publish","format-standard","hentry","category-noticias","category-pedagogico"],"_links":{"self":[{"href":"https:\/\/www.riogrande.rs.gov.br\/smed\/index.php?rest_route=\/wp\/v2\/posts\/25322"}],"collection":[{"href":"https:\/\/www.riogrande.rs.gov.br\/smed\/index.php?rest_route=\/wp\/v2\/posts"}],"about":[{"href":"https:\/\/www.riogrande.rs.gov.br\/smed\/index.php?rest_route=\/wp\/v2\/types\/post"}],"author":[{"embeddable":true,"href":"https:\/\/www.riogrande.rs.gov.br\/smed\/index.php?rest_route=\/wp\/v2\/users\/7"}],"replies":[{"embeddable":true,"href":"https:\/\/www.riogrande.rs.gov.br\/smed\/index.php?rest_route=%2Fwp%2Fv2%2Fcomments&post=25322"}],"version-history":[{"count":2,"href":"https:\/\/www.riogrande.rs.gov.br\/smed\/index.php?rest_route=\/wp\/v2\/posts\/25322\/revisions"}],"predecessor-version":[{"id":25325,"href":"https:\/\/www.riogrande.rs.gov.br\/smed\/index.php?rest_route=\/wp\/v2\/posts\/25322\/revisions\/25325"}],"wp:attachment":[{"href":"https:\/\/www.riogrande.rs.gov.br\/smed\/index.php?rest_route=%2Fwp%2Fv2%2Fmedia&parent=25322"}],"wp:term":[{"taxonomy":"category","embeddable":true,"href":"https:\/\/www.riogrande.rs.gov.br\/smed\/index.php?rest_route=%2Fwp%2Fv2%2Fcategories&post=25322"},{"taxonomy":"post_tag","embeddable":true,"href":"https:\/\/www.riogrande.rs.gov.br\/smed\/index.php?rest_route=%2Fwp%2Fv2%2Ftags&post=25322"}],"curies":[{"name":"wp","href":"https:\/\/api.w.org\/{rel}","templated":true}]}}