{"id":25303,"date":"2018-03-21T14:23:20","date_gmt":"2018-03-21T17:23:20","guid":{"rendered":"http:\/\/www.riogrande.rs.gov.br\/smed\/?p=25303"},"modified":"2018-03-21T14:23:20","modified_gmt":"2018-03-21T17:23:20","slug":"escola-bilingue-passa-a-ofertar-ensino-medio-e-torna-se-referencia-no-rs","status":"publish","type":"post","link":"https:\/\/www.riogrande.rs.gov.br\/smed\/?p=25303","title":{"rendered":"ESCOLA BIL\u00cdNGUE PASSA A OFERTAR ENSINO M\u00c9DIO E TORNA-SE REFER\u00caNCIA NO RS"},"content":{"rendered":"\n\t\t<style type=\"text\/css\">\n\t\t\t#gallery-1 {\n\t\t\t\tmargin: auto;\n\t\t\t}\n\t\t\t#gallery-1 .gallery-item {\n\t\t\t\tfloat: left;\n\t\t\t\tmargin-top: 10px;\n\t\t\t\ttext-align: center;\n\t\t\t\twidth: 50%;\n\t\t\t}\n\t\t\t#gallery-1 img {\n\t\t\t\tborder: 2px solid #cfcfcf;\n\t\t\t}\n\t\t\t#gallery-1 .gallery-caption {\n\t\t\t\tmargin-left: 0;\n\t\t\t}\n\t\t\t\/* see gallery_shortcode() in wp-includes\/media.php *\/\n\t\t<\/style>\n\t\t<div id='gallery-1' class='gallery galleryid-25303 gallery-columns-2 gallery-size-thumbnail'><dl class='gallery-item'>\n\t\t\t<dt class='gallery-icon landscape'>\n\t\t\t\t<a href='https:\/\/www.riogrande.rs.gov.br\/smed\/wp-content\/uploads\/2018\/03\/20180321-pmrg-5ab264eda7e1a.jpg' rel=\"lightbox[25303]\"><img loading=\"lazy\" decoding=\"async\" width=\"150\" height=\"150\" src=\"https:\/\/www.riogrande.rs.gov.br\/smed\/wp-content\/uploads\/2018\/03\/20180321-pmrg-5ab264eda7e1a-150x150.jpg\" class=\"attachment-thumbnail size-thumbnail\" alt=\"\" aria-describedby=\"gallery-1-25304\" \/><\/a>\n\t\t\t<\/dt>\n\t\t\t\t<dd class='wp-caption-text gallery-caption' id='gallery-1-25304'>\n\t\t\t\tCr\u00e9dito: Joanna Vaz\n\t\t\t\t<\/dd><\/dl><dl class='gallery-item'>\n\t\t\t<dt class='gallery-icon landscape'>\n\t\t\t\t<a href='https:\/\/www.riogrande.rs.gov.br\/smed\/wp-content\/uploads\/2018\/03\/20180321-pmrg-5ab265a80b5d2.jpg' rel=\"lightbox[25303]\"><img loading=\"lazy\" decoding=\"async\" width=\"150\" height=\"150\" src=\"https:\/\/www.riogrande.rs.gov.br\/smed\/wp-content\/uploads\/2018\/03\/20180321-pmrg-5ab265a80b5d2-150x150.jpg\" class=\"attachment-thumbnail size-thumbnail\" alt=\"\" aria-describedby=\"gallery-1-25305\" \/><\/a>\n\t\t\t<\/dt>\n\t\t\t\t<dd class='wp-caption-text gallery-caption' id='gallery-1-25305'>\n\t\t\t\tCr\u00e9dito: Joanna Vaz\n\t\t\t\t<\/dd><\/dl><br style=\"clear: both\" \/><dl class='gallery-item'>\n\t\t\t<dt class='gallery-icon landscape'>\n\t\t\t\t<a href='https:\/\/www.riogrande.rs.gov.br\/smed\/wp-content\/uploads\/2018\/03\/20180321-pmrg-5ab265e0cb9d9.jpg' rel=\"lightbox[25303]\"><img loading=\"lazy\" decoding=\"async\" width=\"150\" height=\"150\" src=\"https:\/\/www.riogrande.rs.gov.br\/smed\/wp-content\/uploads\/2018\/03\/20180321-pmrg-5ab265e0cb9d9-150x150.jpg\" class=\"attachment-thumbnail size-thumbnail\" alt=\"\" aria-describedby=\"gallery-1-25306\" \/><\/a>\n\t\t\t<\/dt>\n\t\t\t\t<dd class='wp-caption-text gallery-caption' id='gallery-1-25306'>\n\t\t\t\tCr\u00e9dito: Joanna Vaz\n\t\t\t\t<\/dd><\/dl><dl class='gallery-item'>\n\t\t\t<dt class='gallery-icon landscape'>\n\t\t\t\t<a href='https:\/\/www.riogrande.rs.gov.br\/smed\/wp-content\/uploads\/2018\/03\/20180321-pmrg-5ab2654c192ff.jpg' rel=\"lightbox[25303]\"><img loading=\"lazy\" decoding=\"async\" width=\"150\" height=\"150\" src=\"https:\/\/www.riogrande.rs.gov.br\/smed\/wp-content\/uploads\/2018\/03\/20180321-pmrg-5ab2654c192ff-150x150.jpg\" class=\"attachment-thumbnail size-thumbnail\" alt=\"\" aria-describedby=\"gallery-1-25307\" \/><\/a>\n\t\t\t<\/dt>\n\t\t\t\t<dd class='wp-caption-text gallery-caption' id='gallery-1-25307'>\n\t\t\t\tCr\u00e9dito: Joanna Vaz\n\t\t\t\t<\/dd><\/dl><br style=\"clear: both\" \/><dl class='gallery-item'>\n\t\t\t<dt class='gallery-icon landscape'>\n\t\t\t\t<a href='https:\/\/www.riogrande.rs.gov.br\/smed\/wp-content\/uploads\/2018\/03\/20180321-pmrg-5ab2656c19704.jpg' rel=\"lightbox[25303]\"><img loading=\"lazy\" decoding=\"async\" width=\"150\" height=\"150\" src=\"https:\/\/www.riogrande.rs.gov.br\/smed\/wp-content\/uploads\/2018\/03\/20180321-pmrg-5ab2656c19704-150x150.jpg\" class=\"attachment-thumbnail size-thumbnail\" alt=\"\" aria-describedby=\"gallery-1-25308\" \/><\/a>\n\t\t\t<\/dt>\n\t\t\t\t<dd class='wp-caption-text gallery-caption' id='gallery-1-25308'>\n\t\t\t\tCr\u00e9dito: Joanna Vaz\n\t\t\t\t<\/dd><\/dl><dl class='gallery-item'>\n\t\t\t<dt class='gallery-icon landscape'>\n\t\t\t\t<a href='https:\/\/www.riogrande.rs.gov.br\/smed\/wp-content\/uploads\/2018\/03\/20180321-pmrg-5ab2657f81722.jpg' rel=\"lightbox[25303]\"><img loading=\"lazy\" decoding=\"async\" width=\"150\" height=\"150\" src=\"https:\/\/www.riogrande.rs.gov.br\/smed\/wp-content\/uploads\/2018\/03\/20180321-pmrg-5ab2657f81722-150x150.jpg\" class=\"attachment-thumbnail size-thumbnail\" alt=\"\" aria-describedby=\"gallery-1-25309\" \/><\/a>\n\t\t\t<\/dt>\n\t\t\t\t<dd class='wp-caption-text gallery-caption' id='gallery-1-25309'>\n\t\t\t\tCr\u00e9dito: Joanna Vaz\n\t\t\t\t<\/dd><\/dl><br style=\"clear: both\" \/><dl class='gallery-item'>\n\t\t\t<dt class='gallery-icon landscape'>\n\t\t\t\t<a href='https:\/\/www.riogrande.rs.gov.br\/smed\/wp-content\/uploads\/2018\/03\/20180321-pmrg-5ab26593a4db5.jpg' rel=\"lightbox[25303]\"><img loading=\"lazy\" decoding=\"async\" width=\"150\" height=\"150\" src=\"https:\/\/www.riogrande.rs.gov.br\/smed\/wp-content\/uploads\/2018\/03\/20180321-pmrg-5ab26593a4db5-150x150.jpg\" class=\"attachment-thumbnail size-thumbnail\" alt=\"\" aria-describedby=\"gallery-1-25310\" \/><\/a>\n\t\t\t<\/dt>\n\t\t\t\t<dd class='wp-caption-text gallery-caption' id='gallery-1-25310'>\n\t\t\t\tCr\u00e9dito: Joanna Vaz\n\t\t\t\t<\/dd><\/dl><dl class='gallery-item'>\n\t\t\t<dt class='gallery-icon landscape'>\n\t\t\t\t<a href='https:\/\/www.riogrande.rs.gov.br\/smed\/wp-content\/uploads\/2018\/03\/20180321-pmrg-5ab2660852218.jpg' rel=\"lightbox[25303]\"><img loading=\"lazy\" decoding=\"async\" width=\"150\" height=\"150\" src=\"https:\/\/www.riogrande.rs.gov.br\/smed\/wp-content\/uploads\/2018\/03\/20180321-pmrg-5ab2660852218-150x150.jpg\" class=\"attachment-thumbnail size-thumbnail\" alt=\"\" aria-describedby=\"gallery-1-25311\" \/><\/a>\n\t\t\t<\/dt>\n\t\t\t\t<dd class='wp-caption-text gallery-caption' id='gallery-1-25311'>\n\t\t\t\tCr\u00e9dito: Joanna Vaz\n\t\t\t\t<\/dd><\/dl><br style=\"clear: both\" \/>\n\t\t<\/div>\n\n<p>Fonte: <a href=\"http:\/\/www.riogrande.rs.gov.br\/pagina\/index.php\/noticias\/detalhes+3254d6,,escola-bilingue-passa-a-ofertar-ensino-medio-e-torna-se-referencia-no-rs.html#.WrKQfa3OqT8\" target=\"_blank\" rel=\"noopener\"><strong>www.riogrande.rs.gov.br<\/strong><\/a><\/p>\n<p style=\"text-align: justify;\">Em fevereiro de 2015 Rio Grande deu um passo importante para a educa\u00e7\u00e3o inclusiva do munic\u00edpio, com a inaugura\u00e7\u00e3o da Escola Bil\u00edngue, uma das primeiras do segmento no pa\u00eds. Funcionando em tempo integral, a Escola Municipal de Educa\u00e7\u00e3o Bil\u00edngue Prof.\u00aa Carmen Regina Teixeira Baldino atendia no pr\u00e9dio do Centro de Forma\u00e7\u00e3o Especial Escola Viva, com cinco salas de aula para todos os alunos.<\/p>\n<p><!--more--><\/p>\n<p>&nbsp;<\/p>\n<p style=\"text-align: justify;\">Com o aumento da demanda e a necessidade de ampliar o espa\u00e7o f\u00edsico para o desenvolvimento das suas atividades pedag\u00f3gicas, surgiram outros desafios. Em apenas tr\u00eas anos, um novo espa\u00e7o foi inaugurado pela Prefeitura Municipal do Rio Grande e a nova instala\u00e7\u00e3o da institui\u00e7\u00e3o de ensino agora conta com uma estrutura de 11 salas de aula, sala de intera\u00e7\u00e3o, cozinha, sala de professores, p\u00e1tio e banheiros, al\u00e9m de 19 profissionais especializados no ensino bil\u00edngue que atendem 64 alunos, de 4 a 59 anos.<\/p>\n<p style=\"text-align: justify;\">A noite de ter\u00e7a-feira (20) marcou uma nova conquista para a escola e, consequentemente, para comunidade surda: a consolida\u00e7\u00e3o da primeira turma de ensino m\u00e9dio da Escola Prof.\u00aa Carmen Regina Teixeira Baldino. O projeto \u00e9 resultado de uma parceria da Prefeitura Municipal do Rio Grande, atrav\u00e9s da Secretaria de Munic\u00edpio da Educa\u00e7\u00e3o (SMEd), com a 18\u00aa Coordenadoria Regional de Educa\u00e7\u00e3o, representada pelo N\u00facleo Estadual de Educa\u00e7\u00e3o de Jovens e Adultos (NEJA).<\/p>\n<p style=\"text-align: justify;\">Para destacar o momento, uma aula inaugural reuniu autoridades, professores, professoras, alunos e alunas, no pr\u00e9dio da institui\u00e7\u00e3o.<\/p>\n<p style=\"text-align: justify;\">Segundo a diretora da escola, a professora Cristiane Terra, 20 alunos est\u00e3o matriculados para fazer o ensino m\u00e9dio, no per\u00edodo de um ano e meio, diferente do per\u00edodo regular, adaptado para o ensino em Libras (L\u00edngua Brasileira de Sinais).<\/p>\n<p style=\"text-align: justify;\">Por ser refer\u00eancia no ensino bil\u00edngue, a proposta \u00e9 que este projeto possa dar continuidade \u00e0 escolariza\u00e7\u00e3o de pessoas surdas, considerando a demanda existente para o ingresso no ensino m\u00e9dio, qualificando o acesso e a perman\u00eancia desses estudantes na etapa final da educa\u00e7\u00e3o b\u00e1sica.<\/p>\n<p style=\"text-align: justify;\">Na sua fala, o prefeito Alexandre Lindenmeyer destacou as conquistas alcan\u00e7adas pela escola at\u00e9 o momento e destacou a import\u00e2ncia dada \u00e0 educa\u00e7\u00e3o inclusiva em Rio Grande<\/p>\n<p style=\"text-align: justify;\">\u2018\u2019Se algu\u00e9m, no passado, dizia que a comunidade surda era pequena, hoje, com essa a\u00e7\u00e3o conseguimos provar que vale a pena. De pouco mais de 20 passamos a atender 86 alunos e alunas. Se havia alguma d\u00favida quanto ao acesso \u00e0 educa\u00e7\u00e3o inclusiva, hoje n\u00f3s temos uma certeza\u201d, completa. O Chefe do Executivo ressaltou, ainda, que se sente muito feliz e desafiado em dar continuidade a esses avan\u00e7os.<\/p>\n<p style=\"text-align: justify;\">Para o Secret\u00e1rio de Munic\u00edpio da Educa\u00e7\u00e3o, Andr\u00e9 Lemes, que tamb\u00e9m esteve presente na solenidade, a proposta atende \u00e0 uma reivindica\u00e7\u00e3o antiga da comunidade surda ampliando o acesso \u00e0 educa\u00e7\u00e3o. \u201cTrata-se de uma constru\u00e7\u00e3o coletiva, pensada para as pessoas e que faz toda a diferen\u00e7a\u201d, completou.<\/p>\n<p style=\"text-align: justify;\">A Escola Bil\u00edngue atende a comunidade surda, crian\u00e7as com defici\u00eancia auditiva e tamb\u00e9m crian\u00e7as com pais surdos dos anos iniciais at\u00e9 os anos finais, al\u00e9m das crian\u00e7as evadidas, que s\u00e3o aquelas que n\u00e3o se adaptaram \u00e0s escolas inclusivas.<\/p>\n<p style=\"text-align: justify;\">O pr\u00e9dio da institui\u00e7\u00e3o est\u00e1 localizado na rua Duque de Caxias, n\u00b0 496 e funciona das 8h \u00e0s 16h30min, para os alunos de turno integral, e das 18h \u00e0s 22h, para os alunos da Educa\u00e7\u00e3o de Jovens e Adultos (EJA).<\/p>\n<p style=\"text-align: justify;\">Estiveram presentes na aula inaugural, al\u00e9m dos citados, o Vice-prefeito Paulo Renato Gomes, a coordenadora da 18\u00aa CRE, Janete Pinto, a diretora do N\u00facleo Estadual de Jovens e Adultos, Carmem Silva e a coordenadora adjunta do Programa de Educa\u00e7\u00e3o de Surdos, Madalena Clain.<\/p>\n","protected":false},"excerpt":{"rendered":"<p>Fonte: www.riogrande.rs.gov.br Em fevereiro de 2015 Rio Grande deu um passo importante para a educa\u00e7\u00e3o inclusiva do munic\u00edpio, com a inaugura\u00e7\u00e3o da Escola Bil\u00edngue, uma das primeiras do segmento no pa\u00eds. Funcionando em tempo integral, a Escola Municipal de Educa\u00e7\u00e3o Bil\u00edngue Prof.\u00aa Carmen Regina Teixeira Baldino atendia no pr\u00e9dio do Centro de Forma\u00e7\u00e3o Especial Escola [&hellip;]<\/p>\n","protected":false},"author":7,"featured_media":0,"comment_status":"closed","ping_status":"closed","sticky":false,"template":"","format":"standard","meta":{"footnotes":""},"categories":[1],"tags":[],"class_list":["post-25303","post","type-post","status-publish","format-standard","hentry","category-noticias"],"_links":{"self":[{"href":"https:\/\/www.riogrande.rs.gov.br\/smed\/index.php?rest_route=\/wp\/v2\/posts\/25303"}],"collection":[{"href":"https:\/\/www.riogrande.rs.gov.br\/smed\/index.php?rest_route=\/wp\/v2\/posts"}],"about":[{"href":"https:\/\/www.riogrande.rs.gov.br\/smed\/index.php?rest_route=\/wp\/v2\/types\/post"}],"author":[{"embeddable":true,"href":"https:\/\/www.riogrande.rs.gov.br\/smed\/index.php?rest_route=\/wp\/v2\/users\/7"}],"replies":[{"embeddable":true,"href":"https:\/\/www.riogrande.rs.gov.br\/smed\/index.php?rest_route=%2Fwp%2Fv2%2Fcomments&post=25303"}],"version-history":[{"count":1,"href":"https:\/\/www.riogrande.rs.gov.br\/smed\/index.php?rest_route=\/wp\/v2\/posts\/25303\/revisions"}],"predecessor-version":[{"id":25312,"href":"https:\/\/www.riogrande.rs.gov.br\/smed\/index.php?rest_route=\/wp\/v2\/posts\/25303\/revisions\/25312"}],"wp:attachment":[{"href":"https:\/\/www.riogrande.rs.gov.br\/smed\/index.php?rest_route=%2Fwp%2Fv2%2Fmedia&parent=25303"}],"wp:term":[{"taxonomy":"category","embeddable":true,"href":"https:\/\/www.riogrande.rs.gov.br\/smed\/index.php?rest_route=%2Fwp%2Fv2%2Fcategories&post=25303"},{"taxonomy":"post_tag","embeddable":true,"href":"https:\/\/www.riogrande.rs.gov.br\/smed\/index.php?rest_route=%2Fwp%2Fv2%2Ftags&post=25303"}],"curies":[{"name":"wp","href":"https:\/\/api.w.org\/{rel}","templated":true}]}}