{"id":25186,"date":"2018-03-14T16:12:58","date_gmt":"2018-03-14T19:12:58","guid":{"rendered":"http:\/\/www.riogrande.rs.gov.br\/smed\/?p=25186"},"modified":"2018-03-14T16:12:58","modified_gmt":"2018-03-14T19:12:58","slug":"secretario-da-educacao-visitou-escolas-da-rede-municipal","status":"publish","type":"post","link":"https:\/\/www.riogrande.rs.gov.br\/smed\/?p=25186","title":{"rendered":"Secret\u00e1rio da Educa\u00e7\u00e3o visitou Escolas da Rede Municipal"},"content":{"rendered":"\n\t\t<style type=\"text\/css\">\n\t\t\t#gallery-1 {\n\t\t\t\tmargin: auto;\n\t\t\t}\n\t\t\t#gallery-1 .gallery-item {\n\t\t\t\tfloat: left;\n\t\t\t\tmargin-top: 10px;\n\t\t\t\ttext-align: center;\n\t\t\t\twidth: 33%;\n\t\t\t}\n\t\t\t#gallery-1 img {\n\t\t\t\tborder: 2px solid #cfcfcf;\n\t\t\t}\n\t\t\t#gallery-1 .gallery-caption {\n\t\t\t\tmargin-left: 0;\n\t\t\t}\n\t\t\t\/* see gallery_shortcode() in wp-includes\/media.php *\/\n\t\t<\/style>\n\t\t<div id='gallery-1' class='gallery galleryid-25186 gallery-columns-3 gallery-size-thumbnail'><dl class='gallery-item'>\n\t\t\t<dt class='gallery-icon portrait'>\n\t\t\t\t<a href='https:\/\/www.riogrande.rs.gov.br\/smed\/wp-content\/uploads\/2018\/03\/20180314-ped-visistas-image1.jpg' rel=\"lightbox[25186]\"><img loading=\"lazy\" decoding=\"async\" width=\"150\" height=\"150\" src=\"https:\/\/www.riogrande.rs.gov.br\/smed\/wp-content\/uploads\/2018\/03\/20180314-ped-visistas-image1-150x150.jpg\" class=\"attachment-thumbnail size-thumbnail\" alt=\"\" aria-describedby=\"gallery-1-25187\" \/><\/a>\n\t\t\t<\/dt>\n\t\t\t\t<dd class='wp-caption-text gallery-caption' id='gallery-1-25187'>\n\t\t\t\tDivulga\u00e7\u00e3o\n\t\t\t\t<\/dd><\/dl><dl class='gallery-item'>\n\t\t\t<dt class='gallery-icon landscape'>\n\t\t\t\t<a href='https:\/\/www.riogrande.rs.gov.br\/smed\/wp-content\/uploads\/2018\/03\/20180314-ped-visistas-image2.jpg' rel=\"lightbox[25186]\"><img loading=\"lazy\" decoding=\"async\" width=\"150\" height=\"150\" src=\"https:\/\/www.riogrande.rs.gov.br\/smed\/wp-content\/uploads\/2018\/03\/20180314-ped-visistas-image2-150x150.jpg\" class=\"attachment-thumbnail size-thumbnail\" alt=\"\" aria-describedby=\"gallery-1-25188\" \/><\/a>\n\t\t\t<\/dt>\n\t\t\t\t<dd class='wp-caption-text gallery-caption' id='gallery-1-25188'>\n\t\t\t\tDivulga\u00e7\u00e3o\n\t\t\t\t<\/dd><\/dl><dl class='gallery-item'>\n\t\t\t<dt class='gallery-icon landscape'>\n\t\t\t\t<a href='https:\/\/www.riogrande.rs.gov.br\/smed\/wp-content\/uploads\/2018\/03\/20180314-ped-visistas-image3.jpg' rel=\"lightbox[25186]\"><img loading=\"lazy\" decoding=\"async\" width=\"150\" height=\"150\" src=\"https:\/\/www.riogrande.rs.gov.br\/smed\/wp-content\/uploads\/2018\/03\/20180314-ped-visistas-image3-150x150.jpg\" class=\"attachment-thumbnail size-thumbnail\" alt=\"\" aria-describedby=\"gallery-1-25189\" \/><\/a>\n\t\t\t<\/dt>\n\t\t\t\t<dd class='wp-caption-text gallery-caption' id='gallery-1-25189'>\n\t\t\t\tDivulga\u00e7\u00e3o\n\t\t\t\t<\/dd><\/dl><br style=\"clear: both\" \/><dl class='gallery-item'>\n\t\t\t<dt class='gallery-icon landscape'>\n\t\t\t\t<a href='https:\/\/www.riogrande.rs.gov.br\/smed\/wp-content\/uploads\/2018\/03\/20180314-ped-visistas-image4.jpg' rel=\"lightbox[25186]\"><img loading=\"lazy\" decoding=\"async\" width=\"150\" height=\"150\" src=\"https:\/\/www.riogrande.rs.gov.br\/smed\/wp-content\/uploads\/2018\/03\/20180314-ped-visistas-image4-150x150.jpg\" class=\"attachment-thumbnail size-thumbnail\" alt=\"\" aria-describedby=\"gallery-1-25190\" \/><\/a>\n\t\t\t<\/dt>\n\t\t\t\t<dd class='wp-caption-text gallery-caption' id='gallery-1-25190'>\n\t\t\t\tDivulga\u00e7\u00e3o\n\t\t\t\t<\/dd><\/dl><dl class='gallery-item'>\n\t\t\t<dt class='gallery-icon landscape'>\n\t\t\t\t<a href='https:\/\/www.riogrande.rs.gov.br\/smed\/wp-content\/uploads\/2018\/03\/20180314-ped-visistas-image5.jpg' rel=\"lightbox[25186]\"><img loading=\"lazy\" decoding=\"async\" width=\"150\" height=\"150\" src=\"https:\/\/www.riogrande.rs.gov.br\/smed\/wp-content\/uploads\/2018\/03\/20180314-ped-visistas-image5-150x150.jpg\" class=\"attachment-thumbnail size-thumbnail\" alt=\"\" aria-describedby=\"gallery-1-25191\" \/><\/a>\n\t\t\t<\/dt>\n\t\t\t\t<dd class='wp-caption-text gallery-caption' id='gallery-1-25191'>\n\t\t\t\tDivulga\u00e7\u00e3o\n\t\t\t\t<\/dd><\/dl><dl class='gallery-item'>\n\t\t\t<dt class='gallery-icon landscape'>\n\t\t\t\t<a href='https:\/\/www.riogrande.rs.gov.br\/smed\/wp-content\/uploads\/2018\/03\/20180314-ped-visistas-image6.jpg' rel=\"lightbox[25186]\"><img loading=\"lazy\" decoding=\"async\" width=\"150\" height=\"150\" src=\"https:\/\/www.riogrande.rs.gov.br\/smed\/wp-content\/uploads\/2018\/03\/20180314-ped-visistas-image6-150x150.jpg\" class=\"attachment-thumbnail size-thumbnail\" alt=\"\" aria-describedby=\"gallery-1-25192\" \/><\/a>\n\t\t\t<\/dt>\n\t\t\t\t<dd class='wp-caption-text gallery-caption' id='gallery-1-25192'>\n\t\t\t\tDivulga\u00e7\u00e3o\n\t\t\t\t<\/dd><\/dl><br style=\"clear: both\" \/>\n\t\t<\/div>\n\n<p style=\"text-align: justify;\">Na \u00faltima semana, o secret\u00e1rio de Munic\u00edpio da Educa\u00e7\u00e3o de Rio Grande, Andr\u00e9 Lemes da Silva, visitou sete escolas da rede municipal de ensino: as EMEFs Wanda Rocha Martins, Porto Seguro, Olavo Bilac, Jo\u00e3o de Oliveira Martins, Humberto de Campos, Mar\u00edlia Rodrigues Santos e Cidade do Rio Grande\/CAIC.<\/p>\n<p style=\"text-align: justify;\"><!--more--><\/p>\n<p>&nbsp;<\/p>\n<p style=\"text-align: justify;\">Nas EMEFs Wanda Rocha Martins, no Cassino, e Porto Seguro, no Parque Marinha, Andr\u00e9 Lemes teve um di\u00e1logo franco e transparente com mais de 150 professores sobre os problemas ocasionados no sistema da folha de pagamento do m\u00eas de janeiro e um di\u00e1logo pedag\u00f3gico\/conceitual sobre os tempos de hora-atividade (espa\u00e7o de n\u00e3o intera\u00e7\u00e3o com os alunos) dos professores. Na pauta, tamb\u00e9m foram abordados a organiza\u00e7\u00e3o, planejamento, estudo e, principalmente, o olhar diferenciado que se deve ter para com o ambiente escolar e especialmente para com os desafios pedag\u00f3gicos dos nossos estudantes.<\/p>\n<p style=\"text-align: justify;\">Na EMEF Olavo Bilac, na Vila da Quinta, o secret\u00e1rio Andr\u00e9 e sua \u00a0equipe foram recebidos pela diretora Mar\u00edlia Chaves Carvalho, que lhes apresentou as principais demandas da Escola nesse in\u00edcio de ano, bem como exp\u00f4s sua proposta de trabalho \u00e0 frente da dire\u00e7\u00e3o. Em di\u00e1logo com a diretora, foi decidido que para a amplia\u00e7\u00e3o de vagas no novo pr\u00e9dio que est\u00e1 em constru\u00e7\u00e3o, ser\u00e1 priorizado o atendimento \u00e0 Educa\u00e7\u00e3o Infantil, que \u00e9 a maior demanda da comunidade.<\/p>\n<p style=\"text-align: justify;\">Na EMEF Jo\u00e3o de Oliveira Martins, no bairro Castelo Branco, o diretor Jorge Satt relatou a import\u00e2ncia de iniciar o ano letivo com seu quadro completo de profissionais nos mais diversos setores que comp\u00f5em a unidade escolar. \u201c<b>Esse tem sido o nosso objetivo primeiro na Secretaria para garantir o atendimento dos alunos sem interrup\u00e7\u00e3o<\/b>\u201d, afirmou Andr\u00e9 Lemes.\u201c<b>Conversamos sobre a primeira semana de efetivo trabalho junto aos estudantes, das melhorias que est\u00e3o sendo realizadas no pr\u00e9dio da Escola a partir de recursos provenientes do PDDE\/FNDE, entre v\u00e1rios outros temas. Convidei o secret\u00e1rio e seu assessor, Gabriel Lisboa, para conferirem a qualidade da merenda oferecida pela nossa Institui\u00e7\u00e3o. A visita do Secret\u00e1rio mostra sua preocupa\u00e7\u00e3o e compromisso em estar pr\u00f3ximo da base, como ele diz \u2018no ch\u00e3o da escola<\/b>\u2019<b>, lugar onde se produzem in\u00fameros saberes, dizeres e fazeres<\/b>\u201d, destacou o diretor Jorge Satt.<\/p>\n<p style=\"text-align: justify;\">Na visita \u00e0 EMEF Humberto de Campos, no bairro Senandes, a alegria e a vibra\u00e7\u00e3o dos alunos contagiou a equipe da SMEd. \u201c<b>Sa\u00ed contagiado depois de uma conversa com os alunos e com a diretora Sheila Zok. Ouvi as reivindica\u00e7\u00f5es deles para melhorias na Escola. \u00c9 lindo ver o conhecimento e a criticidade das nossas crian\u00e7as<\/b>\u201d, destacou o secret\u00e1rio Andr\u00e9. \u201c<b>A visita do secret\u00e1rio da Educa\u00e7\u00e3o em nossa Escola \u00a0foi um momento importante de di\u00e1logo e conversa franca; oportunidade em que ele aproveitou para visualizar &#8220;in loco&#8221; a realidade da EMEF Humberto de Campos, bem como ouvir os posicionamentos e anseios da dire\u00e7\u00e3o e estudantes, acerca do que desejam para a institui\u00e7\u00e3o. Mais uma vez, o secret\u00e1rio Andr\u00e9 mostrou, atrav\u00e9s de sua vis\u00e3o humana e respeitosa, que uma EscolaComVida se faz com muito trabalho, uni\u00e3o, di\u00e1logo e sempre com a consci\u00eancia de que devemos buscar o melhor para o pleno desenvolvimento dos nossos estudantes<\/b>\u201d, destacou a diretora Sheila Zok.<\/p>\n<p style=\"text-align: justify;\">O carinho, a vibra\u00e7\u00e3o e a alegria dos meninos e meninas da EMEF Mar\u00edlia Rodrigues Santos, no bairro Boa Vista, tamb\u00e9m emocionaram a equipe da SMEd. \u201c<b>Agradecemos a visita e o momento de di\u00e1logo proporcionado pelo secret\u00e1rio Andr\u00e9 e sua equipe. Obrigada pela aten\u00e7\u00e3o dada aos nossos alunos, professores e funcion\u00e1rias. Na EMEF Mar\u00edlia Rodrigues Santos todos trabalham com um \u00fanico objetivo: proporcionar aos nossos alunos uma escola de qualidade<\/b>\u201d, destacou a diretora Deise Donatti Maciel.<\/p>\n<p style=\"text-align: justify;\">Em visita \u00e0 EMEF Cidade do Rio Grande\/CAIC, o secret\u00e1rio Andr\u00e9 conversou com a nova diretora, a professora Liane Marques; com as novas vice-diretoras, Juliana da Silva, Aline Albernaz \u00a0e Bruna dos Santos, bem como com os demais profissionais da educa\u00e7\u00e3o daquela institui\u00e7\u00e3o. \u201c<b>O contato com os alunos, professores, gestores e demais servidores que atuam nas escolas da rede municipal \u00e9 algo revigorante e, nesta institui\u00e7\u00e3o, em especial, a sensa\u00e7\u00e3o de \u2018estar em casa\u2019 acentua-se, pois foi aqui, no CAIC, que aprendi o sentido da escola, sua fun\u00e7\u00e3o social e educativa<\/b>\u201d, disse Andr\u00e9 Lemes.<\/p>\n<p>&nbsp;<\/p>\n<p style=\"text-align: right;\"><em>SMEd<\/em><br \/>\n<em> Roberton Reis<\/em><\/p>\n","protected":false},"excerpt":{"rendered":"<p>Na \u00faltima semana, o secret\u00e1rio de Munic\u00edpio da Educa\u00e7\u00e3o de Rio Grande, Andr\u00e9 Lemes da Silva, visitou sete escolas da rede municipal de ensino: as EMEFs Wanda Rocha Martins, Porto Seguro, Olavo Bilac, Jo\u00e3o de Oliveira Martins, Humberto de Campos, Mar\u00edlia Rodrigues Santos e Cidade do Rio Grande\/CAIC.<\/p>\n","protected":false},"author":7,"featured_media":0,"comment_status":"closed","ping_status":"closed","sticky":false,"template":"","format":"standard","meta":{"footnotes":""},"categories":[1],"tags":[],"class_list":["post-25186","post","type-post","status-publish","format-standard","hentry","category-noticias"],"_links":{"self":[{"href":"https:\/\/www.riogrande.rs.gov.br\/smed\/index.php?rest_route=\/wp\/v2\/posts\/25186"}],"collection":[{"href":"https:\/\/www.riogrande.rs.gov.br\/smed\/index.php?rest_route=\/wp\/v2\/posts"}],"about":[{"href":"https:\/\/www.riogrande.rs.gov.br\/smed\/index.php?rest_route=\/wp\/v2\/types\/post"}],"author":[{"embeddable":true,"href":"https:\/\/www.riogrande.rs.gov.br\/smed\/index.php?rest_route=\/wp\/v2\/users\/7"}],"replies":[{"embeddable":true,"href":"https:\/\/www.riogrande.rs.gov.br\/smed\/index.php?rest_route=%2Fwp%2Fv2%2Fcomments&post=25186"}],"version-history":[{"count":1,"href":"https:\/\/www.riogrande.rs.gov.br\/smed\/index.php?rest_route=\/wp\/v2\/posts\/25186\/revisions"}],"predecessor-version":[{"id":25193,"href":"https:\/\/www.riogrande.rs.gov.br\/smed\/index.php?rest_route=\/wp\/v2\/posts\/25186\/revisions\/25193"}],"wp:attachment":[{"href":"https:\/\/www.riogrande.rs.gov.br\/smed\/index.php?rest_route=%2Fwp%2Fv2%2Fmedia&parent=25186"}],"wp:term":[{"taxonomy":"category","embeddable":true,"href":"https:\/\/www.riogrande.rs.gov.br\/smed\/index.php?rest_route=%2Fwp%2Fv2%2Fcategories&post=25186"},{"taxonomy":"post_tag","embeddable":true,"href":"https:\/\/www.riogrande.rs.gov.br\/smed\/index.php?rest_route=%2Fwp%2Fv2%2Ftags&post=25186"}],"curies":[{"name":"wp","href":"https:\/\/api.w.org\/{rel}","templated":true}]}}