{"id":24613,"date":"2017-12-12T15:21:09","date_gmt":"2017-12-12T17:21:09","guid":{"rendered":"http:\/\/www.riogrande.rs.gov.br\/smed\/?p=24613"},"modified":"2017-12-12T15:24:21","modified_gmt":"2017-12-12T17:24:21","slug":"encontro-de-gestores-debate-educacao-publica-em-rio-grande","status":"publish","type":"post","link":"https:\/\/www.riogrande.rs.gov.br\/smed\/?p=24613","title":{"rendered":"ENCONTRO DE GESTORES DEBATE EDUCA\u00c7\u00c3O P\u00daBLICA EM RIO GRANDE"},"content":{"rendered":"\n\t\t<style type=\"text\/css\">\n\t\t\t#gallery-1 {\n\t\t\t\tmargin: auto;\n\t\t\t}\n\t\t\t#gallery-1 .gallery-item {\n\t\t\t\tfloat: left;\n\t\t\t\tmargin-top: 10px;\n\t\t\t\ttext-align: center;\n\t\t\t\twidth: 33%;\n\t\t\t}\n\t\t\t#gallery-1 img {\n\t\t\t\tborder: 2px solid #cfcfcf;\n\t\t\t}\n\t\t\t#gallery-1 .gallery-caption {\n\t\t\t\tmargin-left: 0;\n\t\t\t}\n\t\t\t\/* see gallery_shortcode() in wp-includes\/media.php *\/\n\t\t<\/style>\n\t\t<div id='gallery-1' class='gallery galleryid-24613 gallery-columns-3 gallery-size-thumbnail'><dl class='gallery-item'>\n\t\t\t<dt class='gallery-icon landscape'>\n\t\t\t\t<a href='https:\/\/www.riogrande.rs.gov.br\/smed\/wp-content\/uploads\/2017\/12\/20171212-pmrg1.jpg' rel=\"lightbox[24613]\"><img loading=\"lazy\" decoding=\"async\" width=\"150\" height=\"150\" src=\"https:\/\/www.riogrande.rs.gov.br\/smed\/wp-content\/uploads\/2017\/12\/20171212-pmrg1-150x150.jpg\" class=\"attachment-thumbnail size-thumbnail\" alt=\"\" aria-describedby=\"gallery-1-24616\" \/><\/a>\n\t\t\t<\/dt>\n\t\t\t\t<dd class='wp-caption-text gallery-caption' id='gallery-1-24616'>\n\t\t\t\tDivulga\u00e7\u00e3o\n\t\t\t\t<\/dd><\/dl><dl class='gallery-item'>\n\t\t\t<dt class='gallery-icon landscape'>\n\t\t\t\t<a href='https:\/\/www.riogrande.rs.gov.br\/smed\/wp-content\/uploads\/2017\/12\/20171212-pmrg2.jpg' rel=\"lightbox[24613]\"><img loading=\"lazy\" decoding=\"async\" width=\"150\" height=\"150\" src=\"https:\/\/www.riogrande.rs.gov.br\/smed\/wp-content\/uploads\/2017\/12\/20171212-pmrg2-150x150.jpg\" class=\"attachment-thumbnail size-thumbnail\" alt=\"\" aria-describedby=\"gallery-1-24617\" \/><\/a>\n\t\t\t<\/dt>\n\t\t\t\t<dd class='wp-caption-text gallery-caption' id='gallery-1-24617'>\n\t\t\t\tDivulga\u00e7\u00e3o\n\t\t\t\t<\/dd><\/dl><dl class='gallery-item'>\n\t\t\t<dt class='gallery-icon landscape'>\n\t\t\t\t<a href='https:\/\/www.riogrande.rs.gov.br\/smed\/wp-content\/uploads\/2017\/12\/20171212-pmrg3.jpg' rel=\"lightbox[24613]\"><img loading=\"lazy\" decoding=\"async\" width=\"150\" height=\"150\" src=\"https:\/\/www.riogrande.rs.gov.br\/smed\/wp-content\/uploads\/2017\/12\/20171212-pmrg3-150x150.jpg\" class=\"attachment-thumbnail size-thumbnail\" alt=\"\" aria-describedby=\"gallery-1-24618\" \/><\/a>\n\t\t\t<\/dt>\n\t\t\t\t<dd class='wp-caption-text gallery-caption' id='gallery-1-24618'>\n\t\t\t\tDivulga\u00e7\u00e3o\n\t\t\t\t<\/dd><\/dl><br style=\"clear: both\" \/>\n\t\t<\/div>\n\n<p>Fonte: <a href=\"http:\/\/www.riogrande.rs.gov.br\/pagina\/index.php\/noticias\/detalhes+154a91e,,encontro-de-gestores-debate-educacao-publica-em-rio-grande.html#.WjAPl60lHGJ\" target=\"_blank\" rel=\"noopener\"><strong>www.riogrande.rs.gov.br<\/strong><\/a><\/p>\n<p class=\"sizeable\" style=\"text-align: justify;\">Mais de 30 munic\u00edpios do estado estiveram representados, atrav\u00e9s dos seus secret\u00e1rios municipais e equipes t\u00e9cnicas da \u00e1rea educacional no Ciclo de Semin\u00e1rios 2017. O evento ocorreu na manh\u00e3 e tarde desta segunda-feira (11), em edi\u00e7\u00e3o in\u00e9dita em Rio Grande, e soma-se \u00e0 programa\u00e7\u00e3o dos 280 anos do munic\u00edpio. Realizado pela Uni\u00e3o dos Dirigentes Municipais de Educa\u00e7\u00e3o do Rio Grande do Sul (Undime-RS) em parceria com a Federa\u00e7\u00e3o das Associa\u00e7\u00f5es dos Munic\u00edpios do Rio Grande do Sul (Famurs), o painel proporcionou um espa\u00e7o democr\u00e1tico para troca de experi\u00eancias entre os gestores e debates acerca de temas relacionados \u00e0 educa\u00e7\u00e3o p\u00fablica, como financiamento da educa\u00e7\u00e3o e impactos na execu\u00e7\u00e3o do PME, busca ativa escolar, Base Nacional Comum Curricular, programas e pol\u00edticas educacionais.<\/p>\n<p><!--more--><\/p>\n<p>&nbsp;<\/p>\n<p class=\"sizeable\" style=\"text-align: justify;\">De acordo com o secret\u00e1rio de munic\u00edpio da Educa\u00e7\u00e3o do munic\u00edpio do Rio Grande, Andr\u00e9 Lemes, este \u00e9 o quarto encontro de gestores realizado no interior do estado. Segundo ele, a op\u00e7\u00e3o pela descentraliza\u00e7\u00e3o dos debates deve-se \u00e0 crise financeira vivenciada pelos munic\u00edpios e tem por objetivo facilitar o di\u00e1logo e incentivar a constru\u00e7\u00e3o coletiva. A interioriza\u00e7\u00e3o, destaca o gestor, encerra amanh\u00e3 (12) com o quinto e \u00faltimo encontro do ano realizado no munic\u00edpio de Frederico Westphalen, regi\u00e3o noroeste do estado.<\/p>\n<p class=\"sizeable\" style=\"text-align: justify;\">Presidente, pelo segundo ano consecutivo da Undime-RS, Lemes refor\u00e7ou o papel da associa\u00e7\u00e3o aos presentes \u201cA Undime tem uma fun\u00e7\u00e3o muito importante na constru\u00e7\u00e3o das pol\u00edticas educacionais. \u00c9 o espa\u00e7o de representatividade dos secret\u00e1rios municipais de educa\u00e7\u00e3o do Rio Grande do Sul e protagonista no processo de forma\u00e7\u00e3o dos respons\u00e1veis pela gest\u00e3o da educa\u00e7\u00e3o p\u00fablica dos nossos munic\u00edpios\u201d, disse.<\/p>\n<p class=\"sizeable\" style=\"text-align: justify;\">\u201cTemos travado um debate muito firme, em todas as \u00e1reas de atua\u00e7\u00e3o da educa\u00e7\u00e3o dos nossos munic\u00edpios, na defesa de uma educa\u00e7\u00e3o p\u00fablica, de qualidade e com compromisso social. N\u00e3o tenho d\u00favidas de que sairemos daqui sabendo quais as tarefas nos esperam a partir de 2018, dos grandes desafios que teremos pela frente\u201d, concluiu.<\/p>\n<p class=\"sizeable\" style=\"text-align: justify;\">Participaram do encontro, representando a Federa\u00e7\u00e3o das Associa\u00e7\u00f5es dos Munic\u00edpios do Rio Grande do Sul (Famurs), o prefeito do Rio Grande Alexandre Lindenmeyer, a presidente da Comiss\u00e3o dos 280 anos do munic\u00edpio, Eunice Lindenmeyer, a reitora da Universidade Federal do Rio Grande, Cleuza Dias, o Promotor Regional de Educa\u00e7\u00e3o, Paulo Charqueiro, o Promotor da Inf\u00e2ncia, Rudimar Soares, a vereadora Andreia Westphal, representando a C\u00e2mara Municipal do Rio Grande e a Coordenadora da Uni\u00e3o dos Conselheiros Municipais, Maria Aparecida Reyer.<\/p>\n","protected":false},"excerpt":{"rendered":"<p>Fonte: www.riogrande.rs.gov.br Mais de 30 munic\u00edpios do estado estiveram representados, atrav\u00e9s dos seus secret\u00e1rios municipais e equipes t\u00e9cnicas da \u00e1rea educacional no Ciclo de Semin\u00e1rios 2017. O evento ocorreu na manh\u00e3 e tarde desta segunda-feira (11), em edi\u00e7\u00e3o in\u00e9dita em Rio Grande, e soma-se \u00e0 programa\u00e7\u00e3o dos 280 anos do munic\u00edpio. Realizado pela Uni\u00e3o dos [&hellip;]<\/p>\n","protected":false},"author":7,"featured_media":0,"comment_status":"closed","ping_status":"closed","sticky":false,"template":"","format":"standard","meta":{"footnotes":""},"categories":[45,1],"tags":[],"class_list":["post-24613","post","type-post","status-publish","format-standard","hentry","category-280anosriogrande","category-noticias"],"_links":{"self":[{"href":"https:\/\/www.riogrande.rs.gov.br\/smed\/index.php?rest_route=\/wp\/v2\/posts\/24613"}],"collection":[{"href":"https:\/\/www.riogrande.rs.gov.br\/smed\/index.php?rest_route=\/wp\/v2\/posts"}],"about":[{"href":"https:\/\/www.riogrande.rs.gov.br\/smed\/index.php?rest_route=\/wp\/v2\/types\/post"}],"author":[{"embeddable":true,"href":"https:\/\/www.riogrande.rs.gov.br\/smed\/index.php?rest_route=\/wp\/v2\/users\/7"}],"replies":[{"embeddable":true,"href":"https:\/\/www.riogrande.rs.gov.br\/smed\/index.php?rest_route=%2Fwp%2Fv2%2Fcomments&post=24613"}],"version-history":[{"count":3,"href":"https:\/\/www.riogrande.rs.gov.br\/smed\/index.php?rest_route=\/wp\/v2\/posts\/24613\/revisions"}],"predecessor-version":[{"id":24619,"href":"https:\/\/www.riogrande.rs.gov.br\/smed\/index.php?rest_route=\/wp\/v2\/posts\/24613\/revisions\/24619"}],"wp:attachment":[{"href":"https:\/\/www.riogrande.rs.gov.br\/smed\/index.php?rest_route=%2Fwp%2Fv2%2Fmedia&parent=24613"}],"wp:term":[{"taxonomy":"category","embeddable":true,"href":"https:\/\/www.riogrande.rs.gov.br\/smed\/index.php?rest_route=%2Fwp%2Fv2%2Fcategories&post=24613"},{"taxonomy":"post_tag","embeddable":true,"href":"https:\/\/www.riogrande.rs.gov.br\/smed\/index.php?rest_route=%2Fwp%2Fv2%2Ftags&post=24613"}],"curies":[{"name":"wp","href":"https:\/\/api.w.org\/{rel}","templated":true}]}}