{"id":24604,"date":"2017-12-09T12:14:43","date_gmt":"2017-12-09T14:14:43","guid":{"rendered":"http:\/\/www.riogrande.rs.gov.br\/smed\/?p=24604"},"modified":"2017-12-09T12:21:14","modified_gmt":"2017-12-09T14:21:14","slug":"rio-grande-recebe-ciclo-de-seminarios-undime-rs-no-dia-11","status":"publish","type":"post","link":"https:\/\/www.riogrande.rs.gov.br\/smed\/?p=24604","title":{"rendered":"Rio Grande recebe \u201cCiclo de Semin\u00e1rios &#8211; UNDIME\/RS\u201d no dia 11"},"content":{"rendered":"<div id=\"attachment_24605\" style=\"width: 495px\" class=\"wp-caption aligncenter\"><a href=\"http:\/\/www.riogrande.rs.gov.br\/smed\/wp-content\/uploads\/2017\/12\/20171209-undime-image1.jpg\" rel=\"lightbox[24604]\"><img loading=\"lazy\" decoding=\"async\" aria-describedby=\"caption-attachment-24605\" class=\"size-medium wp-image-24605\" src=\"http:\/\/www.riogrande.rs.gov.br\/smed\/wp-content\/uploads\/2017\/12\/20171209-undime-image1-485x679.jpg\" alt=\"\" width=\"485\" height=\"679\" srcset=\"https:\/\/www.riogrande.rs.gov.br\/smed\/wp-content\/uploads\/2017\/12\/20171209-undime-image1-485x679.jpg 485w, https:\/\/www.riogrande.rs.gov.br\/smed\/wp-content\/uploads\/2017\/12\/20171209-undime-image1-768x1075.jpg 768w, https:\/\/www.riogrande.rs.gov.br\/smed\/wp-content\/uploads\/2017\/12\/20171209-undime-image1-148x207.jpg 148w, https:\/\/www.riogrande.rs.gov.br\/smed\/wp-content\/uploads\/2017\/12\/20171209-undime-image1.jpg 800w\" sizes=\"(max-width: 485px) 100vw, 485px\" \/><\/a><p id=\"caption-attachment-24605\" class=\"wp-caption-text\">Divulga\u00e7\u00e3o<\/p><\/div>\n<p style=\"text-align: justify;\">Na pr\u00f3xima segunda-feira, dia <b>11 de dezembro<\/b>, acontecer\u00e1 na cidade do Rio Grande o \u201c<b>Ciclo de Semin\u00e1rios 2017<\/b>\u201d, que \u00e9 uma realiza\u00e7\u00e3o da Uni\u00e3o dos Dirigentes Municipais de Educa\u00e7\u00e3o do Rio Grande do Sul (UNDIME\/RS) e da Federa\u00e7\u00e3o das Associa\u00e7\u00f5es de Munic\u00edpios do Rio Grande do Sul (FAMURS).<\/p>\n<p style=\"text-align: justify;\"><!--more--><\/p>\n<p style=\"text-align: justify;\">Em Rio Grande, o Ciclo de Semin\u00e1rios ser\u00e1 realizado no Centro de Conv\u00edvio dos Meninos do Mar (CCMAR), que est\u00e1 localizado na rua Visconde de Paranagu\u00e1, 24, Centro. Participar\u00e3o do evento secret\u00e1rios Municipais de Educa\u00e7\u00e3o e equipes t\u00e9cnicas das Secretarias de mais de 30 munic\u00edpios, os quais debater\u00e3o temas importantes da Educa\u00e7\u00e3o P\u00fablica (financiamento, carreira, Base Nacional Comum Curricular, programas e pol\u00edticas educacionais do Minist\u00e9rio da Educa\u00e7\u00e3o, dentre outros).<\/p>\n<p style=\"text-align: justify;\">\u201c<b>Trata-se de um Semin\u00e1rio voltado para gestores da educa\u00e7\u00e3o p\u00fablica dos nossos munic\u00edpios. \u00c9 uma alegria imensa poder recepcionar um evento dessa grandeza em nossa cidade, especialmente por tratar dos principais desafios que est\u00e3o na ordem do dia da educa\u00e7\u00e3o<\/b>\u201d, disse Andr\u00e9 Lemes da Silva, secret\u00e1rio de Munic\u00edpio da Educa\u00e7\u00e3o de Rio Grande.<\/p>\n<p style=\"text-align: justify;\">Acesse <a href=\"http:\/\/www.riogrande.rs.gov.br\/smed\/wp-content\/uploads\/2017\/12\/20171209-undime_programacao.pdf\" target=\"_blank\" rel=\"noopener\"><b>aqui<\/b><\/a> a programa\u00e7\u00e3o completa do Semin\u00e1rio.<\/p>\n<p>&nbsp;<\/p>\n<p style=\"text-align: right;\"><em>SMEd<\/em><br \/>\n<em> Roberton Reis<\/em><\/p>\n","protected":false},"excerpt":{"rendered":"<p>Na pr\u00f3xima segunda-feira, dia 11 de dezembro, acontecer\u00e1 na cidade do Rio Grande o \u201cCiclo de Semin\u00e1rios 2017\u201d, que \u00e9 uma realiza\u00e7\u00e3o da Uni\u00e3o dos Dirigentes Municipais de Educa\u00e7\u00e3o do Rio Grande do Sul (UNDIME\/RS) e da Federa\u00e7\u00e3o das Associa\u00e7\u00f5es de Munic\u00edpios do Rio Grande do Sul (FAMURS).<\/p>\n","protected":false},"author":7,"featured_media":0,"comment_status":"closed","ping_status":"closed","sticky":false,"template":"","format":"standard","meta":{"footnotes":""},"categories":[1],"tags":[],"class_list":["post-24604","post","type-post","status-publish","format-standard","hentry","category-noticias"],"_links":{"self":[{"href":"https:\/\/www.riogrande.rs.gov.br\/smed\/index.php?rest_route=\/wp\/v2\/posts\/24604"}],"collection":[{"href":"https:\/\/www.riogrande.rs.gov.br\/smed\/index.php?rest_route=\/wp\/v2\/posts"}],"about":[{"href":"https:\/\/www.riogrande.rs.gov.br\/smed\/index.php?rest_route=\/wp\/v2\/types\/post"}],"author":[{"embeddable":true,"href":"https:\/\/www.riogrande.rs.gov.br\/smed\/index.php?rest_route=\/wp\/v2\/users\/7"}],"replies":[{"embeddable":true,"href":"https:\/\/www.riogrande.rs.gov.br\/smed\/index.php?rest_route=%2Fwp%2Fv2%2Fcomments&post=24604"}],"version-history":[{"count":2,"href":"https:\/\/www.riogrande.rs.gov.br\/smed\/index.php?rest_route=\/wp\/v2\/posts\/24604\/revisions"}],"predecessor-version":[{"id":24608,"href":"https:\/\/www.riogrande.rs.gov.br\/smed\/index.php?rest_route=\/wp\/v2\/posts\/24604\/revisions\/24608"}],"wp:attachment":[{"href":"https:\/\/www.riogrande.rs.gov.br\/smed\/index.php?rest_route=%2Fwp%2Fv2%2Fmedia&parent=24604"}],"wp:term":[{"taxonomy":"category","embeddable":true,"href":"https:\/\/www.riogrande.rs.gov.br\/smed\/index.php?rest_route=%2Fwp%2Fv2%2Fcategories&post=24604"},{"taxonomy":"post_tag","embeddable":true,"href":"https:\/\/www.riogrande.rs.gov.br\/smed\/index.php?rest_route=%2Fwp%2Fv2%2Ftags&post=24604"}],"curies":[{"name":"wp","href":"https:\/\/api.w.org\/{rel}","templated":true}]}}