{"id":24588,"date":"2017-12-08T16:11:24","date_gmt":"2017-12-08T18:11:24","guid":{"rendered":"http:\/\/www.riogrande.rs.gov.br\/smed\/?p=24588"},"modified":"2017-12-08T16:11:24","modified_gmt":"2017-12-08T18:11:24","slug":"smed-promoveu-ii-encontro-anual-de-capacitacao-para-as-manipuladoras-de-alimentos","status":"publish","type":"post","link":"https:\/\/www.riogrande.rs.gov.br\/smed\/?p=24588","title":{"rendered":"SMEd promoveu \u201cII Encontro Anual de Capacita\u00e7\u00e3o para as Manipuladoras de Alimentos\u201d"},"content":{"rendered":"\n\t\t<style type=\"text\/css\">\n\t\t\t#gallery-1 {\n\t\t\t\tmargin: auto;\n\t\t\t}\n\t\t\t#gallery-1 .gallery-item {\n\t\t\t\tfloat: left;\n\t\t\t\tmargin-top: 10px;\n\t\t\t\ttext-align: center;\n\t\t\t\twidth: 33%;\n\t\t\t}\n\t\t\t#gallery-1 img {\n\t\t\t\tborder: 2px solid #cfcfcf;\n\t\t\t}\n\t\t\t#gallery-1 .gallery-caption {\n\t\t\t\tmargin-left: 0;\n\t\t\t}\n\t\t\t\/* see gallery_shortcode() in wp-includes\/media.php *\/\n\t\t<\/style>\n\t\t<div id='gallery-1' class='gallery galleryid-24588 gallery-columns-3 gallery-size-thumbnail'><dl class='gallery-item'>\n\t\t\t<dt class='gallery-icon portrait'>\n\t\t\t\t<a href='https:\/\/www.riogrande.rs.gov.br\/smed\/wp-content\/uploads\/2017\/12\/20171208-ped-nae-image1.jpg' rel=\"lightbox[24588]\"><img loading=\"lazy\" decoding=\"async\" width=\"150\" height=\"150\" src=\"https:\/\/www.riogrande.rs.gov.br\/smed\/wp-content\/uploads\/2017\/12\/20171208-ped-nae-image1-150x150.jpg\" class=\"attachment-thumbnail size-thumbnail\" alt=\"\" aria-describedby=\"gallery-1-24589\" \/><\/a>\n\t\t\t<\/dt>\n\t\t\t\t<dd class='wp-caption-text gallery-caption' id='gallery-1-24589'>\n\t\t\t\tCr\u00e9dito: NAE\n\t\t\t\t<\/dd><\/dl><dl class='gallery-item'>\n\t\t\t<dt class='gallery-icon landscape'>\n\t\t\t\t<a href='https:\/\/www.riogrande.rs.gov.br\/smed\/wp-content\/uploads\/2017\/12\/20171208-ped-nae-image2.jpg' rel=\"lightbox[24588]\"><img loading=\"lazy\" decoding=\"async\" width=\"150\" height=\"150\" src=\"https:\/\/www.riogrande.rs.gov.br\/smed\/wp-content\/uploads\/2017\/12\/20171208-ped-nae-image2-150x150.jpg\" class=\"attachment-thumbnail size-thumbnail\" alt=\"\" aria-describedby=\"gallery-1-24590\" \/><\/a>\n\t\t\t<\/dt>\n\t\t\t\t<dd class='wp-caption-text gallery-caption' id='gallery-1-24590'>\n\t\t\t\tCr\u00e9dito: NAE\n\t\t\t\t<\/dd><\/dl><dl class='gallery-item'>\n\t\t\t<dt class='gallery-icon landscape'>\n\t\t\t\t<a href='https:\/\/www.riogrande.rs.gov.br\/smed\/wp-content\/uploads\/2017\/12\/20171208-ped-nae-image3.jpg' rel=\"lightbox[24588]\"><img loading=\"lazy\" decoding=\"async\" width=\"150\" height=\"150\" src=\"https:\/\/www.riogrande.rs.gov.br\/smed\/wp-content\/uploads\/2017\/12\/20171208-ped-nae-image3-150x150.jpg\" class=\"attachment-thumbnail size-thumbnail\" alt=\"\" aria-describedby=\"gallery-1-24591\" \/><\/a>\n\t\t\t<\/dt>\n\t\t\t\t<dd class='wp-caption-text gallery-caption' id='gallery-1-24591'>\n\t\t\t\tCr\u00e9dito: NAE\n\t\t\t\t<\/dd><\/dl><br style=\"clear: both\" \/><dl class='gallery-item'>\n\t\t\t<dt class='gallery-icon landscape'>\n\t\t\t\t<a href='https:\/\/www.riogrande.rs.gov.br\/smed\/wp-content\/uploads\/2017\/12\/20171208-ped-nae-image4.jpg' rel=\"lightbox[24588]\"><img loading=\"lazy\" decoding=\"async\" width=\"150\" height=\"150\" src=\"https:\/\/www.riogrande.rs.gov.br\/smed\/wp-content\/uploads\/2017\/12\/20171208-ped-nae-image4-150x150.jpg\" class=\"attachment-thumbnail size-thumbnail\" alt=\"\" aria-describedby=\"gallery-1-24592\" \/><\/a>\n\t\t\t<\/dt>\n\t\t\t\t<dd class='wp-caption-text gallery-caption' id='gallery-1-24592'>\n\t\t\t\tCr\u00e9dito: NAE\n\t\t\t\t<\/dd><\/dl><dl class='gallery-item'>\n\t\t\t<dt class='gallery-icon landscape'>\n\t\t\t\t<a href='https:\/\/www.riogrande.rs.gov.br\/smed\/wp-content\/uploads\/2017\/12\/20171208-ped-nae-image5.jpg' rel=\"lightbox[24588]\"><img loading=\"lazy\" decoding=\"async\" width=\"150\" height=\"150\" src=\"https:\/\/www.riogrande.rs.gov.br\/smed\/wp-content\/uploads\/2017\/12\/20171208-ped-nae-image5-150x150.jpg\" class=\"attachment-thumbnail size-thumbnail\" alt=\"\" aria-describedby=\"gallery-1-24593\" \/><\/a>\n\t\t\t<\/dt>\n\t\t\t\t<dd class='wp-caption-text gallery-caption' id='gallery-1-24593'>\n\t\t\t\tCr\u00e9dito: NAE\n\t\t\t\t<\/dd><\/dl><dl class='gallery-item'>\n\t\t\t<dt class='gallery-icon landscape'>\n\t\t\t\t<a href='https:\/\/www.riogrande.rs.gov.br\/smed\/wp-content\/uploads\/2017\/12\/20171208-ped-nae-image6.jpg' rel=\"lightbox[24588]\"><img loading=\"lazy\" decoding=\"async\" width=\"150\" height=\"150\" src=\"https:\/\/www.riogrande.rs.gov.br\/smed\/wp-content\/uploads\/2017\/12\/20171208-ped-nae-image6-150x150.jpg\" class=\"attachment-thumbnail size-thumbnail\" alt=\"\" aria-describedby=\"gallery-1-24594\" \/><\/a>\n\t\t\t<\/dt>\n\t\t\t\t<dd class='wp-caption-text gallery-caption' id='gallery-1-24594'>\n\t\t\t\tCr\u00e9dito: NAE\n\t\t\t\t<\/dd><\/dl><br style=\"clear: both\" \/><dl class='gallery-item'>\n\t\t\t<dt class='gallery-icon landscape'>\n\t\t\t\t<a href='https:\/\/www.riogrande.rs.gov.br\/smed\/wp-content\/uploads\/2017\/12\/20171208-ped-nae-image7.jpg' rel=\"lightbox[24588]\"><img loading=\"lazy\" decoding=\"async\" width=\"150\" height=\"150\" src=\"https:\/\/www.riogrande.rs.gov.br\/smed\/wp-content\/uploads\/2017\/12\/20171208-ped-nae-image7-150x150.jpg\" class=\"attachment-thumbnail size-thumbnail\" alt=\"\" aria-describedby=\"gallery-1-24595\" \/><\/a>\n\t\t\t<\/dt>\n\t\t\t\t<dd class='wp-caption-text gallery-caption' id='gallery-1-24595'>\n\t\t\t\tCr\u00e9dito: NAE\n\t\t\t\t<\/dd><\/dl><dl class='gallery-item'>\n\t\t\t<dt class='gallery-icon landscape'>\n\t\t\t\t<a href='https:\/\/www.riogrande.rs.gov.br\/smed\/wp-content\/uploads\/2017\/12\/20171208-ped-nae-image8.jpg' rel=\"lightbox[24588]\"><img loading=\"lazy\" decoding=\"async\" width=\"150\" height=\"150\" src=\"https:\/\/www.riogrande.rs.gov.br\/smed\/wp-content\/uploads\/2017\/12\/20171208-ped-nae-image8-150x150.jpg\" class=\"attachment-thumbnail size-thumbnail\" alt=\"\" aria-describedby=\"gallery-1-24596\" \/><\/a>\n\t\t\t<\/dt>\n\t\t\t\t<dd class='wp-caption-text gallery-caption' id='gallery-1-24596'>\n\t\t\t\tCr\u00e9dito: NAE\n\t\t\t\t<\/dd><\/dl><dl class='gallery-item'>\n\t\t\t<dt class='gallery-icon landscape'>\n\t\t\t\t<a href='https:\/\/www.riogrande.rs.gov.br\/smed\/wp-content\/uploads\/2017\/12\/20171208-ped-nae-image9.jpg' rel=\"lightbox[24588]\"><img loading=\"lazy\" decoding=\"async\" width=\"150\" height=\"150\" src=\"https:\/\/www.riogrande.rs.gov.br\/smed\/wp-content\/uploads\/2017\/12\/20171208-ped-nae-image9-150x150.jpg\" class=\"attachment-thumbnail size-thumbnail\" alt=\"\" aria-describedby=\"gallery-1-24597\" \/><\/a>\n\t\t\t<\/dt>\n\t\t\t\t<dd class='wp-caption-text gallery-caption' id='gallery-1-24597'>\n\t\t\t\tCr\u00e9dito: NAE\n\t\t\t\t<\/dd><\/dl><br style=\"clear: both\" \/>\n\t\t<\/div>\n\n<p style=\"text-align: justify;\">Nos dias <b>05 e 06 de dezembro<\/b>, a Secretaria de Munic\u1e55io da Educa\u00e7\u00e3o de Rio Grande (SMEd), atrav\u00e9s do N\u00facleo de Alimenta\u00e7\u00e3o Escolar (NAE), promoveu o \u201c<b>II Encontro Anual de Capacita\u00e7\u00e3o para as Manipuladoras de Alimentos<\/b>\u201d, com a presen\u00e7a de 155 profissionais, totalizando 62 escolas presentes, o que representa um percentual de 75% de participa\u00e7\u00e3o.<\/p>\n<p style=\"text-align: justify;\"><!--more--><\/p>\n<p>&nbsp;<\/p>\n<p style=\"text-align: justify;\">Com a realiza\u00e7\u00e3o do evento na pr\u00f3pria sede do NAE, oportunizou-se \u00e0s participantes a possibilidade de conhecerem mais sobre o funcionamento da equipe e da estrutura que comp\u00f5em a log\u00edstica da Alimenta\u00e7\u00e3o Escolar, em todas as suas etapas e processos.<\/p>\n<p style=\"text-align: justify;\">De forma agrad\u00e1vel e din\u00e2mica, foram repassadas pela equipe t\u00e9cnica do NAE informa\u00e7\u00f5es e conhecimentos pertinentes ao desempenho das fun\u00e7\u00f5es das Manipuladoras, dentre estes:<\/p>\n<ul>\n<li style=\"text-align: justify;\">Informa\u00e7\u00f5es sobre o Programa Nacional de Alimenta\u00e7\u00e3o Escolar (PNAE);<\/li>\n<li style=\"text-align: justify;\">as necessidades nutricionais dos estudantes por faixa et\u00e1ria e modalidades educacionais, com os valores m\u00e9dios de cada refei\u00e7\u00e3o;<\/li>\n<li style=\"text-align: justify;\">a import\u00e2ncia da introdu\u00e7\u00e3o do pescado na Alimenta\u00e7\u00e3o Escolar e a evolu\u00e7\u00e3o da aceitabilidade no decorrer dos anos de 2014, 2015, 2016 e 2017;<\/li>\n<li style=\"text-align: justify;\">a amplia\u00e7\u00e3o da oferta de produtos hortifrutigranjeiros, de 7 para 23 itens;<\/li>\n<li style=\"text-align: justify;\">atualiza\u00e7\u00e3o sobre os produtos espec\u00edficos para patologias alimentares;<\/li>\n<li style=\"text-align: justify;\">os pap\u00e9is dos diferentes agentes envolvidos na Alimenta\u00e7\u00e3o Escolar: nutricionistas, gestores, manipuladoras e professores.<\/li>\n<\/ul>\n<p style=\"text-align: justify;\">\n<p style=\"text-align: justify;\">Ap\u00f3s foi disponibilizado o espa\u00e7o para troca de experi\u00eancias e esclarecimento de d\u00favidas. Todas manipuladoras participaram de um animado <i>\u201cQuiz<\/i> de Conhecimentos\u201d, onde as vencedoras foram agraciadas com uma cesta de presentes, sendo que todas as participantes receberam uma pequena lembran\u00e7a. Todos os brindes foram doados pelos fornecedores, assim como o saboroso caf\u00e9 com quitutes que todos os presentes puderam degustar enquanto confraternizavam com os colegas.<\/p>\n<p style=\"text-align: justify;\">Conforme a coordenadora do NAE, a nutricionista Rita Nascente Caetano, &#8220;<b>s\u00e3o momentos como estes que, al\u00e9m de proporcionar a capacita\u00e7\u00e3o t\u00e9cnica das manipuladoras, possibilitam que estas profissionais percebam o significado de sua atua\u00e7\u00e3o na escola tamb\u00e9m no \u00e2mbito da aprendizagem. S\u00e3o elas que com sua compet\u00eancia, cuidado e carinho colaboram para que os estudantes tenham melhores condi\u00e7\u00f5es de aprendizagem, na medida em que suas necessidades nutricionais est\u00e3o atendidas, dentro da compet\u00eancia da escola. S\u00e3o momentos de valoriza\u00e7\u00e3o para estas profissionais<\/b>&#8220;.<\/p>\n<p>&nbsp;<\/p>\n<p style=\"text-align: right;\"><em>SMEd<\/em><br \/>\n<em> Roberton Reis<\/em><br \/>\n<em> Com informa\u00e7\u00f5es do NAE<\/em><\/p>\n","protected":false},"excerpt":{"rendered":"<p>Nos dias 05 e 06 de dezembro, a Secretaria de Munic\u1e55io da Educa\u00e7\u00e3o de Rio Grande (SMEd), atrav\u00e9s do N\u00facleo de Alimenta\u00e7\u00e3o Escolar (NAE), promoveu o \u201cII Encontro Anual de Capacita\u00e7\u00e3o para as Manipuladoras de Alimentos\u201d, com a presen\u00e7a de 155 profissionais, totalizando 62 escolas presentes, o que representa um percentual de 75% de participa\u00e7\u00e3o.<\/p>\n","protected":false},"author":7,"featured_media":0,"comment_status":"closed","ping_status":"closed","sticky":false,"template":"","format":"standard","meta":{"footnotes":""},"categories":[1,13],"tags":[],"class_list":["post-24588","post","type-post","status-publish","format-standard","hentry","category-noticias","category-pedagogico"],"_links":{"self":[{"href":"https:\/\/www.riogrande.rs.gov.br\/smed\/index.php?rest_route=\/wp\/v2\/posts\/24588"}],"collection":[{"href":"https:\/\/www.riogrande.rs.gov.br\/smed\/index.php?rest_route=\/wp\/v2\/posts"}],"about":[{"href":"https:\/\/www.riogrande.rs.gov.br\/smed\/index.php?rest_route=\/wp\/v2\/types\/post"}],"author":[{"embeddable":true,"href":"https:\/\/www.riogrande.rs.gov.br\/smed\/index.php?rest_route=\/wp\/v2\/users\/7"}],"replies":[{"embeddable":true,"href":"https:\/\/www.riogrande.rs.gov.br\/smed\/index.php?rest_route=%2Fwp%2Fv2%2Fcomments&post=24588"}],"version-history":[{"count":1,"href":"https:\/\/www.riogrande.rs.gov.br\/smed\/index.php?rest_route=\/wp\/v2\/posts\/24588\/revisions"}],"predecessor-version":[{"id":24598,"href":"https:\/\/www.riogrande.rs.gov.br\/smed\/index.php?rest_route=\/wp\/v2\/posts\/24588\/revisions\/24598"}],"wp:attachment":[{"href":"https:\/\/www.riogrande.rs.gov.br\/smed\/index.php?rest_route=%2Fwp%2Fv2%2Fmedia&parent=24588"}],"wp:term":[{"taxonomy":"category","embeddable":true,"href":"https:\/\/www.riogrande.rs.gov.br\/smed\/index.php?rest_route=%2Fwp%2Fv2%2Fcategories&post=24588"},{"taxonomy":"post_tag","embeddable":true,"href":"https:\/\/www.riogrande.rs.gov.br\/smed\/index.php?rest_route=%2Fwp%2Fv2%2Ftags&post=24588"}],"curies":[{"name":"wp","href":"https:\/\/api.w.org\/{rel}","templated":true}]}}