{"id":24585,"date":"2017-12-08T15:12:15","date_gmt":"2017-12-08T17:12:15","guid":{"rendered":"http:\/\/www.riogrande.rs.gov.br\/smed\/?p=24585"},"modified":"2017-12-08T15:17:00","modified_gmt":"2017-12-08T17:17:00","slug":"emef-prof-manoel-martins-mano-realizara-xvii-mostra-artistica-e-cultural-no-dia-09","status":"publish","type":"post","link":"https:\/\/www.riogrande.rs.gov.br\/smed\/?p=24585","title":{"rendered":"EMEF Prof. Manoel Martins Mano realizar\u00e1 \u201cXVII Mostra Art\u00edstica e Cultural\u201d no dia 09"},"content":{"rendered":"<div id=\"attachment_24586\" style=\"width: 495px\" class=\"wp-caption aligncenter\"><a href=\"http:\/\/www.riogrande.rs.gov.br\/smed\/wp-content\/uploads\/2017\/12\/20171208-ped-manoelmano-image1.jpg\" rel=\"lightbox[24585]\"><img loading=\"lazy\" decoding=\"async\" aria-describedby=\"caption-attachment-24586\" class=\"size-medium wp-image-24586\" src=\"http:\/\/www.riogrande.rs.gov.br\/smed\/wp-content\/uploads\/2017\/12\/20171208-ped-manoelmano-image1-485x723.jpg\" alt=\"\" width=\"485\" height=\"723\" srcset=\"https:\/\/www.riogrande.rs.gov.br\/smed\/wp-content\/uploads\/2017\/12\/20171208-ped-manoelmano-image1-485x723.jpg 485w, https:\/\/www.riogrande.rs.gov.br\/smed\/wp-content\/uploads\/2017\/12\/20171208-ped-manoelmano-image1-768x1145.jpg 768w, https:\/\/www.riogrande.rs.gov.br\/smed\/wp-content\/uploads\/2017\/12\/20171208-ped-manoelmano-image1-139x207.jpg 139w, https:\/\/www.riogrande.rs.gov.br\/smed\/wp-content\/uploads\/2017\/12\/20171208-ped-manoelmano-image1.jpg 800w\" sizes=\"(max-width: 485px) 100vw, 485px\" \/><\/a><p id=\"caption-attachment-24586\" class=\"wp-caption-text\">Divulga\u00e7\u00e3o<\/p><\/div>\n<p style=\"text-align: justify;\">A Escola Municipal de Ensino Fundamental Prof. <b>Manoel Martins Mano<\/b>, que est\u00e1 localizada no bairro Parque S\u00e3o Pedro, realizar\u00e1, neste s\u00e1bado, dia <b>09 de dezembro<\/b>, \u00e0s <b>14h30min<\/b>, a \u201c<b>XVII Mostra Art\u00edstica e Cultural<\/b>\u201d.<\/p>\n<p>&nbsp;<\/p>\n<p style=\"text-align: right;\"><em>SMEd<\/em><br \/>\n<em> Roberton Reis<\/em><br \/>\n<em> Com informa\u00e7\u00f5es da EMEF Prof. Manoel Martins Mano<\/em><\/p>\n","protected":false},"excerpt":{"rendered":"<p>A Escola Municipal de Ensino Fundamental Prof. Manoel Martins Mano, que est\u00e1 localizada no bairro Parque S\u00e3o Pedro, realizar\u00e1, neste s\u00e1bado, dia 09 de dezembro, \u00e0s 14h30min, a \u201cXVII Mostra Art\u00edstica e Cultural\u201d. &nbsp; SMEd Roberton Reis Com informa\u00e7\u00f5es da EMEF Prof. Manoel Martins Mano<\/p>\n","protected":false},"author":7,"featured_media":0,"comment_status":"closed","ping_status":"closed","sticky":false,"template":"","format":"standard","meta":{"footnotes":""},"categories":[1,13],"tags":[],"class_list":["post-24585","post","type-post","status-publish","format-standard","hentry","category-noticias","category-pedagogico"],"_links":{"self":[{"href":"https:\/\/www.riogrande.rs.gov.br\/smed\/index.php?rest_route=\/wp\/v2\/posts\/24585"}],"collection":[{"href":"https:\/\/www.riogrande.rs.gov.br\/smed\/index.php?rest_route=\/wp\/v2\/posts"}],"about":[{"href":"https:\/\/www.riogrande.rs.gov.br\/smed\/index.php?rest_route=\/wp\/v2\/types\/post"}],"author":[{"embeddable":true,"href":"https:\/\/www.riogrande.rs.gov.br\/smed\/index.php?rest_route=\/wp\/v2\/users\/7"}],"replies":[{"embeddable":true,"href":"https:\/\/www.riogrande.rs.gov.br\/smed\/index.php?rest_route=%2Fwp%2Fv2%2Fcomments&post=24585"}],"version-history":[{"count":1,"href":"https:\/\/www.riogrande.rs.gov.br\/smed\/index.php?rest_route=\/wp\/v2\/posts\/24585\/revisions"}],"predecessor-version":[{"id":24587,"href":"https:\/\/www.riogrande.rs.gov.br\/smed\/index.php?rest_route=\/wp\/v2\/posts\/24585\/revisions\/24587"}],"wp:attachment":[{"href":"https:\/\/www.riogrande.rs.gov.br\/smed\/index.php?rest_route=%2Fwp%2Fv2%2Fmedia&parent=24585"}],"wp:term":[{"taxonomy":"category","embeddable":true,"href":"https:\/\/www.riogrande.rs.gov.br\/smed\/index.php?rest_route=%2Fwp%2Fv2%2Fcategories&post=24585"},{"taxonomy":"post_tag","embeddable":true,"href":"https:\/\/www.riogrande.rs.gov.br\/smed\/index.php?rest_route=%2Fwp%2Fv2%2Ftags&post=24585"}],"curies":[{"name":"wp","href":"https:\/\/api.w.org\/{rel}","templated":true}]}}