{"id":24582,"date":"2017-12-08T15:04:42","date_gmt":"2017-12-08T17:04:42","guid":{"rendered":"http:\/\/www.riogrande.rs.gov.br\/smed\/?p=24582"},"modified":"2017-12-08T15:04:42","modified_gmt":"2017-12-08T17:04:42","slug":"pedidos-de-generos-da-alimentacao-escolar-para-2018-estao-disponiveis-ate-hoje-8","status":"publish","type":"post","link":"https:\/\/www.riogrande.rs.gov.br\/smed\/?p=24582","title":{"rendered":"PEDIDOS DE G\u00caNEROS DA ALIMENTA\u00c7\u00c3O ESCOLAR PARA 2018 EST\u00c3O DISPON\u00cdVEIS AT\u00c9 HOJE (8)"},"content":{"rendered":"<div id=\"attachment_24583\" style=\"width: 495px\" class=\"wp-caption aligncenter\"><a href=\"http:\/\/www.riogrande.rs.gov.br\/smed\/wp-content\/uploads\/2017\/12\/20150227-logo_alimentacao_escolar_medio.jpg\" rel=\"lightbox[24582]\"><img loading=\"lazy\" decoding=\"async\" aria-describedby=\"caption-attachment-24583\" class=\"size-medium wp-image-24583\" src=\"http:\/\/www.riogrande.rs.gov.br\/smed\/wp-content\/uploads\/2017\/12\/20150227-logo_alimentacao_escolar_medio-485x276.jpg\" alt=\"\" width=\"485\" height=\"276\" srcset=\"https:\/\/www.riogrande.rs.gov.br\/smed\/wp-content\/uploads\/2017\/12\/20150227-logo_alimentacao_escolar_medio-485x276.jpg 485w, https:\/\/www.riogrande.rs.gov.br\/smed\/wp-content\/uploads\/2017\/12\/20150227-logo_alimentacao_escolar_medio-768x438.jpg 768w, https:\/\/www.riogrande.rs.gov.br\/smed\/wp-content\/uploads\/2017\/12\/20150227-logo_alimentacao_escolar_medio-363x207.jpg 363w, https:\/\/www.riogrande.rs.gov.br\/smed\/wp-content\/uploads\/2017\/12\/20150227-logo_alimentacao_escolar_medio.jpg 800w\" sizes=\"(max-width: 485px) 100vw, 485px\" \/><\/a><p id=\"caption-attachment-24583\" class=\"wp-caption-text\">Divulga\u00e7\u00e3o<\/p><\/div>\n<p>Fonte: <a href=\"http:\/\/www.riogrande.rs.gov.br\/pagina\/index.php\/noticias\/detalhes+154880a,,pedidos-de-generos-da-alimentacao-escolar-para-2018-estao-disponiveis-ate-hoje-8.html#.WirEavrJ1xB\" target=\"_blank\" rel=\"noopener\"><strong>www.riogrande.rs.gov.br<\/strong><\/a><\/p>\n<p style=\"text-align: justify;\">A Secretaria de Munic\u00edpio da Educa\u00e7\u00e3o (SMEd), atrav\u00e9s do N\u00facleo de Alimenta\u00e7\u00e3o Escolar (NAE), disponibilizou para as escolas da Rede P\u00fablica Municipal de Ensino o \u201cPedido de G\u00eaneros da Alimenta\u00e7\u00e3o Escolar\u201d, relativo ao in\u00edcio do ano letivo de 2018. Confira o arquivo em anexo.<\/p>\n<p><!--more--><\/p>\n<p>&nbsp;<\/p>\n<p style=\"text-align: justify;\">De acordo com a coordena\u00e7\u00e3o do NAE, os pedidos devem ser preenchidos e enviados via Sistema de Gest\u00e3o de Dados da SMEd (SISMED), at\u00e9 \u00e0s 18h, do dia 08 de dezembro.<\/p>\n<p style=\"text-align: justify;\">O principal objetivo do N\u00facleo de Alimenta\u00e7\u00e3o Escolar da SMEd \u00e9 que a escola possa, com o apoio do Programa Nacional de Alimenta\u00e7\u00e3o Escolar (PNAE), constituir-se em um espa\u00e7o de aprendizagem e produ\u00e7\u00e3o do conhecimento.<\/p>\n<p style=\"text-align: right;\"><em>Com informa\u00e7\u00f5es da SMEd<\/em><\/p>\n","protected":false},"excerpt":{"rendered":"<p>Fonte: www.riogrande.rs.gov.br A Secretaria de Munic\u00edpio da Educa\u00e7\u00e3o (SMEd), atrav\u00e9s do N\u00facleo de Alimenta\u00e7\u00e3o Escolar (NAE), disponibilizou para as escolas da Rede P\u00fablica Municipal de Ensino o \u201cPedido de G\u00eaneros da Alimenta\u00e7\u00e3o Escolar\u201d, relativo ao in\u00edcio do ano letivo de 2018. Confira o arquivo em anexo.<\/p>\n","protected":false},"author":7,"featured_media":0,"comment_status":"closed","ping_status":"closed","sticky":false,"template":"","format":"standard","meta":{"footnotes":""},"categories":[1],"tags":[],"class_list":["post-24582","post","type-post","status-publish","format-standard","hentry","category-noticias"],"_links":{"self":[{"href":"https:\/\/www.riogrande.rs.gov.br\/smed\/index.php?rest_route=\/wp\/v2\/posts\/24582"}],"collection":[{"href":"https:\/\/www.riogrande.rs.gov.br\/smed\/index.php?rest_route=\/wp\/v2\/posts"}],"about":[{"href":"https:\/\/www.riogrande.rs.gov.br\/smed\/index.php?rest_route=\/wp\/v2\/types\/post"}],"author":[{"embeddable":true,"href":"https:\/\/www.riogrande.rs.gov.br\/smed\/index.php?rest_route=\/wp\/v2\/users\/7"}],"replies":[{"embeddable":true,"href":"https:\/\/www.riogrande.rs.gov.br\/smed\/index.php?rest_route=%2Fwp%2Fv2%2Fcomments&post=24582"}],"version-history":[{"count":1,"href":"https:\/\/www.riogrande.rs.gov.br\/smed\/index.php?rest_route=\/wp\/v2\/posts\/24582\/revisions"}],"predecessor-version":[{"id":24584,"href":"https:\/\/www.riogrande.rs.gov.br\/smed\/index.php?rest_route=\/wp\/v2\/posts\/24582\/revisions\/24584"}],"wp:attachment":[{"href":"https:\/\/www.riogrande.rs.gov.br\/smed\/index.php?rest_route=%2Fwp%2Fv2%2Fmedia&parent=24582"}],"wp:term":[{"taxonomy":"category","embeddable":true,"href":"https:\/\/www.riogrande.rs.gov.br\/smed\/index.php?rest_route=%2Fwp%2Fv2%2Fcategories&post=24582"},{"taxonomy":"post_tag","embeddable":true,"href":"https:\/\/www.riogrande.rs.gov.br\/smed\/index.php?rest_route=%2Fwp%2Fv2%2Ftags&post=24582"}],"curies":[{"name":"wp","href":"https:\/\/api.w.org\/{rel}","templated":true}]}}