{"id":24566,"date":"2017-12-07T13:49:18","date_gmt":"2017-12-07T15:49:18","guid":{"rendered":"http:\/\/www.riogrande.rs.gov.br\/smed\/?p=24566"},"modified":"2017-12-07T13:50:54","modified_gmt":"2017-12-07T15:50:54","slug":"24566","status":"publish","type":"post","link":"https:\/\/www.riogrande.rs.gov.br\/smed\/?p=24566","title":{"rendered":"PROJETO DE EXTENS\u00c3O DA UNIPAMPA VISITA A ESCOLA BIL\u00cdNGUE CARMEN TEIXEIRA BALDINO"},"content":{"rendered":"\n\t\t<style type=\"text\/css\">\n\t\t\t#gallery-1 {\n\t\t\t\tmargin: auto;\n\t\t\t}\n\t\t\t#gallery-1 .gallery-item {\n\t\t\t\tfloat: left;\n\t\t\t\tmargin-top: 10px;\n\t\t\t\ttext-align: center;\n\t\t\t\twidth: 33%;\n\t\t\t}\n\t\t\t#gallery-1 img {\n\t\t\t\tborder: 2px solid #cfcfcf;\n\t\t\t}\n\t\t\t#gallery-1 .gallery-caption {\n\t\t\t\tmargin-left: 0;\n\t\t\t}\n\t\t\t\/* see gallery_shortcode() in wp-includes\/media.php *\/\n\t\t<\/style>\n\t\t<div id='gallery-1' class='gallery galleryid-24566 gallery-columns-3 gallery-size-thumbnail'><dl class='gallery-item'>\n\t\t\t<dt class='gallery-icon landscape'>\n\t\t\t\t<a href='https:\/\/www.riogrande.rs.gov.br\/smed\/wp-content\/uploads\/2017\/12\/20171207-pmrg3.jpg' rel=\"lightbox[24566]\"><img loading=\"lazy\" decoding=\"async\" width=\"150\" height=\"150\" src=\"https:\/\/www.riogrande.rs.gov.br\/smed\/wp-content\/uploads\/2017\/12\/20171207-pmrg3-150x150.jpg\" class=\"attachment-thumbnail size-thumbnail\" alt=\"\" aria-describedby=\"gallery-1-24569\" \/><\/a>\n\t\t\t<\/dt>\n\t\t\t\t<dd class='wp-caption-text gallery-caption' id='gallery-1-24569'>\n\t\t\t\tCr\u00e9dito: Marcos Jatahy\n\t\t\t\t<\/dd><\/dl><dl class='gallery-item'>\n\t\t\t<dt class='gallery-icon landscape'>\n\t\t\t\t<a href='https:\/\/www.riogrande.rs.gov.br\/smed\/wp-content\/uploads\/2017\/12\/20171207-pmrg1.jpg' rel=\"lightbox[24566]\"><img loading=\"lazy\" decoding=\"async\" width=\"150\" height=\"150\" src=\"https:\/\/www.riogrande.rs.gov.br\/smed\/wp-content\/uploads\/2017\/12\/20171207-pmrg1-150x150.jpg\" class=\"attachment-thumbnail size-thumbnail\" alt=\"\" aria-describedby=\"gallery-1-24567\" \/><\/a>\n\t\t\t<\/dt>\n\t\t\t\t<dd class='wp-caption-text gallery-caption' id='gallery-1-24567'>\n\t\t\t\tCr\u00e9dito: Marcos Jatahy\n\t\t\t\t<\/dd><\/dl><dl class='gallery-item'>\n\t\t\t<dt class='gallery-icon landscape'>\n\t\t\t\t<a href='https:\/\/www.riogrande.rs.gov.br\/smed\/wp-content\/uploads\/2017\/12\/20171207-pmrg2.jpg' rel=\"lightbox[24566]\"><img loading=\"lazy\" decoding=\"async\" width=\"150\" height=\"150\" src=\"https:\/\/www.riogrande.rs.gov.br\/smed\/wp-content\/uploads\/2017\/12\/20171207-pmrg2-150x150.jpg\" class=\"attachment-thumbnail size-thumbnail\" alt=\"\" aria-describedby=\"gallery-1-24568\" \/><\/a>\n\t\t\t<\/dt>\n\t\t\t\t<dd class='wp-caption-text gallery-caption' id='gallery-1-24568'>\n\t\t\t\tCr\u00e9dito: Marcos Jatahy\n\t\t\t\t<\/dd><\/dl><br style=\"clear: both\" \/>\n\t\t<\/div>\n\n<p style=\"text-align: justify;\">Fonte: <a href=\"http:\/\/www.riogrande.rs.gov.br\/pagina\/index.php\/noticias\/detalhes+15461dd,,projeto-de-extensao-da-unipampa-visita-a-escola-bilingue-carmen-teixeira-baldino.html#.Wilh9a0lHGJ\" target=\"_blank\" rel=\"noopener\"><strong>www.riogrande.rs.gov.br<\/strong><\/a><\/p>\n<p style=\"text-align: justify;\">A Escola Municipal de Educa\u00e7\u00e3o Bil\u00edngue Carmem Regina Teixeira Baldino recebeu na tarde da \u00faltima ter\u00e7a-feira, dia 05 de dezembro, uma visita t\u00e9cnica do projeto de extens\u00e3o de Libras, da Universidade Federal do Pampa (Unipampa), para a comunidade surda. Foram mais de 25 visitantes, buscando a intera\u00e7\u00e3o e conhecimento de outras realidades.<\/p>\n<p><!--more--><\/p>\n<p>&nbsp;<\/p>\n<p style=\"text-align: justify;\">O projeto de extens\u00e3o da Unipampa, Campus Jaguar\u00e3o, ensina libras para estudantes surdos de Jaguar\u00e3o, Santa Vit\u00f3ria do Palmar, Arroio Grande e tamb\u00e9m do Uruguai. Ap\u00f3s um levantamento da universidade foi constatado que os surdos de Jaguar\u00e3o n\u00e3o conheciam l\u00edngua de sinais, ent\u00e3o o curso de libras foi criado para reunir essa comunidade e transmitir o ensinamento da l\u00edngua.<\/p>\n<p style=\"text-align: justify;\">Segundo a tradutora int\u00e9rprete de libras da Universidade Federal do Pampa (Unipampa), Monica Mendes Garcia, \u201ca inten\u00e7\u00e3o de trazer os alunos do projeto foi para eles conhecerem outras realidades e para que eles tivessem contato tamb\u00e9m com pessoas de n\u00edvel lingu\u00edstico diferente do deles, pois com esse contato \u00e9 poss\u00edvel a melhor apropria\u00e7\u00e3o da l\u00edngua\u201d, explica.<\/p>\n<p style=\"text-align: justify;\">O professor bil\u00edngue de sinais da Unipampa, Daniel Romeu, exaltou a sua felicidade em estar na visita e o orgulho que sentiu por fazer parte dessa integra\u00e7\u00e3o. \u201cEu estou muito feliz, tenho muito orgulho de estar participando desta comunidade, \u00e9 muito importante ter vindo aqui. Essa intera\u00e7\u00e3o e passeio dos alunos da Unipampa \u00e9 fundamental, pois eles podem perceber que tamb\u00e9m possuem capacidade para aprender \u201c, conta.<\/p>\n<p style=\"text-align: right;\"><em>Assessoria de Comunica\u00e7\u00e3o\/PMRG<\/em><\/p>\n","protected":false},"excerpt":{"rendered":"<p>Fonte: www.riogrande.rs.gov.br A Escola Municipal de Educa\u00e7\u00e3o Bil\u00edngue Carmem Regina Teixeira Baldino recebeu na tarde da \u00faltima ter\u00e7a-feira, dia 05 de dezembro, uma visita t\u00e9cnica do projeto de extens\u00e3o de Libras, da Universidade Federal do Pampa (Unipampa), para a comunidade surda. Foram mais de 25 visitantes, buscando a intera\u00e7\u00e3o e conhecimento de outras realidades.<\/p>\n","protected":false},"author":7,"featured_media":0,"comment_status":"closed","ping_status":"closed","sticky":false,"template":"","format":"standard","meta":{"footnotes":""},"categories":[1],"tags":[],"class_list":["post-24566","post","type-post","status-publish","format-standard","hentry","category-noticias"],"_links":{"self":[{"href":"https:\/\/www.riogrande.rs.gov.br\/smed\/index.php?rest_route=\/wp\/v2\/posts\/24566"}],"collection":[{"href":"https:\/\/www.riogrande.rs.gov.br\/smed\/index.php?rest_route=\/wp\/v2\/posts"}],"about":[{"href":"https:\/\/www.riogrande.rs.gov.br\/smed\/index.php?rest_route=\/wp\/v2\/types\/post"}],"author":[{"embeddable":true,"href":"https:\/\/www.riogrande.rs.gov.br\/smed\/index.php?rest_route=\/wp\/v2\/users\/7"}],"replies":[{"embeddable":true,"href":"https:\/\/www.riogrande.rs.gov.br\/smed\/index.php?rest_route=%2Fwp%2Fv2%2Fcomments&post=24566"}],"version-history":[{"count":3,"href":"https:\/\/www.riogrande.rs.gov.br\/smed\/index.php?rest_route=\/wp\/v2\/posts\/24566\/revisions"}],"predecessor-version":[{"id":24572,"href":"https:\/\/www.riogrande.rs.gov.br\/smed\/index.php?rest_route=\/wp\/v2\/posts\/24566\/revisions\/24572"}],"wp:attachment":[{"href":"https:\/\/www.riogrande.rs.gov.br\/smed\/index.php?rest_route=%2Fwp%2Fv2%2Fmedia&parent=24566"}],"wp:term":[{"taxonomy":"category","embeddable":true,"href":"https:\/\/www.riogrande.rs.gov.br\/smed\/index.php?rest_route=%2Fwp%2Fv2%2Fcategories&post=24566"},{"taxonomy":"post_tag","embeddable":true,"href":"https:\/\/www.riogrande.rs.gov.br\/smed\/index.php?rest_route=%2Fwp%2Fv2%2Ftags&post=24566"}],"curies":[{"name":"wp","href":"https:\/\/api.w.org\/{rel}","templated":true}]}}