{"id":24558,"date":"2017-12-06T15:19:13","date_gmt":"2017-12-06T17:19:13","guid":{"rendered":"http:\/\/www.riogrande.rs.gov.br\/smed\/?p=24558"},"modified":"2017-12-07T16:56:50","modified_gmt":"2017-12-07T18:56:50","slug":"vii-mostra-cultural-da-emef-dolores-garcia-acontecera-no-dia-12","status":"publish","type":"post","link":"https:\/\/www.riogrande.rs.gov.br\/smed\/?p=24558","title":{"rendered":"\u201cVII Mostra Cultural\u201d da EMEF Dolores Garcia acontecer\u00e1 no dia 12"},"content":{"rendered":"<div id=\"attachment_24580\" style=\"width: 495px\" class=\"wp-caption aligncenter\"><a href=\"http:\/\/www.riogrande.rs.gov.br\/smed\/wp-content\/uploads\/2017\/12\/20171207-dolores.jpg\" rel=\"lightbox[24558]\"><img loading=\"lazy\" decoding=\"async\" aria-describedby=\"caption-attachment-24580\" class=\"size-medium wp-image-24580\" src=\"http:\/\/www.riogrande.rs.gov.br\/smed\/wp-content\/uploads\/2017\/12\/20171207-dolores-485x308.jpg\" alt=\"\" width=\"485\" height=\"308\" srcset=\"https:\/\/www.riogrande.rs.gov.br\/smed\/wp-content\/uploads\/2017\/12\/20171207-dolores-485x308.jpg 485w, https:\/\/www.riogrande.rs.gov.br\/smed\/wp-content\/uploads\/2017\/12\/20171207-dolores-768x487.jpg 768w, https:\/\/www.riogrande.rs.gov.br\/smed\/wp-content\/uploads\/2017\/12\/20171207-dolores-326x207.jpg 326w, https:\/\/www.riogrande.rs.gov.br\/smed\/wp-content\/uploads\/2017\/12\/20171207-dolores.jpg 1164w\" sizes=\"(max-width: 485px) 100vw, 485px\" \/><\/a><p id=\"caption-attachment-24580\" class=\"wp-caption-text\">Divulga\u00e7\u00e3o<\/p><\/div>\n<p style=\"text-align: justify;\">A Escola Municipal de Ensino Fundamental <b>Dolores Garcia<\/b>, que est\u00e1 localizada no bairro Cassino, realizar\u00e1, na pr\u00f3xima ter\u00e7a-feira, dia <b>12 de dezembro<\/b>, \u00e0s <b>19h<\/b>, na <b>Sociedade Amigos do Cassino<\/b> (SAC), a sua \u201c<b>VII Mostra Cultural<\/b>\u201d. Os ingressos podem ser adquiridos na secretaria da Escola.<\/p>\n<p>&nbsp;<\/p>\n<p style=\"text-align: right;\"><em>SMEd<\/em><br \/>\n<em> Roberton Reis<\/em><br \/>\n<em> Com informa\u00e7\u00f5es da EMEF Dolores Garcia<\/em><\/p>\n","protected":false},"excerpt":{"rendered":"<p>A Escola Municipal de Ensino Fundamental Dolores Garcia, que est\u00e1 localizada no bairro Cassino, realizar\u00e1, na pr\u00f3xima ter\u00e7a-feira, dia 12 de dezembro, \u00e0s 19h, na Sociedade Amigos do Cassino (SAC), a sua \u201cVII Mostra Cultural\u201d. Os ingressos podem ser adquiridos na secretaria da Escola. &nbsp; SMEd Roberton Reis Com informa\u00e7\u00f5es da EMEF Dolores Garcia<\/p>\n","protected":false},"author":7,"featured_media":0,"comment_status":"closed","ping_status":"closed","sticky":false,"template":"","format":"standard","meta":{"footnotes":""},"categories":[1,13],"tags":[],"class_list":["post-24558","post","type-post","status-publish","format-standard","hentry","category-noticias","category-pedagogico"],"_links":{"self":[{"href":"https:\/\/www.riogrande.rs.gov.br\/smed\/index.php?rest_route=\/wp\/v2\/posts\/24558"}],"collection":[{"href":"https:\/\/www.riogrande.rs.gov.br\/smed\/index.php?rest_route=\/wp\/v2\/posts"}],"about":[{"href":"https:\/\/www.riogrande.rs.gov.br\/smed\/index.php?rest_route=\/wp\/v2\/types\/post"}],"author":[{"embeddable":true,"href":"https:\/\/www.riogrande.rs.gov.br\/smed\/index.php?rest_route=\/wp\/v2\/users\/7"}],"replies":[{"embeddable":true,"href":"https:\/\/www.riogrande.rs.gov.br\/smed\/index.php?rest_route=%2Fwp%2Fv2%2Fcomments&post=24558"}],"version-history":[{"count":2,"href":"https:\/\/www.riogrande.rs.gov.br\/smed\/index.php?rest_route=\/wp\/v2\/posts\/24558\/revisions"}],"predecessor-version":[{"id":24581,"href":"https:\/\/www.riogrande.rs.gov.br\/smed\/index.php?rest_route=\/wp\/v2\/posts\/24558\/revisions\/24581"}],"wp:attachment":[{"href":"https:\/\/www.riogrande.rs.gov.br\/smed\/index.php?rest_route=%2Fwp%2Fv2%2Fmedia&parent=24558"}],"wp:term":[{"taxonomy":"category","embeddable":true,"href":"https:\/\/www.riogrande.rs.gov.br\/smed\/index.php?rest_route=%2Fwp%2Fv2%2Fcategories&post=24558"},{"taxonomy":"post_tag","embeddable":true,"href":"https:\/\/www.riogrande.rs.gov.br\/smed\/index.php?rest_route=%2Fwp%2Fv2%2Ftags&post=24558"}],"curies":[{"name":"wp","href":"https:\/\/api.w.org\/{rel}","templated":true}]}}