{"id":24553,"date":"2017-12-05T17:33:59","date_gmt":"2017-12-05T19:33:59","guid":{"rendered":"http:\/\/www.riogrande.rs.gov.br\/smed\/?p=24553"},"modified":"2017-12-05T17:33:59","modified_gmt":"2017-12-05T19:33:59","slug":"smed-promove-seminario-de-partilha-de-experiencias-sacola-formativa-2017-no-dia-06","status":"publish","type":"post","link":"https:\/\/www.riogrande.rs.gov.br\/smed\/?p=24553","title":{"rendered":"SMEd promove \u201cSemin\u00e1rio de Partilha de Experi\u00eancias: Sacola Formativa 2017\u201d no dia 06"},"content":{"rendered":"<p style=\"text-align: justify;\">A Secretaria de Munic\u00edpio da Educa\u00e7\u00e3o de Rio Grande (SMEd), atrav\u00e9s do N\u00facleo de Orienta\u00e7\u00e3o e Supervis\u00e3o (NOS), realizar\u00e1, nesta quarta-feira, dia <b>06 de dezembro<\/b>, no Audit\u00f3rio da Escola Municipal de Ensino Fundamental <b>Cipriano Porto Alegre<\/b>, o \u201c<b>Semin\u00e1rio de Partilha de Experi\u00eancias: Sacola Formativa 2017<\/b>\u201d.<\/p>\n<p style=\"text-align: justify;\"><!--more--><\/p>\n<p style=\"text-align: justify;\">\n<p style=\"text-align: justify;\">Direcionado aos Coordenadores, Orientadores e Supervisores que atuam nas escolas da rede p\u00fablica municipal de ensino de Rio Grande, o Semin\u00e1rio acontecer\u00e1 nos seguintes hor\u00e1rios: manh\u00e3 (\u00e0s 8h30min), tarde (\u00e0s 13h30min) e noite (\u00e0s 18h30min) e compartilhar\u00e1 as atividades significativas desenvolvidas durante o Processo Formativo de 2017 nas escolas da Rede.<\/p>\n<p>&nbsp;<\/p>\n<p style=\"text-align: right;\"><em>SMEd<\/em><br \/>\n<em> Roberton Reis<\/em><\/p>\n","protected":false},"excerpt":{"rendered":"<p>A Secretaria de Munic\u00edpio da Educa\u00e7\u00e3o de Rio Grande (SMEd), atrav\u00e9s do N\u00facleo de Orienta\u00e7\u00e3o e Supervis\u00e3o (NOS), realizar\u00e1, nesta quarta-feira, dia 06 de dezembro, no Audit\u00f3rio da Escola Municipal de Ensino Fundamental Cipriano Porto Alegre, o \u201cSemin\u00e1rio de Partilha de Experi\u00eancias: Sacola Formativa 2017\u201d.<\/p>\n","protected":false},"author":7,"featured_media":0,"comment_status":"closed","ping_status":"closed","sticky":false,"template":"","format":"standard","meta":{"footnotes":""},"categories":[1,13],"tags":[],"class_list":["post-24553","post","type-post","status-publish","format-standard","hentry","category-noticias","category-pedagogico"],"_links":{"self":[{"href":"https:\/\/www.riogrande.rs.gov.br\/smed\/index.php?rest_route=\/wp\/v2\/posts\/24553"}],"collection":[{"href":"https:\/\/www.riogrande.rs.gov.br\/smed\/index.php?rest_route=\/wp\/v2\/posts"}],"about":[{"href":"https:\/\/www.riogrande.rs.gov.br\/smed\/index.php?rest_route=\/wp\/v2\/types\/post"}],"author":[{"embeddable":true,"href":"https:\/\/www.riogrande.rs.gov.br\/smed\/index.php?rest_route=\/wp\/v2\/users\/7"}],"replies":[{"embeddable":true,"href":"https:\/\/www.riogrande.rs.gov.br\/smed\/index.php?rest_route=%2Fwp%2Fv2%2Fcomments&post=24553"}],"version-history":[{"count":1,"href":"https:\/\/www.riogrande.rs.gov.br\/smed\/index.php?rest_route=\/wp\/v2\/posts\/24553\/revisions"}],"predecessor-version":[{"id":24554,"href":"https:\/\/www.riogrande.rs.gov.br\/smed\/index.php?rest_route=\/wp\/v2\/posts\/24553\/revisions\/24554"}],"wp:attachment":[{"href":"https:\/\/www.riogrande.rs.gov.br\/smed\/index.php?rest_route=%2Fwp%2Fv2%2Fmedia&parent=24553"}],"wp:term":[{"taxonomy":"category","embeddable":true,"href":"https:\/\/www.riogrande.rs.gov.br\/smed\/index.php?rest_route=%2Fwp%2Fv2%2Fcategories&post=24553"},{"taxonomy":"post_tag","embeddable":true,"href":"https:\/\/www.riogrande.rs.gov.br\/smed\/index.php?rest_route=%2Fwp%2Fv2%2Ftags&post=24553"}],"curies":[{"name":"wp","href":"https:\/\/api.w.org\/{rel}","templated":true}]}}