{"id":24540,"date":"2017-12-05T14:41:58","date_gmt":"2017-12-05T16:41:58","guid":{"rendered":"http:\/\/www.riogrande.rs.gov.br\/smed\/?p=24540"},"modified":"2017-12-05T14:41:58","modified_gmt":"2017-12-05T16:41:58","slug":"alunos-da-emef-de-tempo-integral-prof-valdir-castro-participaram-do-festival-artistico-marista","status":"publish","type":"post","link":"https:\/\/www.riogrande.rs.gov.br\/smed\/?p=24540","title":{"rendered":"Alunos da EMEF de Tempo Integral Prof. Valdir Castro participaram do  Festival Art\u00edstico Marista"},"content":{"rendered":"\n\t\t<style type=\"text\/css\">\n\t\t\t#gallery-1 {\n\t\t\t\tmargin: auto;\n\t\t\t}\n\t\t\t#gallery-1 .gallery-item {\n\t\t\t\tfloat: left;\n\t\t\t\tmargin-top: 10px;\n\t\t\t\ttext-align: center;\n\t\t\t\twidth: 50%;\n\t\t\t}\n\t\t\t#gallery-1 img {\n\t\t\t\tborder: 2px solid #cfcfcf;\n\t\t\t}\n\t\t\t#gallery-1 .gallery-caption {\n\t\t\t\tmargin-left: 0;\n\t\t\t}\n\t\t\t\/* see gallery_shortcode() in wp-includes\/media.php *\/\n\t\t<\/style>\n\t\t<div id='gallery-1' class='gallery galleryid-24540 gallery-columns-2 gallery-size-thumbnail'><dl class='gallery-item'>\n\t\t\t<dt class='gallery-icon landscape'>\n\t\t\t\t<a href='https:\/\/www.riogrande.rs.gov.br\/smed\/wp-content\/uploads\/2017\/12\/20171205-ped-marista-image1.jpg' rel=\"lightbox[24540]\"><img loading=\"lazy\" decoding=\"async\" width=\"150\" height=\"150\" src=\"https:\/\/www.riogrande.rs.gov.br\/smed\/wp-content\/uploads\/2017\/12\/20171205-ped-marista-image1-150x150.jpg\" class=\"attachment-thumbnail size-thumbnail\" alt=\"\" aria-describedby=\"gallery-1-24541\" \/><\/a>\n\t\t\t<\/dt>\n\t\t\t\t<dd class='wp-caption-text gallery-caption' id='gallery-1-24541'>\n\t\t\t\tDivulga\u00e7\u00e3o\n\t\t\t\t<\/dd><\/dl><dl class='gallery-item'>\n\t\t\t<dt class='gallery-icon landscape'>\n\t\t\t\t<a href='https:\/\/www.riogrande.rs.gov.br\/smed\/wp-content\/uploads\/2017\/12\/20171205-ped-marista-image3.jpg' rel=\"lightbox[24540]\"><img loading=\"lazy\" decoding=\"async\" width=\"150\" height=\"150\" src=\"https:\/\/www.riogrande.rs.gov.br\/smed\/wp-content\/uploads\/2017\/12\/20171205-ped-marista-image3-150x150.jpg\" class=\"attachment-thumbnail size-thumbnail\" alt=\"\" aria-describedby=\"gallery-1-24542\" \/><\/a>\n\t\t\t<\/dt>\n\t\t\t\t<dd class='wp-caption-text gallery-caption' id='gallery-1-24542'>\n\t\t\t\tDivulga\u00e7\u00e3o\n\t\t\t\t<\/dd><\/dl><br style=\"clear: both\" \/>\n\t\t<\/div>\n\n<p style=\"text-align: justify;\">No dia <b>24 de novembro<\/b>, alunos da Escola Municipal de Ensino Fundamental de Tempo Integral <b>Prof. Valdir Castro<\/b> participaram, como convidados, das apresenta\u00e7\u00f5es do <b>Festival Art\u00edstico Marista<\/b> (FAMAR 2017), evento organizado pelo Col\u00e9gio Marista S\u00e3o Francisco, que foi realizado na Sociedade Amigos do Cassino \u2013 SAC, com tema voltado aos biomas brasileiros e defesa da vida, conforme a Campanha da Fraternidade 2017.<\/p>\n<p style=\"text-align: justify;\"><!--more--><\/p>\n<p style=\"text-align: justify;\">\n<p style=\"text-align: justify;\">\u201c<b>Foi um lindo evento e os nossos alunos estavam muito felizes em mostrar seu trabalho com a apresenta\u00e7\u00e3o da \u2018Dan\u00e7a da Em\u00edlia\u2019. Agradecemos o convite do Col\u00e9gio Marista S\u00e3o Francisco e o aux\u00edlio dos professores da nossa Escola e dos respons\u00e1veis dos alunos que n\u00e3o mediram esfor\u00e7os para que estiv\u00e9ssemos presentes ao evento<\/b>\u201d, destacou a dire\u00e7\u00e3o da EMEF de Tempo Integral Prof. Valdir Castro.<\/p>\n<p>&nbsp;<\/p>\n<p style=\"text-align: right;\"><em>SMEd<\/em><br \/>\n<em> Roberton Reis<\/em><br \/>\n<em> Com informa\u00e7\u00f5es da EMEF de Tempo Integral Prof. Valdir Castro<\/em><\/p>\n","protected":false},"excerpt":{"rendered":"<p>No dia 24 de novembro, alunos da Escola Municipal de Ensino Fundamental de Tempo Integral Prof. Valdir Castro participaram, como convidados, das apresenta\u00e7\u00f5es do Festival Art\u00edstico Marista (FAMAR 2017), evento organizado pelo Col\u00e9gio Marista S\u00e3o Francisco, que foi realizado na Sociedade Amigos do Cassino \u2013 SAC, com tema voltado aos biomas brasileiros e defesa da [&hellip;]<\/p>\n","protected":false},"author":7,"featured_media":0,"comment_status":"closed","ping_status":"closed","sticky":false,"template":"","format":"standard","meta":{"footnotes":""},"categories":[1,13],"tags":[],"class_list":["post-24540","post","type-post","status-publish","format-standard","hentry","category-noticias","category-pedagogico"],"_links":{"self":[{"href":"https:\/\/www.riogrande.rs.gov.br\/smed\/index.php?rest_route=\/wp\/v2\/posts\/24540"}],"collection":[{"href":"https:\/\/www.riogrande.rs.gov.br\/smed\/index.php?rest_route=\/wp\/v2\/posts"}],"about":[{"href":"https:\/\/www.riogrande.rs.gov.br\/smed\/index.php?rest_route=\/wp\/v2\/types\/post"}],"author":[{"embeddable":true,"href":"https:\/\/www.riogrande.rs.gov.br\/smed\/index.php?rest_route=\/wp\/v2\/users\/7"}],"replies":[{"embeddable":true,"href":"https:\/\/www.riogrande.rs.gov.br\/smed\/index.php?rest_route=%2Fwp%2Fv2%2Fcomments&post=24540"}],"version-history":[{"count":1,"href":"https:\/\/www.riogrande.rs.gov.br\/smed\/index.php?rest_route=\/wp\/v2\/posts\/24540\/revisions"}],"predecessor-version":[{"id":24543,"href":"https:\/\/www.riogrande.rs.gov.br\/smed\/index.php?rest_route=\/wp\/v2\/posts\/24540\/revisions\/24543"}],"wp:attachment":[{"href":"https:\/\/www.riogrande.rs.gov.br\/smed\/index.php?rest_route=%2Fwp%2Fv2%2Fmedia&parent=24540"}],"wp:term":[{"taxonomy":"category","embeddable":true,"href":"https:\/\/www.riogrande.rs.gov.br\/smed\/index.php?rest_route=%2Fwp%2Fv2%2Fcategories&post=24540"},{"taxonomy":"post_tag","embeddable":true,"href":"https:\/\/www.riogrande.rs.gov.br\/smed\/index.php?rest_route=%2Fwp%2Fv2%2Ftags&post=24540"}],"curies":[{"name":"wp","href":"https:\/\/api.w.org\/{rel}","templated":true}]}}