{"id":24494,"date":"2017-12-04T14:01:41","date_gmt":"2017-12-04T16:01:41","guid":{"rendered":"http:\/\/www.riogrande.rs.gov.br\/smed\/?p=24494"},"modified":"2017-12-04T14:01:41","modified_gmt":"2017-12-04T16:01:41","slug":"smed-promoveu-reuniao-com-coordenadores-pedagogicos-da-educacao-infantil-no-dia-20-de-novembro","status":"publish","type":"post","link":"https:\/\/www.riogrande.rs.gov.br\/smed\/?p=24494","title":{"rendered":"SMEd promoveu reuni\u00e3o com Coordenadores Pedag\u00f3gicos da Educa\u00e7\u00e3o Infantil no dia 20 de novembro"},"content":{"rendered":"\n\t\t<style type=\"text\/css\">\n\t\t\t#gallery-1 {\n\t\t\t\tmargin: auto;\n\t\t\t}\n\t\t\t#gallery-1 .gallery-item {\n\t\t\t\tfloat: left;\n\t\t\t\tmargin-top: 10px;\n\t\t\t\ttext-align: center;\n\t\t\t\twidth: 50%;\n\t\t\t}\n\t\t\t#gallery-1 img {\n\t\t\t\tborder: 2px solid #cfcfcf;\n\t\t\t}\n\t\t\t#gallery-1 .gallery-caption {\n\t\t\t\tmargin-left: 0;\n\t\t\t}\n\t\t\t\/* see gallery_shortcode() in wp-includes\/media.php *\/\n\t\t<\/style>\n\t\t<div id='gallery-1' class='gallery galleryid-24494 gallery-columns-2 gallery-size-thumbnail'><dl class='gallery-item'>\n\t\t\t<dt class='gallery-icon landscape'>\n\t\t\t\t<a href='https:\/\/www.riogrande.rs.gov.br\/smed\/wp-content\/uploads\/2017\/12\/20171204-reuniao-image1.jpg' rel=\"lightbox[24494]\"><img loading=\"lazy\" decoding=\"async\" width=\"150\" height=\"150\" src=\"https:\/\/www.riogrande.rs.gov.br\/smed\/wp-content\/uploads\/2017\/12\/20171204-reuniao-image1-150x150.jpg\" class=\"attachment-thumbnail size-thumbnail\" alt=\"\" aria-describedby=\"gallery-1-24495\" \/><\/a>\n\t\t\t<\/dt>\n\t\t\t\t<dd class='wp-caption-text gallery-caption' id='gallery-1-24495'>\n\t\t\t\tDivulga\u00e7\u00e3o\n\t\t\t\t<\/dd><\/dl><dl class='gallery-item'>\n\t\t\t<dt class='gallery-icon landscape'>\n\t\t\t\t<a href='https:\/\/www.riogrande.rs.gov.br\/smed\/wp-content\/uploads\/2017\/12\/20171204-reuniao-image2.jpg' rel=\"lightbox[24494]\"><img loading=\"lazy\" decoding=\"async\" width=\"150\" height=\"150\" src=\"https:\/\/www.riogrande.rs.gov.br\/smed\/wp-content\/uploads\/2017\/12\/20171204-reuniao-image2-150x150.jpg\" class=\"attachment-thumbnail size-thumbnail\" alt=\"\" aria-describedby=\"gallery-1-24496\" \/><\/a>\n\t\t\t<\/dt>\n\t\t\t\t<dd class='wp-caption-text gallery-caption' id='gallery-1-24496'>\n\t\t\t\tDivulga\u00e7\u00e3o\n\t\t\t\t<\/dd><\/dl><br style=\"clear: both\" \/><dl class='gallery-item'>\n\t\t\t<dt class='gallery-icon landscape'>\n\t\t\t\t<a href='https:\/\/www.riogrande.rs.gov.br\/smed\/wp-content\/uploads\/2017\/12\/20171204-reuniao-image3.jpg' rel=\"lightbox[24494]\"><img loading=\"lazy\" decoding=\"async\" width=\"150\" height=\"150\" src=\"https:\/\/www.riogrande.rs.gov.br\/smed\/wp-content\/uploads\/2017\/12\/20171204-reuniao-image3-150x150.jpg\" class=\"attachment-thumbnail size-thumbnail\" alt=\"\" aria-describedby=\"gallery-1-24497\" \/><\/a>\n\t\t\t<\/dt>\n\t\t\t\t<dd class='wp-caption-text gallery-caption' id='gallery-1-24497'>\n\t\t\t\tDivulga\u00e7\u00e3o\n\t\t\t\t<\/dd><\/dl><dl class='gallery-item'>\n\t\t\t<dt class='gallery-icon landscape'>\n\t\t\t\t<a href='https:\/\/www.riogrande.rs.gov.br\/smed\/wp-content\/uploads\/2017\/12\/20171204-reuniao-image4.jpg' rel=\"lightbox[24494]\"><img loading=\"lazy\" decoding=\"async\" width=\"150\" height=\"150\" src=\"https:\/\/www.riogrande.rs.gov.br\/smed\/wp-content\/uploads\/2017\/12\/20171204-reuniao-image4-150x150.jpg\" class=\"attachment-thumbnail size-thumbnail\" alt=\"\" aria-describedby=\"gallery-1-24498\" \/><\/a>\n\t\t\t<\/dt>\n\t\t\t\t<dd class='wp-caption-text gallery-caption' id='gallery-1-24498'>\n\t\t\t\tDivulga\u00e7\u00e3o\n\t\t\t\t<\/dd><\/dl><br style=\"clear: both\" \/>\n\t\t<\/div>\n\n<p style=\"text-align: justify;\"><span style=\"font-weight: 400;\">A Secretaria de Munic\u00edpio da Educa\u00e7\u00e3o de Rio Grande (SMEd), atrav\u00e9s da parceria entre o N\u00facleo de Educa\u00e7\u00e3o Infantil e o N\u00facleo de Orienta\u00e7\u00e3o e Supervis\u00e3o Escolar, reuniu-se, no dia <\/span><b>20 de novembro<\/b><span style=\"font-weight: 400;\">, no Audit\u00f3rio da <\/span><b>Escola Municipal \u00a0para a Diversidade Cultural e Inclus\u00e3o Escola Viva<\/b><span style=\"font-weight: 400;\">, com os coordenadores Pedag\u00f3gicos da Educa\u00e7\u00e3o Infantil para tratar sobre a \u201c<\/span><b>Sacola Formativa<\/b><span style=\"font-weight: 400;\">\u201d e o documento da \u201c<\/span><b>Base Nacional Comum Curricular<\/b><span style=\"font-weight: 400;\">\u201d para a Educa\u00e7\u00e3o Infantil (BNCC).<\/span><\/p>\n<p style=\"text-align: justify;\"><!--more--><\/p>\n<p style=\"text-align: justify;\">\n<p style=\"text-align: justify;\"><span style=\"font-weight: 400;\">Inicialmente, foram repassados informes gerais e, ap\u00f3s, foi apresentado o relato da \u201cSacola Formativa\u201d pela coordenadora Pedag\u00f3gica da EMEI Nilza Alves Gon\u00e7alves, Professora Eduarda Porci\u00fancula. Na sequ\u00eancia, foi iniciada a discuss\u00e3o sobre a Educa\u00e7\u00e3o Infantil na terceira vers\u00e3o da BNCC, documento este de car\u00e1ter normativo, que estabelece direitos de aprendizagem e desenvolvimento, e campos de experi\u00eancias, que se prop\u00f5em a acolher as situa\u00e7\u00f5es e experi\u00eancias da vida cotidiana das crian\u00e7as e seus saberes, entrela\u00e7ando-os aos conhecimentos que fazem parte do patrim\u00f4nio cultural.<\/span><\/p>\n<p style=\"text-align: justify;\"><span style=\"font-weight: 400;\">Na ocasi\u00e3o, os coordenadores Pedag\u00f3gicos puderam discutir sobre a tem\u00e1tica do encontro em pequenos grupos, tra\u00e7ando ideias e posicionamentos em torno dos campos de experi\u00eancias, e socializando-os posteriormente. \u201c<strong>Esses momentos de trocas de experi\u00eancias e saberes contribuem significativamente para a pr\u00e1tica educativa e fortalecem o fazer pedag\u00f3gico, as propostas das escolas e os eixos que norteiam o trabalho na\/da Educa\u00e7\u00e3o Infantil<\/strong>\u201d, destacou a coordena\u00e7\u00e3o do N\u00facleo. <\/span><\/p>\n<p style=\"text-align: justify;\"><span style=\"font-weight: 400;\">Durante o encontro, os coordenadores Pedag\u00f3gicos puderam dialogar uns com os outros, ampliando os conhecimentos sobre a BNCC e, principalmente, legitimando a import\u00e2ncia de articular as pr\u00e1ticas pedag\u00f3gicas vivenciadas nas escolas aos documentos orientadores para a Educa\u00e7\u00e3o Infantil.<\/span><\/p>\n<p style=\"text-align: justify;\">\n<p style=\"text-align: right;\"><em>SMEd<\/em><br \/>\n<em> Roberton Reis<\/em><br \/>\n<em> Com informa\u00e7\u00f5es do N\u00facleo de Educa\u00e7\u00e3o Infantil<\/em><\/p>\n","protected":false},"excerpt":{"rendered":"<p>A Secretaria de Munic\u00edpio da Educa\u00e7\u00e3o de Rio Grande (SMEd), atrav\u00e9s da parceria entre o N\u00facleo de Educa\u00e7\u00e3o Infantil e o N\u00facleo de Orienta\u00e7\u00e3o e Supervis\u00e3o Escolar, reuniu-se, no dia 20 de novembro, no Audit\u00f3rio da Escola Municipal \u00a0para a Diversidade Cultural e Inclus\u00e3o Escola Viva, com os coordenadores Pedag\u00f3gicos da Educa\u00e7\u00e3o Infantil para tratar [&hellip;]<\/p>\n","protected":false},"author":7,"featured_media":0,"comment_status":"closed","ping_status":"closed","sticky":false,"template":"","format":"standard","meta":{"footnotes":""},"categories":[1,13],"tags":[],"class_list":["post-24494","post","type-post","status-publish","format-standard","hentry","category-noticias","category-pedagogico"],"_links":{"self":[{"href":"https:\/\/www.riogrande.rs.gov.br\/smed\/index.php?rest_route=\/wp\/v2\/posts\/24494"}],"collection":[{"href":"https:\/\/www.riogrande.rs.gov.br\/smed\/index.php?rest_route=\/wp\/v2\/posts"}],"about":[{"href":"https:\/\/www.riogrande.rs.gov.br\/smed\/index.php?rest_route=\/wp\/v2\/types\/post"}],"author":[{"embeddable":true,"href":"https:\/\/www.riogrande.rs.gov.br\/smed\/index.php?rest_route=\/wp\/v2\/users\/7"}],"replies":[{"embeddable":true,"href":"https:\/\/www.riogrande.rs.gov.br\/smed\/index.php?rest_route=%2Fwp%2Fv2%2Fcomments&post=24494"}],"version-history":[{"count":1,"href":"https:\/\/www.riogrande.rs.gov.br\/smed\/index.php?rest_route=\/wp\/v2\/posts\/24494\/revisions"}],"predecessor-version":[{"id":24499,"href":"https:\/\/www.riogrande.rs.gov.br\/smed\/index.php?rest_route=\/wp\/v2\/posts\/24494\/revisions\/24499"}],"wp:attachment":[{"href":"https:\/\/www.riogrande.rs.gov.br\/smed\/index.php?rest_route=%2Fwp%2Fv2%2Fmedia&parent=24494"}],"wp:term":[{"taxonomy":"category","embeddable":true,"href":"https:\/\/www.riogrande.rs.gov.br\/smed\/index.php?rest_route=%2Fwp%2Fv2%2Fcategories&post=24494"},{"taxonomy":"post_tag","embeddable":true,"href":"https:\/\/www.riogrande.rs.gov.br\/smed\/index.php?rest_route=%2Fwp%2Fv2%2Ftags&post=24494"}],"curies":[{"name":"wp","href":"https:\/\/api.w.org\/{rel}","templated":true}]}}