{"id":24491,"date":"2017-12-01T18:09:29","date_gmt":"2017-12-01T20:09:29","guid":{"rendered":"http:\/\/www.riogrande.rs.gov.br\/smed\/?p=24491"},"modified":"2017-12-01T18:09:29","modified_gmt":"2017-12-01T20:09:29","slug":"pnaic-2017-2018-reuniao-para-formadores-locais-acontecera-na-proxima-terca-feira-05","status":"publish","type":"post","link":"https:\/\/www.riogrande.rs.gov.br\/smed\/?p=24491","title":{"rendered":"PNAIC 2017\/2018: Reuni\u00e3o para Formadores Locais acontecer\u00e1 na pr\u00f3xima ter\u00e7a-feira, 05"},"content":{"rendered":"<p style=\"text-align: justify;\">A Secretaria de Munic\u00edpio da Educa\u00e7\u00e3o de Rio Grande (SMEd), atrav\u00e9s da coordena\u00e7\u00e3o Local do Pacto Nacional pela Alfabetiza\u00e7\u00e3o na Idade Certa (PNAIC), informa que na pr\u00f3xima ter\u00e7a-feira, dia 05 de dezembro, \u00e0s 17h30min, acontecer\u00e1, no Sobrado dos Azulejos, que est\u00e1 localizado na rua Marechal Floriano Peixoto, 103, reuni\u00e3o para os formadores locais do PNAIC 2017\/2018.<\/p>\n<p>&nbsp;<\/p>\n<p style=\"text-align: right;\"><em>SMEd<\/em><br \/>\n<em> Roberton Reis<\/em><\/p>\n","protected":false},"excerpt":{"rendered":"<p>A Secretaria de Munic\u00edpio da Educa\u00e7\u00e3o de Rio Grande (SMEd), atrav\u00e9s da coordena\u00e7\u00e3o Local do Pacto Nacional pela Alfabetiza\u00e7\u00e3o na Idade Certa (PNAIC), informa que na pr\u00f3xima ter\u00e7a-feira, dia 05 de dezembro, \u00e0s 17h30min, acontecer\u00e1, no Sobrado dos Azulejos, que est\u00e1 localizado na rua Marechal Floriano Peixoto, 103, reuni\u00e3o para os formadores locais do PNAIC [&hellip;]<\/p>\n","protected":false},"author":7,"featured_media":0,"comment_status":"closed","ping_status":"closed","sticky":false,"template":"","format":"standard","meta":{"footnotes":""},"categories":[1,13],"tags":[],"class_list":["post-24491","post","type-post","status-publish","format-standard","hentry","category-noticias","category-pedagogico"],"_links":{"self":[{"href":"https:\/\/www.riogrande.rs.gov.br\/smed\/index.php?rest_route=\/wp\/v2\/posts\/24491"}],"collection":[{"href":"https:\/\/www.riogrande.rs.gov.br\/smed\/index.php?rest_route=\/wp\/v2\/posts"}],"about":[{"href":"https:\/\/www.riogrande.rs.gov.br\/smed\/index.php?rest_route=\/wp\/v2\/types\/post"}],"author":[{"embeddable":true,"href":"https:\/\/www.riogrande.rs.gov.br\/smed\/index.php?rest_route=\/wp\/v2\/users\/7"}],"replies":[{"embeddable":true,"href":"https:\/\/www.riogrande.rs.gov.br\/smed\/index.php?rest_route=%2Fwp%2Fv2%2Fcomments&post=24491"}],"version-history":[{"count":1,"href":"https:\/\/www.riogrande.rs.gov.br\/smed\/index.php?rest_route=\/wp\/v2\/posts\/24491\/revisions"}],"predecessor-version":[{"id":24492,"href":"https:\/\/www.riogrande.rs.gov.br\/smed\/index.php?rest_route=\/wp\/v2\/posts\/24491\/revisions\/24492"}],"wp:attachment":[{"href":"https:\/\/www.riogrande.rs.gov.br\/smed\/index.php?rest_route=%2Fwp%2Fv2%2Fmedia&parent=24491"}],"wp:term":[{"taxonomy":"category","embeddable":true,"href":"https:\/\/www.riogrande.rs.gov.br\/smed\/index.php?rest_route=%2Fwp%2Fv2%2Fcategories&post=24491"},{"taxonomy":"post_tag","embeddable":true,"href":"https:\/\/www.riogrande.rs.gov.br\/smed\/index.php?rest_route=%2Fwp%2Fv2%2Ftags&post=24491"}],"curies":[{"name":"wp","href":"https:\/\/api.w.org\/{rel}","templated":true}]}}