{"id":24484,"date":"2017-12-01T16:26:47","date_gmt":"2017-12-01T18:26:47","guid":{"rendered":"http:\/\/www.riogrande.rs.gov.br\/smed\/?p=24484"},"modified":"2017-12-01T16:36:11","modified_gmt":"2017-12-01T18:36:11","slug":"nae-participou-i-encontro-de-conselheiros-da-alimentacao-escolar-do-rs","status":"publish","type":"post","link":"https:\/\/www.riogrande.rs.gov.br\/smed\/?p=24484","title":{"rendered":"NAE participou do \u201cI Encontro de Conselheiros da Alimenta\u00e7\u00e3o Escolar do RS\u201d"},"content":{"rendered":"\n\t\t<style type=\"text\/css\">\n\t\t\t#gallery-1 {\n\t\t\t\tmargin: auto;\n\t\t\t}\n\t\t\t#gallery-1 .gallery-item {\n\t\t\t\tfloat: left;\n\t\t\t\tmargin-top: 10px;\n\t\t\t\ttext-align: center;\n\t\t\t\twidth: 33%;\n\t\t\t}\n\t\t\t#gallery-1 img {\n\t\t\t\tborder: 2px solid #cfcfcf;\n\t\t\t}\n\t\t\t#gallery-1 .gallery-caption {\n\t\t\t\tmargin-left: 0;\n\t\t\t}\n\t\t\t\/* see gallery_shortcode() in wp-includes\/media.php *\/\n\t\t<\/style>\n\t\t<div id='gallery-1' class='gallery galleryid-24484 gallery-columns-3 gallery-size-thumbnail'><dl class='gallery-item'>\n\t\t\t<dt class='gallery-icon landscape'>\n\t\t\t\t<a href='https:\/\/www.riogrande.rs.gov.br\/smed\/wp-content\/uploads\/2017\/12\/20171201-ped-nae-image2.jpg' rel=\"lightbox[24484]\"><img loading=\"lazy\" decoding=\"async\" width=\"150\" height=\"150\" src=\"https:\/\/www.riogrande.rs.gov.br\/smed\/wp-content\/uploads\/2017\/12\/20171201-ped-nae-image2-150x150.jpg\" class=\"attachment-thumbnail size-thumbnail\" alt=\"\" aria-describedby=\"gallery-1-24486\" \/><\/a>\n\t\t\t<\/dt>\n\t\t\t\t<dd class='wp-caption-text gallery-caption' id='gallery-1-24486'>\n\t\t\t\tDivulga\u00e7\u00e3o\n\t\t\t\t<\/dd><\/dl><dl class='gallery-item'>\n\t\t\t<dt class='gallery-icon landscape'>\n\t\t\t\t<a href='https:\/\/www.riogrande.rs.gov.br\/smed\/wp-content\/uploads\/2017\/12\/20171201-ped-nae-image3.jpg' rel=\"lightbox[24484]\"><img loading=\"lazy\" decoding=\"async\" width=\"150\" height=\"150\" src=\"https:\/\/www.riogrande.rs.gov.br\/smed\/wp-content\/uploads\/2017\/12\/20171201-ped-nae-image3-150x150.jpg\" class=\"attachment-thumbnail size-thumbnail\" alt=\"\" aria-describedby=\"gallery-1-24487\" \/><\/a>\n\t\t\t<\/dt>\n\t\t\t\t<dd class='wp-caption-text gallery-caption' id='gallery-1-24487'>\n\t\t\t\tDivulga\u00e7\u00e3o\n\t\t\t\t<\/dd><\/dl><dl class='gallery-item'>\n\t\t\t<dt class='gallery-icon landscape'>\n\t\t\t\t<a href='https:\/\/www.riogrande.rs.gov.br\/smed\/wp-content\/uploads\/2017\/12\/20171201-ped-nae-image1.jpg' rel=\"lightbox[24484]\"><img loading=\"lazy\" decoding=\"async\" width=\"150\" height=\"150\" src=\"https:\/\/www.riogrande.rs.gov.br\/smed\/wp-content\/uploads\/2017\/12\/20171201-ped-nae-image1-150x150.jpg\" class=\"attachment-thumbnail size-thumbnail\" alt=\"\" aria-describedby=\"gallery-1-24485\" \/><\/a>\n\t\t\t<\/dt>\n\t\t\t\t<dd class='wp-caption-text gallery-caption' id='gallery-1-24485'>\n\t\t\t\tDivulga\u00e7\u00e3o\n\t\t\t\t<\/dd><\/dl><br style=\"clear: both\" \/>\n\t\t<\/div>\n\n<p style=\"text-align: justify;\">No dia <b>23 de novembro<\/b>, o N\u00facleo de Alimenta\u00e7\u00e3o Escolar (NAE) da Secretaria de Munic\u00edpio da Educa\u00e7\u00e3o de Rio Grande (SMEd) participou do \u201c<b>I Encontro de Conselheiros da Alimenta\u00e7\u00e3o Escolar do RS<\/b>\u201d, que ocorreu no Tribunal de Contas do Estado do Rio Grande do Sul, em Porto Alegre.<\/p>\n<p style=\"text-align: justify;\"><!--more--><\/p>\n<p style=\"text-align: justify;\">O objetivo do Encontro, idealizado pelo Conselho de Alimenta\u00e7\u00e3o Escolar de Porto Alegre, consistiu em proporcionar um momento de aprimoramento dos conhecimentos referentes \u00e0 execu\u00e7\u00e3o do Programa Nacional de Alimenta\u00e7\u00e3o Escolar (PNAE) e \u00e0 atua\u00e7\u00e3o dos Conselhos presentes, oportunizando a troca de experi\u00eancias entre todos.<\/p>\n<p style=\"text-align: justify;\">Dentre os 234 Conselheiros da Alimenta\u00e7\u00e3o Escolar e colaboradores de 135 munic\u00edpios ga\u00fachos, Rio Grande esteve representado pela Nutricionista Rita Nascente Caetano, coordenadora do N\u00facleo de Alimenta\u00e7\u00e3o Escolar, e pelo professor Jorge Ivan Mello, presidente do Conselho de Alimenta\u00e7\u00e3o Escolar (CAE).<\/p>\n<p style=\"text-align: justify;\">Estiveram presentes ao evento a promotora da Justi\u00e7a do Minist\u00e9rio P\u00fablico do Rio Grande do Sul, Dr.\u00aa Miriam Balestro, e o representante do Tribunal de Contas da Uni\u00e3o, Dr. Andr\u00e9 Kirchheim.<\/p>\n<p style=\"text-align: justify;\">\u201c<b>Oportunidades como essa contribuem para o fortalecimento do trabalho desenvolvido por todas as inst\u00e2ncias relacionadas com o compromisso de gerenciar os processos impl\u00edcitos no contexto da Alimenta\u00e7\u00e3o Escolar<\/b>\u201d, destacou a coordena\u00e7\u00e3o do NAE.<\/p>\n<p>&nbsp;<\/p>\n<p style=\"text-align: right;\"><em>SMEd<\/em><br \/>\n<em> Roberton Reis<\/em><br \/>\n<em> Com informa\u00e7\u00f5es do NAE<\/em><\/p>\n","protected":false},"excerpt":{"rendered":"<p>No dia 23 de novembro, o N\u00facleo de Alimenta\u00e7\u00e3o Escolar (NAE) da Secretaria de Munic\u00edpio da Educa\u00e7\u00e3o de Rio Grande (SMEd) participou do \u201cI Encontro de Conselheiros da Alimenta\u00e7\u00e3o Escolar do RS\u201d, que ocorreu no Tribunal de Contas do Estado do Rio Grande do Sul, em Porto Alegre.<\/p>\n","protected":false},"author":7,"featured_media":0,"comment_status":"closed","ping_status":"closed","sticky":false,"template":"","format":"standard","meta":{"footnotes":""},"categories":[1,12],"tags":[],"class_list":["post-24484","post","type-post","status-publish","format-standard","hentry","category-noticias","category-administrativo"],"_links":{"self":[{"href":"https:\/\/www.riogrande.rs.gov.br\/smed\/index.php?rest_route=\/wp\/v2\/posts\/24484"}],"collection":[{"href":"https:\/\/www.riogrande.rs.gov.br\/smed\/index.php?rest_route=\/wp\/v2\/posts"}],"about":[{"href":"https:\/\/www.riogrande.rs.gov.br\/smed\/index.php?rest_route=\/wp\/v2\/types\/post"}],"author":[{"embeddable":true,"href":"https:\/\/www.riogrande.rs.gov.br\/smed\/index.php?rest_route=\/wp\/v2\/users\/7"}],"replies":[{"embeddable":true,"href":"https:\/\/www.riogrande.rs.gov.br\/smed\/index.php?rest_route=%2Fwp%2Fv2%2Fcomments&post=24484"}],"version-history":[{"count":3,"href":"https:\/\/www.riogrande.rs.gov.br\/smed\/index.php?rest_route=\/wp\/v2\/posts\/24484\/revisions"}],"predecessor-version":[{"id":24490,"href":"https:\/\/www.riogrande.rs.gov.br\/smed\/index.php?rest_route=\/wp\/v2\/posts\/24484\/revisions\/24490"}],"wp:attachment":[{"href":"https:\/\/www.riogrande.rs.gov.br\/smed\/index.php?rest_route=%2Fwp%2Fv2%2Fmedia&parent=24484"}],"wp:term":[{"taxonomy":"category","embeddable":true,"href":"https:\/\/www.riogrande.rs.gov.br\/smed\/index.php?rest_route=%2Fwp%2Fv2%2Fcategories&post=24484"},{"taxonomy":"post_tag","embeddable":true,"href":"https:\/\/www.riogrande.rs.gov.br\/smed\/index.php?rest_route=%2Fwp%2Fv2%2Ftags&post=24484"}],"curies":[{"name":"wp","href":"https:\/\/api.w.org\/{rel}","templated":true}]}}