{"id":24477,"date":"2017-12-01T15:24:50","date_gmt":"2017-12-01T17:24:50","guid":{"rendered":"http:\/\/www.riogrande.rs.gov.br\/smed\/?p=24477"},"modified":"2017-12-01T15:24:50","modified_gmt":"2017-12-01T17:24:50","slug":"periodo-de-matriculas-para-modalidades-ofertadas-pela-emie-ney-amado-costa-inicia-no-dia-04","status":"publish","type":"post","link":"https:\/\/www.riogrande.rs.gov.br\/smed\/?p=24477","title":{"rendered":"Per\u00edodo de Matr\u00edculas para Modalidades ofertadas pela EMIE Ney Amado Costa inicia no dia 04"},"content":{"rendered":"<p style=\"text-align: justify;\">A Escola Municipal de Inicia\u00e7\u00e3o Esportiva Ney Amado Costa, que est\u00e1 localizada na Av. Pelotas, S\/N\u00ba (Pra\u00e7a Saraiva, gin\u00e1sio Farydo Salom\u00e3o), bairro Cidade Nova, informa que, no per\u00edodo de <b>04 a 14 de dezembro<\/b>, os alunos da rede p\u00fablica municipal de ensino de Rio Grande poder\u00e3o realizar a matr\u00edcula na seguintes modalidades:<\/p>\n<p style=\"text-align: justify;\"><!--more--><\/p>\n<p style=\"text-align: justify;\">\n<ul style=\"text-align: justify;\">\n<li>Futebol de Campo (nascidos de 2003 a 2006);<\/li>\n<li>Dan\u00e7a e Gin\u00e1stica Art\u00edstica (a partir de 6 anos).<\/li>\n<\/ul>\n<p style=\"text-align: justify;\">Para efetuar a matr\u00edcula dos alunos interessados, os respons\u00e1veis devem se dirigir \u00e0 Escola, de segunda a quinta-feira, nos seguintes hor\u00e1rios: manh\u00e3, das <b>08h30min \u00e0s 11h30min<\/b>; e tarde, das <b>13h30min \u00e0s 18h30min<\/b>. Neste momento, n\u00e3o ser\u00e1 necess\u00e1ria a apresenta\u00e7\u00e3o de documentos.<\/p>\n<p style=\"text-align: right;\">\n<p style=\"text-align: right;\"><em>SMEd<\/em><br \/>\n<em> Roberton Reis<\/em><br \/>\n<em> Com informa\u00e7\u00f5es da EMIE Ney Amado Costa<\/em><\/p>\n","protected":false},"excerpt":{"rendered":"<p>A Escola Municipal de Inicia\u00e7\u00e3o Esportiva Ney Amado Costa, que est\u00e1 localizada na Av. Pelotas, S\/N\u00ba (Pra\u00e7a Saraiva, gin\u00e1sio Farydo Salom\u00e3o), bairro Cidade Nova, informa que, no per\u00edodo de 04 a 14 de dezembro, os alunos da rede p\u00fablica municipal de ensino de Rio Grande poder\u00e3o realizar a matr\u00edcula na seguintes modalidades:<\/p>\n","protected":false},"author":7,"featured_media":0,"comment_status":"closed","ping_status":"closed","sticky":false,"template":"","format":"standard","meta":{"footnotes":""},"categories":[1,13],"tags":[],"class_list":["post-24477","post","type-post","status-publish","format-standard","hentry","category-noticias","category-pedagogico"],"_links":{"self":[{"href":"https:\/\/www.riogrande.rs.gov.br\/smed\/index.php?rest_route=\/wp\/v2\/posts\/24477"}],"collection":[{"href":"https:\/\/www.riogrande.rs.gov.br\/smed\/index.php?rest_route=\/wp\/v2\/posts"}],"about":[{"href":"https:\/\/www.riogrande.rs.gov.br\/smed\/index.php?rest_route=\/wp\/v2\/types\/post"}],"author":[{"embeddable":true,"href":"https:\/\/www.riogrande.rs.gov.br\/smed\/index.php?rest_route=\/wp\/v2\/users\/7"}],"replies":[{"embeddable":true,"href":"https:\/\/www.riogrande.rs.gov.br\/smed\/index.php?rest_route=%2Fwp%2Fv2%2Fcomments&post=24477"}],"version-history":[{"count":1,"href":"https:\/\/www.riogrande.rs.gov.br\/smed\/index.php?rest_route=\/wp\/v2\/posts\/24477\/revisions"}],"predecessor-version":[{"id":24478,"href":"https:\/\/www.riogrande.rs.gov.br\/smed\/index.php?rest_route=\/wp\/v2\/posts\/24477\/revisions\/24478"}],"wp:attachment":[{"href":"https:\/\/www.riogrande.rs.gov.br\/smed\/index.php?rest_route=%2Fwp%2Fv2%2Fmedia&parent=24477"}],"wp:term":[{"taxonomy":"category","embeddable":true,"href":"https:\/\/www.riogrande.rs.gov.br\/smed\/index.php?rest_route=%2Fwp%2Fv2%2Fcategories&post=24477"},{"taxonomy":"post_tag","embeddable":true,"href":"https:\/\/www.riogrande.rs.gov.br\/smed\/index.php?rest_route=%2Fwp%2Fv2%2Ftags&post=24477"}],"curies":[{"name":"wp","href":"https:\/\/api.w.org\/{rel}","templated":true}]}}