{"id":24474,"date":"2017-12-01T15:19:05","date_gmt":"2017-12-01T17:19:05","guid":{"rendered":"http:\/\/www.riogrande.rs.gov.br\/smed\/?p=24474"},"modified":"2017-12-01T15:19:05","modified_gmt":"2017-12-01T17:19:05","slug":"3o-periodo-de-inscricoes-para-ingresso-na-rede-municipal-2017-2018-encerra-na-proxima-segunda-feira-04","status":"publish","type":"post","link":"https:\/\/www.riogrande.rs.gov.br\/smed\/?p=24474","title":{"rendered":"3\u00ba Per\u00edodo de inscri\u00e7\u00f5es para ingresso na Rede Municipal 2017\/2018 encerra na pr\u00f3xima segunda-feira, 04"},"content":{"rendered":"<div id=\"attachment_24475\" style=\"width: 495px\" class=\"wp-caption aligncenter\"><a href=\"http:\/\/www.riogrande.rs.gov.br\/smed\/wp-content\/uploads\/2017\/12\/20170928-calendario_matriculas4.jpg\" rel=\"lightbox[24474]\"><img loading=\"lazy\" decoding=\"async\" aria-describedby=\"caption-attachment-24475\" class=\"size-medium wp-image-24475\" src=\"http:\/\/www.riogrande.rs.gov.br\/smed\/wp-content\/uploads\/2017\/12\/20170928-calendario_matriculas4-485x343.jpg\" alt=\"\" width=\"485\" height=\"343\" srcset=\"https:\/\/www.riogrande.rs.gov.br\/smed\/wp-content\/uploads\/2017\/12\/20170928-calendario_matriculas4-485x343.jpg 485w, https:\/\/www.riogrande.rs.gov.br\/smed\/wp-content\/uploads\/2017\/12\/20170928-calendario_matriculas4-768x543.jpg 768w, https:\/\/www.riogrande.rs.gov.br\/smed\/wp-content\/uploads\/2017\/12\/20170928-calendario_matriculas4-293x207.jpg 293w, https:\/\/www.riogrande.rs.gov.br\/smed\/wp-content\/uploads\/2017\/12\/20170928-calendario_matriculas4.jpg 1169w\" sizes=\"(max-width: 485px) 100vw, 485px\" \/><\/a><p id=\"caption-attachment-24475\" class=\"wp-caption-text\">Divulga\u00e7\u00e3o<\/p><\/div>\n<p>&nbsp;<\/p>\n<p style=\"text-align: justify;\">A Secretaria de Munic\u00edpio da Educa\u00e7\u00e3o de Rio Grande (SMEd), atrav\u00e9s do N\u00facleo de Matr\u00edculas, informa que o 3\u00ba Per\u00edodo de inscri\u00e7\u00f5es, para <b>transfer\u00eancias de 1\u00ba a 9\u00ba ano do Ensino Fundamental<\/b>, que iniciou no dia<b> 22 de novembro<\/b>, encerra na pr\u00f3xima segunda-feira, dia <b>04 de dezembro<\/b>, \u00e0s <b>23h30min<\/b>. As inscri\u00e7\u00f5es devem ser realizadas no site<a href=\"http:\/\/www.riogrande.rs.gov.br\/matriculas\" target=\"_blank\" rel=\"noopener\"> <b>www.riogrande.rs.gov.br\/matriculas<\/b><\/a>.<\/p>\n<p><!--more--><\/p>\n<p>&nbsp;<\/p>\n<p style=\"text-align: justify;\">Clique<a href=\"http:\/\/www.riogrande.rs.gov.br\/matriculas\/externo\/2017\/edital05.pdf\" target=\"_blank\" rel=\"noopener\"> <b>AQUI<\/b><\/a> para ver o Edital 05.<\/p>\n<p style=\"text-align: right;\"><i>SMEd<\/i><\/p>\n","protected":false},"excerpt":{"rendered":"<p>&nbsp; A Secretaria de Munic\u00edpio da Educa\u00e7\u00e3o de Rio Grande (SMEd), atrav\u00e9s do N\u00facleo de Matr\u00edculas, informa que o 3\u00ba Per\u00edodo de inscri\u00e7\u00f5es, para transfer\u00eancias de 1\u00ba a 9\u00ba ano do Ensino Fundamental, que iniciou no dia 22 de novembro, encerra na pr\u00f3xima segunda-feira, dia 04 de dezembro, \u00e0s 23h30min. As inscri\u00e7\u00f5es devem ser realizadas [&hellip;]<\/p>\n","protected":false},"author":7,"featured_media":0,"comment_status":"closed","ping_status":"closed","sticky":false,"template":"","format":"standard","meta":{"footnotes":""},"categories":[1,13],"tags":[],"class_list":["post-24474","post","type-post","status-publish","format-standard","hentry","category-noticias","category-pedagogico"],"_links":{"self":[{"href":"https:\/\/www.riogrande.rs.gov.br\/smed\/index.php?rest_route=\/wp\/v2\/posts\/24474"}],"collection":[{"href":"https:\/\/www.riogrande.rs.gov.br\/smed\/index.php?rest_route=\/wp\/v2\/posts"}],"about":[{"href":"https:\/\/www.riogrande.rs.gov.br\/smed\/index.php?rest_route=\/wp\/v2\/types\/post"}],"author":[{"embeddable":true,"href":"https:\/\/www.riogrande.rs.gov.br\/smed\/index.php?rest_route=\/wp\/v2\/users\/7"}],"replies":[{"embeddable":true,"href":"https:\/\/www.riogrande.rs.gov.br\/smed\/index.php?rest_route=%2Fwp%2Fv2%2Fcomments&post=24474"}],"version-history":[{"count":1,"href":"https:\/\/www.riogrande.rs.gov.br\/smed\/index.php?rest_route=\/wp\/v2\/posts\/24474\/revisions"}],"predecessor-version":[{"id":24476,"href":"https:\/\/www.riogrande.rs.gov.br\/smed\/index.php?rest_route=\/wp\/v2\/posts\/24474\/revisions\/24476"}],"wp:attachment":[{"href":"https:\/\/www.riogrande.rs.gov.br\/smed\/index.php?rest_route=%2Fwp%2Fv2%2Fmedia&parent=24474"}],"wp:term":[{"taxonomy":"category","embeddable":true,"href":"https:\/\/www.riogrande.rs.gov.br\/smed\/index.php?rest_route=%2Fwp%2Fv2%2Fcategories&post=24474"},{"taxonomy":"post_tag","embeddable":true,"href":"https:\/\/www.riogrande.rs.gov.br\/smed\/index.php?rest_route=%2Fwp%2Fv2%2Ftags&post=24474"}],"curies":[{"name":"wp","href":"https:\/\/api.w.org\/{rel}","templated":true}]}}