{"id":24464,"date":"2017-11-30T17:16:21","date_gmt":"2017-11-30T19:16:21","guid":{"rendered":"http:\/\/www.riogrande.rs.gov.br\/smed\/?p=24464"},"modified":"2017-11-30T17:16:21","modified_gmt":"2017-11-30T19:16:21","slug":"ultimo-encontro-do-curso-de-extensao-educacao-infantil-brincando-entre-as-artes-a-danca-a-literatura-e-a-musica-aconteceu-no-dia-10","status":"publish","type":"post","link":"https:\/\/www.riogrande.rs.gov.br\/smed\/?p=24464","title":{"rendered":"\u00daltimo Encontro do Curso de Extens\u00e3o \u201cEduca\u00e7\u00e3o Infantil: Brincando entre as Artes, a Dan\u00e7a, a Literatura e a M\u00fasica\u201d aconteceu no dia 10"},"content":{"rendered":"\n\t\t<style type=\"text\/css\">\n\t\t\t#gallery-1 {\n\t\t\t\tmargin: auto;\n\t\t\t}\n\t\t\t#gallery-1 .gallery-item {\n\t\t\t\tfloat: left;\n\t\t\t\tmargin-top: 10px;\n\t\t\t\ttext-align: center;\n\t\t\t\twidth: 50%;\n\t\t\t}\n\t\t\t#gallery-1 img {\n\t\t\t\tborder: 2px solid #cfcfcf;\n\t\t\t}\n\t\t\t#gallery-1 .gallery-caption {\n\t\t\t\tmargin-left: 0;\n\t\t\t}\n\t\t\t\/* see gallery_shortcode() in wp-includes\/media.php *\/\n\t\t<\/style>\n\t\t<div id='gallery-1' class='gallery galleryid-24464 gallery-columns-2 gallery-size-thumbnail'><dl class='gallery-item'>\n\t\t\t<dt class='gallery-icon landscape'>\n\t\t\t\t<a href='https:\/\/www.riogrande.rs.gov.br\/smed\/wp-content\/uploads\/2017\/11\/20171130-ped-infantil-image1.jpg' rel=\"lightbox[24464]\"><img loading=\"lazy\" decoding=\"async\" width=\"150\" height=\"150\" src=\"https:\/\/www.riogrande.rs.gov.br\/smed\/wp-content\/uploads\/2017\/11\/20171130-ped-infantil-image1-150x150.jpg\" class=\"attachment-thumbnail size-thumbnail\" alt=\"\" aria-describedby=\"gallery-1-24465\" \/><\/a>\n\t\t\t<\/dt>\n\t\t\t\t<dd class='wp-caption-text gallery-caption' id='gallery-1-24465'>\n\t\t\t\tDivulga\u00e7\u00e3o\n\t\t\t\t<\/dd><\/dl><dl class='gallery-item'>\n\t\t\t<dt class='gallery-icon landscape'>\n\t\t\t\t<a href='https:\/\/www.riogrande.rs.gov.br\/smed\/wp-content\/uploads\/2017\/11\/20171130-ped-infantil-image2.jpg' rel=\"lightbox[24464]\"><img loading=\"lazy\" decoding=\"async\" width=\"150\" height=\"150\" src=\"https:\/\/www.riogrande.rs.gov.br\/smed\/wp-content\/uploads\/2017\/11\/20171130-ped-infantil-image2-150x150.jpg\" class=\"attachment-thumbnail size-thumbnail\" alt=\"\" aria-describedby=\"gallery-1-24466\" \/><\/a>\n\t\t\t<\/dt>\n\t\t\t\t<dd class='wp-caption-text gallery-caption' id='gallery-1-24466'>\n\t\t\t\tDivulga\u00e7\u00e3o\n\t\t\t\t<\/dd><\/dl><br style=\"clear: both\" \/><dl class='gallery-item'>\n\t\t\t<dt class='gallery-icon landscape'>\n\t\t\t\t<a href='https:\/\/www.riogrande.rs.gov.br\/smed\/wp-content\/uploads\/2017\/11\/20171130-ped-infantil-image3.jpg' rel=\"lightbox[24464]\"><img loading=\"lazy\" decoding=\"async\" width=\"150\" height=\"150\" src=\"https:\/\/www.riogrande.rs.gov.br\/smed\/wp-content\/uploads\/2017\/11\/20171130-ped-infantil-image3-150x150.jpg\" class=\"attachment-thumbnail size-thumbnail\" alt=\"\" aria-describedby=\"gallery-1-24467\" \/><\/a>\n\t\t\t<\/dt>\n\t\t\t\t<dd class='wp-caption-text gallery-caption' id='gallery-1-24467'>\n\t\t\t\tDivulga\u00e7\u00e3o\n\t\t\t\t<\/dd><\/dl><dl class='gallery-item'>\n\t\t\t<dt class='gallery-icon landscape'>\n\t\t\t\t<a href='https:\/\/www.riogrande.rs.gov.br\/smed\/wp-content\/uploads\/2017\/11\/20171130-ped-infantil-image4.jpg' rel=\"lightbox[24464]\"><img loading=\"lazy\" decoding=\"async\" width=\"150\" height=\"150\" src=\"https:\/\/www.riogrande.rs.gov.br\/smed\/wp-content\/uploads\/2017\/11\/20171130-ped-infantil-image4-150x150.jpg\" class=\"attachment-thumbnail size-thumbnail\" alt=\"\" aria-describedby=\"gallery-1-24468\" \/><\/a>\n\t\t\t<\/dt>\n\t\t\t\t<dd class='wp-caption-text gallery-caption' id='gallery-1-24468'>\n\t\t\t\tDivulga\u00e7\u00e3o\n\t\t\t\t<\/dd><\/dl><br style=\"clear: both\" \/><dl class='gallery-item'>\n\t\t\t<dt class='gallery-icon portrait'>\n\t\t\t\t<a href='https:\/\/www.riogrande.rs.gov.br\/smed\/wp-content\/uploads\/2017\/11\/20171130-ped-infantil-image5.jpg' rel=\"lightbox[24464]\"><img loading=\"lazy\" decoding=\"async\" width=\"150\" height=\"150\" src=\"https:\/\/www.riogrande.rs.gov.br\/smed\/wp-content\/uploads\/2017\/11\/20171130-ped-infantil-image5-150x150.jpg\" class=\"attachment-thumbnail size-thumbnail\" alt=\"\" aria-describedby=\"gallery-1-24469\" \/><\/a>\n\t\t\t<\/dt>\n\t\t\t\t<dd class='wp-caption-text gallery-caption' id='gallery-1-24469'>\n\t\t\t\tDivulga\u00e7\u00e3o\n\t\t\t\t<\/dd><\/dl><dl class='gallery-item'>\n\t\t\t<dt class='gallery-icon landscape'>\n\t\t\t\t<a href='https:\/\/www.riogrande.rs.gov.br\/smed\/wp-content\/uploads\/2017\/11\/20171130-ped-infantil-image6.jpg' rel=\"lightbox[24464]\"><img loading=\"lazy\" decoding=\"async\" width=\"150\" height=\"150\" src=\"https:\/\/www.riogrande.rs.gov.br\/smed\/wp-content\/uploads\/2017\/11\/20171130-ped-infantil-image6-150x150.jpg\" class=\"attachment-thumbnail size-thumbnail\" alt=\"\" aria-describedby=\"gallery-1-24470\" \/><\/a>\n\t\t\t<\/dt>\n\t\t\t\t<dd class='wp-caption-text gallery-caption' id='gallery-1-24470'>\n\t\t\t\tDivulga\u00e7\u00e3o\n\t\t\t\t<\/dd><\/dl><br style=\"clear: both\" \/><dl class='gallery-item'>\n\t\t\t<dt class='gallery-icon landscape'>\n\t\t\t\t<a href='https:\/\/www.riogrande.rs.gov.br\/smed\/wp-content\/uploads\/2017\/11\/20171130-ped-infantil-image7.jpg' rel=\"lightbox[24464]\"><img loading=\"lazy\" decoding=\"async\" width=\"150\" height=\"150\" src=\"https:\/\/www.riogrande.rs.gov.br\/smed\/wp-content\/uploads\/2017\/11\/20171130-ped-infantil-image7-150x150.jpg\" class=\"attachment-thumbnail size-thumbnail\" alt=\"\" aria-describedby=\"gallery-1-24471\" \/><\/a>\n\t\t\t<\/dt>\n\t\t\t\t<dd class='wp-caption-text gallery-caption' id='gallery-1-24471'>\n\t\t\t\tDivulga\u00e7\u00e3o\n\t\t\t\t<\/dd><\/dl><dl class='gallery-item'>\n\t\t\t<dt class='gallery-icon landscape'>\n\t\t\t\t<a href='https:\/\/www.riogrande.rs.gov.br\/smed\/wp-content\/uploads\/2017\/11\/20171130-ped-infantil-image8.jpg' rel=\"lightbox[24464]\"><img loading=\"lazy\" decoding=\"async\" width=\"150\" height=\"150\" src=\"https:\/\/www.riogrande.rs.gov.br\/smed\/wp-content\/uploads\/2017\/11\/20171130-ped-infantil-image8-150x150.jpg\" class=\"attachment-thumbnail size-thumbnail\" alt=\"\" aria-describedby=\"gallery-1-24472\" \/><\/a>\n\t\t\t<\/dt>\n\t\t\t\t<dd class='wp-caption-text gallery-caption' id='gallery-1-24472'>\n\t\t\t\tDivulga\u00e7\u00e3o\n\t\t\t\t<\/dd><\/dl><br style=\"clear: both\" \/>\n\t\t<\/div>\n\n<p style=\"text-align: justify;\">A Secretaria de Munic\u00edpio da Educa\u00e7\u00e3o de Rio Grande (SMEd), atrav\u00e9s da parceria entre o N\u00facleo de Educa\u00e7\u00e3o Infantil, a Escola de Belas Artes Heitor de Lemos e o Curso de Letras\/FURG \u2013 Projeto \u201c<b>Socializando a Leitura<\/b>\u201d, realizou, \u00a0no dia <b>10 de novembro<\/b>, o \u00faltimo Encontro do Curso de Extens\u00e3o \u201c<b>Educa\u00e7\u00e3o Infantil: Brincando entre as Artes, a Dan\u00e7a, a Literatura e a M\u00fasica<\/b>\u201d.<\/p>\n<p style=\"text-align: justify;\"><!--more--><\/p>\n<p style=\"text-align: justify;\">\n<p style=\"text-align: justify;\">Com o objetivo de oportunizar aos professores um di\u00e1logo com os campos de experi\u00eancias por meio das diversas linguagens que permeiam os ambientes das Escolas de Educa\u00e7\u00e3o Infantil, o Curso trouxe aos participantes a oportunidade de vivenciar situa\u00e7\u00f5es e aprendizagens que envolveram as seguintes tem\u00e1ticas: \u201cO imagin\u00e1rio nos Contos de Fadas\u201d, \u201cOficina de Conta\u00e7\u00e3o: a forma\u00e7\u00e3o de leitores\u201d, \u201cAprecia\u00e7\u00e3o musical com crian\u00e7as de 03 a 06 anos\u201d, \u201cDan\u00e7a com crian\u00e7as de 0 a 6 anos\u201d, \u201cForma\u00e7\u00e3o em Artes visuais\u201d, \u201cCorpo, som, cor e ritmo\u201d, entre outras.<\/p>\n<p style=\"text-align: justify;\">Como proposta para o \u00faltimo Encontro, os professores realizaram apresenta\u00e7\u00f5es de trabalhos relacionados \u00e0s tem\u00e1ticas abordadas no Curso. Os relatos de experi\u00eancias foram de extrema import\u00e2ncia, potencializando os conhecimentos que permearam todos os Encontros realizados, valorizando, tamb\u00e9m, as pr\u00e1ticas desenvolvidas em sala de aula. Esses relatos foram apresentados em forma de v\u00eddeos, <i>banners <\/i>e <i>PowerPoint.<\/i><\/p>\n<p style=\"text-align: justify;\"><b>\u201cFicamos muito satisfeitas com o comprometimento e envolvimento do grupo, com a qualidade dos trabalhos apresentados e com as diversas trocas oportunizadas durante o per\u00edodo dos nossos encontros, que fortaleceram ainda mais a import\u00e2ncia da forma\u00e7\u00e3o continuada para agregar saberes e qualidade no cotidiano da escola<\/b>\u201d, destacou a coordena\u00e7\u00e3o do N\u00facleo de Educa\u00e7\u00e3o Infantil.<\/p>\n<p style=\"text-align: justify;\">O N\u00facleo ainda destaca que o Curso aconteceu no per\u00edodo de junho a novembro de 2017 e que os professores participantes receber\u00e3o certificado de 40 horas. \u201c<b>Tamb\u00e9m queremos agradecer as parcerias formadas para o andamento e qualidade do Curso; professores que se disponibilizaram a dividir e compartilhar seus saberes com muita disposi\u00e7\u00e3o, comprometimento e vontade de fazer mais pela educa\u00e7\u00e3o<\/b>\u201d, finalizou o N\u00facleo.<\/p>\n<p>&nbsp;<\/p>\n<p style=\"text-align: right;\"><em>SMEd<\/em><br \/>\n<em> Roberton Reis<\/em><br \/>\n<em> Com informa\u00e7\u00f5es do N\u00facleo de Educa\u00e7\u00e3o Infantil<\/em><\/p>\n","protected":false},"excerpt":{"rendered":"<p>A Secretaria de Munic\u00edpio da Educa\u00e7\u00e3o de Rio Grande (SMEd), atrav\u00e9s da parceria entre o N\u00facleo de Educa\u00e7\u00e3o Infantil, a Escola de Belas Artes Heitor de Lemos e o Curso de Letras\/FURG \u2013 Projeto \u201cSocializando a Leitura\u201d, realizou, \u00a0no dia 10 de novembro, o \u00faltimo Encontro do Curso de Extens\u00e3o \u201cEduca\u00e7\u00e3o Infantil: Brincando entre as [&hellip;]<\/p>\n","protected":false},"author":7,"featured_media":0,"comment_status":"closed","ping_status":"closed","sticky":false,"template":"","format":"standard","meta":{"footnotes":""},"categories":[1,12,13],"tags":[],"class_list":["post-24464","post","type-post","status-publish","format-standard","hentry","category-noticias","category-administrativo","category-pedagogico"],"_links":{"self":[{"href":"https:\/\/www.riogrande.rs.gov.br\/smed\/index.php?rest_route=\/wp\/v2\/posts\/24464"}],"collection":[{"href":"https:\/\/www.riogrande.rs.gov.br\/smed\/index.php?rest_route=\/wp\/v2\/posts"}],"about":[{"href":"https:\/\/www.riogrande.rs.gov.br\/smed\/index.php?rest_route=\/wp\/v2\/types\/post"}],"author":[{"embeddable":true,"href":"https:\/\/www.riogrande.rs.gov.br\/smed\/index.php?rest_route=\/wp\/v2\/users\/7"}],"replies":[{"embeddable":true,"href":"https:\/\/www.riogrande.rs.gov.br\/smed\/index.php?rest_route=%2Fwp%2Fv2%2Fcomments&post=24464"}],"version-history":[{"count":1,"href":"https:\/\/www.riogrande.rs.gov.br\/smed\/index.php?rest_route=\/wp\/v2\/posts\/24464\/revisions"}],"predecessor-version":[{"id":24473,"href":"https:\/\/www.riogrande.rs.gov.br\/smed\/index.php?rest_route=\/wp\/v2\/posts\/24464\/revisions\/24473"}],"wp:attachment":[{"href":"https:\/\/www.riogrande.rs.gov.br\/smed\/index.php?rest_route=%2Fwp%2Fv2%2Fmedia&parent=24464"}],"wp:term":[{"taxonomy":"category","embeddable":true,"href":"https:\/\/www.riogrande.rs.gov.br\/smed\/index.php?rest_route=%2Fwp%2Fv2%2Fcategories&post=24464"},{"taxonomy":"post_tag","embeddable":true,"href":"https:\/\/www.riogrande.rs.gov.br\/smed\/index.php?rest_route=%2Fwp%2Fv2%2Ftags&post=24464"}],"curies":[{"name":"wp","href":"https:\/\/api.w.org\/{rel}","templated":true}]}}