{"id":24446,"date":"2017-11-29T16:36:59","date_gmt":"2017-11-29T18:36:59","guid":{"rendered":"http:\/\/www.riogrande.rs.gov.br\/smed\/?p=24446"},"modified":"2017-11-29T16:36:59","modified_gmt":"2017-11-29T18:36:59","slug":"escolas-municipais-da-ilha-dos-marinheiros-promovem-a-i-mostra-de-teatro-e-video-no-dia-07","status":"publish","type":"post","link":"https:\/\/www.riogrande.rs.gov.br\/smed\/?p=24446","title":{"rendered":"Escolas Municipais da Ilha dos Marinheiros promovem a \u201cI Mostra de Teatro e V\u00eddeo\u201d no dia 07"},"content":{"rendered":"<div id=\"attachment_24448\" style=\"width: 495px\" class=\"wp-caption aligncenter\"><a href=\"http:\/\/www.riogrande.rs.gov.br\/smed\/wp-content\/uploads\/2017\/11\/20171129-ped-centeno-image1.jpg\" rel=\"lightbox[24446]\"><img loading=\"lazy\" decoding=\"async\" aria-describedby=\"caption-attachment-24448\" class=\"size-medium wp-image-24448\" src=\"http:\/\/www.riogrande.rs.gov.br\/smed\/wp-content\/uploads\/2017\/11\/20171129-ped-centeno-image1-485x325.jpg\" alt=\"\" width=\"485\" height=\"325\" srcset=\"https:\/\/www.riogrande.rs.gov.br\/smed\/wp-content\/uploads\/2017\/11\/20171129-ped-centeno-image1-485x325.jpg 485w, https:\/\/www.riogrande.rs.gov.br\/smed\/wp-content\/uploads\/2017\/11\/20171129-ped-centeno-image1-768x515.jpg 768w, https:\/\/www.riogrande.rs.gov.br\/smed\/wp-content\/uploads\/2017\/11\/20171129-ped-centeno-image1-309x207.jpg 309w, https:\/\/www.riogrande.rs.gov.br\/smed\/wp-content\/uploads\/2017\/11\/20171129-ped-centeno-image1.jpg 800w\" sizes=\"(max-width: 485px) 100vw, 485px\" \/><\/a><p id=\"caption-attachment-24448\" class=\"wp-caption-text\">Divulga\u00e7\u00e3o<\/p><\/div>\n<p style=\"text-align: justify;\">As Escolas Municipais de Ensino Fundamental <b>Apolin\u00e1rio Porto Alegre<\/b>, <b>Cora\u00e7\u00e3o de Maria<\/b>, <b>Renascer<\/b> e <b>Sylvia Centeno Xavier<\/b> promover\u00e3o, no dia <b>07 de dezembro<\/b>, \u00e0s <b>14h<\/b>, no <b>Sal\u00e3o Cruzeiro<\/b>, a \u201c<b>I Mostra de Teatro e V\u00eddeo das Escolas Municipais da Ilha dos Marinheiros<\/b>\u201d.<\/p>\n<p style=\"text-align: justify;\"><!--more--><\/p>\n<p style=\"text-align: justify;\">\n<p style=\"text-align: justify;\">De acordo com a organizadora da Mostra, a Professora Articuladora Giselle Avila Machado, \u201c<b>a atividade busca a integra\u00e7\u00e3o da comunidade da Ilha dos Marinheiros, levando os pais, familiares e amigos das Escolas para dividir os frutos de um trabalho que \u00e9 feito dentro do ambiente escolar. \u00c9 importante que dentro da comunidade, apesar de termos quatro ambientes escolares diferentes, fique em evid\u00eancia que o trabalho acontece em un\u00edssono, com foco em nossos estudantes e seus desenvolvimentos<\/b>\u201d.<\/p>\n<p style=\"text-align: justify;\">Al\u00e9m das apresenta\u00e7\u00f5es teatrais, a \u201c<b>I Mostra de Teatro e V\u00eddeo<\/b>\u201d apresentar\u00e1 \u00e0 comunidade os quatro v\u00eddeos produzidos nas Escolas Municipais da Ilha dos Marinheiros, que foram premiados em diversas categorias no \u201c<b>4\u00ba Festival de V\u00eddeo Estudantil do Rio Grande<\/b>\u201d. \u201c<b>A Mostra surge como uma forma de unir todas as Escolas da Ilha, para que juntos possamos desfrutar do prazer de dividir nossas produ\u00e7\u00f5es, unindo, assim, a comunidade em prol de estimular ainda mais os nossos alunos<\/b>\u201d, destacou a Prof.\u00aa Giselle.<\/p>\n<p>&nbsp;<\/p>\n<p style=\"text-align: right;\"><em>SMEd<\/em><br \/>\n<em> Roberton Reis<\/em><\/p>\n","protected":false},"excerpt":{"rendered":"<p>As Escolas Municipais de Ensino Fundamental Apolin\u00e1rio Porto Alegre, Cora\u00e7\u00e3o de Maria, Renascer e Sylvia Centeno Xavier promover\u00e3o, no dia 07 de dezembro, \u00e0s 14h, no Sal\u00e3o Cruzeiro, a \u201cI Mostra de Teatro e V\u00eddeo das Escolas Municipais da Ilha dos Marinheiros\u201d.<\/p>\n","protected":false},"author":7,"featured_media":0,"comment_status":"closed","ping_status":"closed","sticky":false,"template":"","format":"standard","meta":{"footnotes":""},"categories":[1,13],"tags":[],"class_list":["post-24446","post","type-post","status-publish","format-standard","hentry","category-noticias","category-pedagogico"],"_links":{"self":[{"href":"https:\/\/www.riogrande.rs.gov.br\/smed\/index.php?rest_route=\/wp\/v2\/posts\/24446"}],"collection":[{"href":"https:\/\/www.riogrande.rs.gov.br\/smed\/index.php?rest_route=\/wp\/v2\/posts"}],"about":[{"href":"https:\/\/www.riogrande.rs.gov.br\/smed\/index.php?rest_route=\/wp\/v2\/types\/post"}],"author":[{"embeddable":true,"href":"https:\/\/www.riogrande.rs.gov.br\/smed\/index.php?rest_route=\/wp\/v2\/users\/7"}],"replies":[{"embeddable":true,"href":"https:\/\/www.riogrande.rs.gov.br\/smed\/index.php?rest_route=%2Fwp%2Fv2%2Fcomments&post=24446"}],"version-history":[{"count":1,"href":"https:\/\/www.riogrande.rs.gov.br\/smed\/index.php?rest_route=\/wp\/v2\/posts\/24446\/revisions"}],"predecessor-version":[{"id":24449,"href":"https:\/\/www.riogrande.rs.gov.br\/smed\/index.php?rest_route=\/wp\/v2\/posts\/24446\/revisions\/24449"}],"wp:attachment":[{"href":"https:\/\/www.riogrande.rs.gov.br\/smed\/index.php?rest_route=%2Fwp%2Fv2%2Fmedia&parent=24446"}],"wp:term":[{"taxonomy":"category","embeddable":true,"href":"https:\/\/www.riogrande.rs.gov.br\/smed\/index.php?rest_route=%2Fwp%2Fv2%2Fcategories&post=24446"},{"taxonomy":"post_tag","embeddable":true,"href":"https:\/\/www.riogrande.rs.gov.br\/smed\/index.php?rest_route=%2Fwp%2Fv2%2Ftags&post=24446"}],"curies":[{"name":"wp","href":"https:\/\/api.w.org\/{rel}","templated":true}]}}