{"id":24432,"date":"2017-11-29T16:19:26","date_gmt":"2017-11-29T18:19:26","guid":{"rendered":"http:\/\/www.riogrande.rs.gov.br\/smed\/?p=24432"},"modified":"2017-11-29T16:50:56","modified_gmt":"2017-11-29T18:50:56","slug":"smed-lancou-a-revista-digital-escritas-pelo-rio-grande-uma-cidade-para-se-amar-no-dia-22","status":"publish","type":"post","link":"https:\/\/www.riogrande.rs.gov.br\/smed\/?p=24432","title":{"rendered":"SMEd lan\u00e7ou a Revista Digital \u201cEscritas pelo Rio Grande &#8211; Uma cidade para se amar\u201d no dia 22"},"content":{"rendered":"\n\t\t<style type=\"text\/css\">\n\t\t\t#gallery-1 {\n\t\t\t\tmargin: auto;\n\t\t\t}\n\t\t\t#gallery-1 .gallery-item {\n\t\t\t\tfloat: left;\n\t\t\t\tmargin-top: 10px;\n\t\t\t\ttext-align: center;\n\t\t\t\twidth: 33%;\n\t\t\t}\n\t\t\t#gallery-1 img {\n\t\t\t\tborder: 2px solid #cfcfcf;\n\t\t\t}\n\t\t\t#gallery-1 .gallery-caption {\n\t\t\t\tmargin-left: 0;\n\t\t\t}\n\t\t\t\/* see gallery_shortcode() in wp-includes\/media.php *\/\n\t\t<\/style>\n\t\t<div id='gallery-1' class='gallery galleryid-24432 gallery-columns-3 gallery-size-thumbnail'><dl class='gallery-item'>\n\t\t\t<dt class='gallery-icon landscape'>\n\t\t\t\t<a href='https:\/\/www.riogrande.rs.gov.br\/smed\/wp-content\/uploads\/2017\/11\/20171129-ped-revista_digital-image1.jpg' rel=\"lightbox[24432]\"><img loading=\"lazy\" decoding=\"async\" width=\"150\" height=\"150\" src=\"https:\/\/www.riogrande.rs.gov.br\/smed\/wp-content\/uploads\/2017\/11\/20171129-ped-revista_digital-image1-150x150.jpg\" class=\"attachment-thumbnail size-thumbnail\" alt=\"\" aria-describedby=\"gallery-1-24433\" \/><\/a>\n\t\t\t<\/dt>\n\t\t\t\t<dd class='wp-caption-text gallery-caption' id='gallery-1-24433'>\n\t\t\t\tCr\u00e9dito: Roberton Reis\n\t\t\t\t<\/dd><\/dl><dl class='gallery-item'>\n\t\t\t<dt class='gallery-icon landscape'>\n\t\t\t\t<a href='https:\/\/www.riogrande.rs.gov.br\/smed\/wp-content\/uploads\/2017\/11\/20171129-ped-revista_digital-image2.jpg' rel=\"lightbox[24432]\"><img loading=\"lazy\" decoding=\"async\" width=\"150\" height=\"150\" src=\"https:\/\/www.riogrande.rs.gov.br\/smed\/wp-content\/uploads\/2017\/11\/20171129-ped-revista_digital-image2-150x150.jpg\" class=\"attachment-thumbnail size-thumbnail\" alt=\"\" aria-describedby=\"gallery-1-24434\" \/><\/a>\n\t\t\t<\/dt>\n\t\t\t\t<dd class='wp-caption-text gallery-caption' id='gallery-1-24434'>\n\t\t\t\tCr\u00e9dito: Roberton Reis\n\t\t\t\t<\/dd><\/dl><dl class='gallery-item'>\n\t\t\t<dt class='gallery-icon landscape'>\n\t\t\t\t<a href='https:\/\/www.riogrande.rs.gov.br\/smed\/wp-content\/uploads\/2017\/11\/20171129-ped-revista_digital-image3.jpg' rel=\"lightbox[24432]\"><img loading=\"lazy\" decoding=\"async\" width=\"150\" height=\"150\" src=\"https:\/\/www.riogrande.rs.gov.br\/smed\/wp-content\/uploads\/2017\/11\/20171129-ped-revista_digital-image3-150x150.jpg\" class=\"attachment-thumbnail size-thumbnail\" alt=\"\" aria-describedby=\"gallery-1-24435\" \/><\/a>\n\t\t\t<\/dt>\n\t\t\t\t<dd class='wp-caption-text gallery-caption' id='gallery-1-24435'>\n\t\t\t\tCr\u00e9dito: Roberton Reis\n\t\t\t\t<\/dd><\/dl><br style=\"clear: both\" \/><dl class='gallery-item'>\n\t\t\t<dt class='gallery-icon landscape'>\n\t\t\t\t<a href='https:\/\/www.riogrande.rs.gov.br\/smed\/wp-content\/uploads\/2017\/11\/20171129-ped-revista_digital-image4.jpg' rel=\"lightbox[24432]\"><img loading=\"lazy\" decoding=\"async\" width=\"150\" height=\"150\" src=\"https:\/\/www.riogrande.rs.gov.br\/smed\/wp-content\/uploads\/2017\/11\/20171129-ped-revista_digital-image4-150x150.jpg\" class=\"attachment-thumbnail size-thumbnail\" alt=\"\" aria-describedby=\"gallery-1-24436\" \/><\/a>\n\t\t\t<\/dt>\n\t\t\t\t<dd class='wp-caption-text gallery-caption' id='gallery-1-24436'>\n\t\t\t\tCr\u00e9dito: Roberton Reis\n\t\t\t\t<\/dd><\/dl><dl class='gallery-item'>\n\t\t\t<dt class='gallery-icon landscape'>\n\t\t\t\t<a href='https:\/\/www.riogrande.rs.gov.br\/smed\/wp-content\/uploads\/2017\/11\/20171129-ped-revista_digital-image5.jpg' rel=\"lightbox[24432]\"><img loading=\"lazy\" decoding=\"async\" width=\"150\" height=\"150\" src=\"https:\/\/www.riogrande.rs.gov.br\/smed\/wp-content\/uploads\/2017\/11\/20171129-ped-revista_digital-image5-150x150.jpg\" class=\"attachment-thumbnail size-thumbnail\" alt=\"\" aria-describedby=\"gallery-1-24437\" \/><\/a>\n\t\t\t<\/dt>\n\t\t\t\t<dd class='wp-caption-text gallery-caption' id='gallery-1-24437'>\n\t\t\t\tCr\u00e9dito: Roberton Reis\n\t\t\t\t<\/dd><\/dl><dl class='gallery-item'>\n\t\t\t<dt class='gallery-icon landscape'>\n\t\t\t\t<a href='https:\/\/www.riogrande.rs.gov.br\/smed\/wp-content\/uploads\/2017\/11\/20171129-ped-revista_digital-image6.jpg' rel=\"lightbox[24432]\"><img loading=\"lazy\" decoding=\"async\" width=\"150\" height=\"150\" src=\"https:\/\/www.riogrande.rs.gov.br\/smed\/wp-content\/uploads\/2017\/11\/20171129-ped-revista_digital-image6-150x150.jpg\" class=\"attachment-thumbnail size-thumbnail\" alt=\"\" aria-describedby=\"gallery-1-24438\" \/><\/a>\n\t\t\t<\/dt>\n\t\t\t\t<dd class='wp-caption-text gallery-caption' id='gallery-1-24438'>\n\t\t\t\tCr\u00e9dito: Roberton Reis\n\t\t\t\t<\/dd><\/dl><br style=\"clear: both\" \/><dl class='gallery-item'>\n\t\t\t<dt class='gallery-icon landscape'>\n\t\t\t\t<a href='https:\/\/www.riogrande.rs.gov.br\/smed\/wp-content\/uploads\/2017\/11\/20171129-ped-revista_digital-image7.jpg' rel=\"lightbox[24432]\"><img loading=\"lazy\" decoding=\"async\" width=\"150\" height=\"150\" src=\"https:\/\/www.riogrande.rs.gov.br\/smed\/wp-content\/uploads\/2017\/11\/20171129-ped-revista_digital-image7-150x150.jpg\" class=\"attachment-thumbnail size-thumbnail\" alt=\"\" aria-describedby=\"gallery-1-24439\" \/><\/a>\n\t\t\t<\/dt>\n\t\t\t\t<dd class='wp-caption-text gallery-caption' id='gallery-1-24439'>\n\t\t\t\tCr\u00e9dito: Roberton Reis\n\t\t\t\t<\/dd><\/dl><dl class='gallery-item'>\n\t\t\t<dt class='gallery-icon landscape'>\n\t\t\t\t<a href='https:\/\/www.riogrande.rs.gov.br\/smed\/wp-content\/uploads\/2017\/11\/20171129-ped-revista_digital-image8.jpg' rel=\"lightbox[24432]\"><img loading=\"lazy\" decoding=\"async\" width=\"150\" height=\"150\" src=\"https:\/\/www.riogrande.rs.gov.br\/smed\/wp-content\/uploads\/2017\/11\/20171129-ped-revista_digital-image8-150x150.jpg\" class=\"attachment-thumbnail size-thumbnail\" alt=\"\" aria-describedby=\"gallery-1-24440\" \/><\/a>\n\t\t\t<\/dt>\n\t\t\t\t<dd class='wp-caption-text gallery-caption' id='gallery-1-24440'>\n\t\t\t\tCr\u00e9dito: Roberton Reis\n\t\t\t\t<\/dd><\/dl><dl class='gallery-item'>\n\t\t\t<dt class='gallery-icon landscape'>\n\t\t\t\t<a href='https:\/\/www.riogrande.rs.gov.br\/smed\/wp-content\/uploads\/2017\/11\/20171129-ped-revista_digital-image11.jpg' rel=\"lightbox[24432]\"><img loading=\"lazy\" decoding=\"async\" width=\"150\" height=\"150\" src=\"https:\/\/www.riogrande.rs.gov.br\/smed\/wp-content\/uploads\/2017\/11\/20171129-ped-revista_digital-image11-150x150.jpg\" class=\"attachment-thumbnail size-thumbnail\" alt=\"\" aria-describedby=\"gallery-1-24441\" \/><\/a>\n\t\t\t<\/dt>\n\t\t\t\t<dd class='wp-caption-text gallery-caption' id='gallery-1-24441'>\n\t\t\t\tCr\u00e9dito: Roberton Reis\n\t\t\t\t<\/dd><\/dl><br style=\"clear: both\" \/><dl class='gallery-item'>\n\t\t\t<dt class='gallery-icon landscape'>\n\t\t\t\t<a href='https:\/\/www.riogrande.rs.gov.br\/smed\/wp-content\/uploads\/2017\/11\/20171129-ped-revista_digital-image12.jpg' rel=\"lightbox[24432]\"><img loading=\"lazy\" decoding=\"async\" width=\"150\" height=\"150\" src=\"https:\/\/www.riogrande.rs.gov.br\/smed\/wp-content\/uploads\/2017\/11\/20171129-ped-revista_digital-image12-150x150.jpg\" class=\"attachment-thumbnail size-thumbnail\" alt=\"\" aria-describedby=\"gallery-1-24442\" \/><\/a>\n\t\t\t<\/dt>\n\t\t\t\t<dd class='wp-caption-text gallery-caption' id='gallery-1-24442'>\n\t\t\t\tCr\u00e9dito: Roberton Reis\n\t\t\t\t<\/dd><\/dl><dl class='gallery-item'>\n\t\t\t<dt class='gallery-icon landscape'>\n\t\t\t\t<a href='https:\/\/www.riogrande.rs.gov.br\/smed\/wp-content\/uploads\/2017\/11\/20171129-ped-revista_digital-image9.jpg' rel=\"lightbox[24432]\"><img loading=\"lazy\" decoding=\"async\" width=\"150\" height=\"150\" src=\"https:\/\/www.riogrande.rs.gov.br\/smed\/wp-content\/uploads\/2017\/11\/20171129-ped-revista_digital-image9-150x150.jpg\" class=\"attachment-thumbnail size-thumbnail\" alt=\"\" aria-describedby=\"gallery-1-24443\" \/><\/a>\n\t\t\t<\/dt>\n\t\t\t\t<dd class='wp-caption-text gallery-caption' id='gallery-1-24443'>\n\t\t\t\tCr\u00e9dito: Roberton Reis\n\t\t\t\t<\/dd><\/dl><dl class='gallery-item'>\n\t\t\t<dt class='gallery-icon landscape'>\n\t\t\t\t<a href='https:\/\/www.riogrande.rs.gov.br\/smed\/wp-content\/uploads\/2017\/11\/20171129-ped-revista_digital-image10.jpg' rel=\"lightbox[24432]\"><img loading=\"lazy\" decoding=\"async\" width=\"150\" height=\"150\" src=\"https:\/\/www.riogrande.rs.gov.br\/smed\/wp-content\/uploads\/2017\/11\/20171129-ped-revista_digital-image10-150x150.jpg\" class=\"attachment-thumbnail size-thumbnail\" alt=\"\" aria-describedby=\"gallery-1-24444\" \/><\/a>\n\t\t\t<\/dt>\n\t\t\t\t<dd class='wp-caption-text gallery-caption' id='gallery-1-24444'>\n\t\t\t\tCr\u00e9dito: Roberton Reis\n\t\t\t\t<\/dd><\/dl><br style=\"clear: both\" \/>\n\t\t<\/div>\n\n<p style=\"text-align: justify;\">Na tarde do dia <b>22 de novembro<\/b>, a Secretaria de Munic\u00edpio da Educa\u00e7\u00e3o de Rio Grande (SMEd) realizou, no Anfiteatro do IFRS, a Cerim\u00f4nia de Lan\u00e7amento da <a href=\"http:\/\/www.riogrande.rs.gov.br\/smed\/?page_id=24232\" target=\"_blank\" rel=\"noopener\"><b>Revista Digital<\/b><\/a> \u201c<b>Escritas pelo Rio Grande &#8211; Uma cidade para se amar<\/b>\u201d, bem como o \u201c<b>Sarau Liter\u00e1rio<\/b>\u201d relativo aos \u201c<b>280 anos de funda\u00e7\u00e3o da cidade do Rio Grande<\/b>\u201d.<\/p>\n<p style=\"text-align: justify;\"><!--more--><\/p>\n<p style=\"text-align: justify;\">A \u201c<a href=\"http:\/\/www.riogrande.rs.gov.br\/smed\/?page_id=24232\" target=\"_blank\" rel=\"noopener\"><b>Revista Digital<\/b><\/a>\u201d \u00e9 fruto das a\u00e7\u00f5es promovidas nas escolas da rede p\u00fablica municipal de ensino pelo Projeto \u201cEscritas pelo Rio Grande &#8211; Uma cidade para se amar\u201d, desenvolvido ao longo deste ano pelos N\u00facleos Pedag\u00f3gico da SMEd: Anos Finais, Anos Iniciais, Educa\u00e7\u00e3o Ambiental e Patrimonial, Bibliotecas, Tecnologia Municipal e Educa\u00e7\u00e3o de Jovens e Adultos.<\/p>\n<p style=\"text-align: justify;\">O Projeto da SMEd, que envolveu 24 escolas municipais e 1.265 participantes, objetivou oportunizar atividades com vistas a despertar o prazer da leitura, agu\u00e7ando o potencial cognitivo e criativo dos estudantes, possibilitando, assim, o acesso aos diversos tipos de textos, buscando efetiv\u00e1-los enquanto processo de leitura e de escrita. Al\u00e9m disso, o Projeto tamb\u00e9m buscou o enriquecimento de conhecimentos sobre nosso Munic\u00edpio, fazendo alus\u00e3o aos \u201c<b>280 anos de funda\u00e7\u00e3o da cidade do Rio Grande<\/b>\u201d.<\/p>\n<p style=\"text-align: justify;\">Dentre as a\u00e7\u00f5es desenvolvidas pelo Projeto, podemos destacar: as forma\u00e7\u00f5es realizadas nas escolas, pelas assessorias envolvidas, com palestras, exposi\u00e7\u00e3o de v\u00eddeos, rodas de conversa, curiosidades sobre o Patrim\u00f4nio Material e Imaterial do Munic\u00edpio, bem como os \u00a0seus pontos tur\u00edsticos, abordando, tamb\u00e9m, tanto os aspectos hist\u00f3ricos quanto geogr\u00e1ficos de Rio Grande. Tamb\u00e9m foram realizadas Oficinas sobre G\u00eaneros Textuais, envolvendo prosa, verso, <em>folder<\/em>, convite, acr\u00f3stico, cr\u00f4nica e reportagem.<\/p>\n<p style=\"text-align: justify;\">Os textos, em prosa e verso, produzidos pelos alunos participantes do Projeto, est\u00e3o inclu\u00eddos na colet\u00e2nea da <b>publica\u00e7\u00e3o digital<\/b>, a qual pode ser acessada no site da SMEd. Alguns desses textos foram apresentados no \u201c<b>Sarau Liter\u00e1rio dos 280 anos de funda\u00e7\u00e3o da cidade do Rio Grande<\/b>\u201d, momento de grande emo\u00e7\u00e3o para todos os presentes \u00e0 Cerim\u00f4nia.<\/p>\n<p style=\"text-align: right;\"><em>SMEd<\/em><br \/>\n<em> Roberton Reis<\/em><\/p>\n","protected":false},"excerpt":{"rendered":"<p>Na tarde do dia 22 de novembro, a Secretaria de Munic\u00edpio da Educa\u00e7\u00e3o de Rio Grande (SMEd) realizou, no Anfiteatro do IFRS, a Cerim\u00f4nia de Lan\u00e7amento da Revista Digital \u201cEscritas pelo Rio Grande &#8211; Uma cidade para se amar\u201d, bem como o \u201cSarau Liter\u00e1rio\u201d relativo aos \u201c280 anos de funda\u00e7\u00e3o da cidade do Rio Grande\u201d.<\/p>\n","protected":false},"author":7,"featured_media":0,"comment_status":"closed","ping_status":"closed","sticky":false,"template":"","format":"standard","meta":{"footnotes":""},"categories":[45,1,13],"tags":[],"class_list":["post-24432","post","type-post","status-publish","format-standard","hentry","category-280anosriogrande","category-noticias","category-pedagogico"],"_links":{"self":[{"href":"https:\/\/www.riogrande.rs.gov.br\/smed\/index.php?rest_route=\/wp\/v2\/posts\/24432"}],"collection":[{"href":"https:\/\/www.riogrande.rs.gov.br\/smed\/index.php?rest_route=\/wp\/v2\/posts"}],"about":[{"href":"https:\/\/www.riogrande.rs.gov.br\/smed\/index.php?rest_route=\/wp\/v2\/types\/post"}],"author":[{"embeddable":true,"href":"https:\/\/www.riogrande.rs.gov.br\/smed\/index.php?rest_route=\/wp\/v2\/users\/7"}],"replies":[{"embeddable":true,"href":"https:\/\/www.riogrande.rs.gov.br\/smed\/index.php?rest_route=%2Fwp%2Fv2%2Fcomments&post=24432"}],"version-history":[{"count":2,"href":"https:\/\/www.riogrande.rs.gov.br\/smed\/index.php?rest_route=\/wp\/v2\/posts\/24432\/revisions"}],"predecessor-version":[{"id":24451,"href":"https:\/\/www.riogrande.rs.gov.br\/smed\/index.php?rest_route=\/wp\/v2\/posts\/24432\/revisions\/24451"}],"wp:attachment":[{"href":"https:\/\/www.riogrande.rs.gov.br\/smed\/index.php?rest_route=%2Fwp%2Fv2%2Fmedia&parent=24432"}],"wp:term":[{"taxonomy":"category","embeddable":true,"href":"https:\/\/www.riogrande.rs.gov.br\/smed\/index.php?rest_route=%2Fwp%2Fv2%2Fcategories&post=24432"},{"taxonomy":"post_tag","embeddable":true,"href":"https:\/\/www.riogrande.rs.gov.br\/smed\/index.php?rest_route=%2Fwp%2Fv2%2Ftags&post=24432"}],"curies":[{"name":"wp","href":"https:\/\/api.w.org\/{rel}","templated":true}]}}