{"id":24400,"date":"2017-11-28T15:21:34","date_gmt":"2017-11-28T17:21:34","guid":{"rendered":"http:\/\/www.riogrande.rs.gov.br\/smed\/?p=24400"},"modified":"2017-11-28T15:21:34","modified_gmt":"2017-11-28T17:21:34","slug":"secretario-de-educacao-participou-do-seminario-institucional-do-pibid-realizado-na-furg","status":"publish","type":"post","link":"https:\/\/www.riogrande.rs.gov.br\/smed\/?p=24400","title":{"rendered":"SECRET\u00c1RIO DE EDUCA\u00c7\u00c3O PARTICIPOU DO SEMIN\u00c1RIO INSTITUCIONAL DO PIBID, REALIZADO NA FURG"},"content":{"rendered":"\n\t\t<style type=\"text\/css\">\n\t\t\t#gallery-1 {\n\t\t\t\tmargin: auto;\n\t\t\t}\n\t\t\t#gallery-1 .gallery-item {\n\t\t\t\tfloat: left;\n\t\t\t\tmargin-top: 10px;\n\t\t\t\ttext-align: center;\n\t\t\t\twidth: 33%;\n\t\t\t}\n\t\t\t#gallery-1 img {\n\t\t\t\tborder: 2px solid #cfcfcf;\n\t\t\t}\n\t\t\t#gallery-1 .gallery-caption {\n\t\t\t\tmargin-left: 0;\n\t\t\t}\n\t\t\t\/* see gallery_shortcode() in wp-includes\/media.php *\/\n\t\t<\/style>\n\t\t<div id='gallery-1' class='gallery galleryid-24400 gallery-columns-3 gallery-size-thumbnail'><dl class='gallery-item'>\n\t\t\t<dt class='gallery-icon landscape'>\n\t\t\t\t<a href='https:\/\/www.riogrande.rs.gov.br\/smed\/wp-content\/uploads\/2017\/11\/20171128-pmrg1.jpg' rel=\"lightbox[24400]\"><img loading=\"lazy\" decoding=\"async\" width=\"150\" height=\"150\" src=\"https:\/\/www.riogrande.rs.gov.br\/smed\/wp-content\/uploads\/2017\/11\/20171128-pmrg1-150x150.jpg\" class=\"attachment-thumbnail size-thumbnail\" alt=\"\" aria-describedby=\"gallery-1-24401\" \/><\/a>\n\t\t\t<\/dt>\n\t\t\t\t<dd class='wp-caption-text gallery-caption' id='gallery-1-24401'>\n\t\t\t\tCr\u00e9dito: Nat\u00e1lia Lavall\n\t\t\t\t<\/dd><\/dl><dl class='gallery-item'>\n\t\t\t<dt class='gallery-icon landscape'>\n\t\t\t\t<a href='https:\/\/www.riogrande.rs.gov.br\/smed\/wp-content\/uploads\/2017\/11\/20171128-pmrg2.jpg' rel=\"lightbox[24400]\"><img loading=\"lazy\" decoding=\"async\" width=\"150\" height=\"150\" src=\"https:\/\/www.riogrande.rs.gov.br\/smed\/wp-content\/uploads\/2017\/11\/20171128-pmrg2-150x150.jpg\" class=\"attachment-thumbnail size-thumbnail\" alt=\"\" aria-describedby=\"gallery-1-24402\" \/><\/a>\n\t\t\t<\/dt>\n\t\t\t\t<dd class='wp-caption-text gallery-caption' id='gallery-1-24402'>\n\t\t\t\tCr\u00e9dito: Nat\u00e1lia Lavall\n\t\t\t\t<\/dd><\/dl><dl class='gallery-item'>\n\t\t\t<dt class='gallery-icon landscape'>\n\t\t\t\t<a href='https:\/\/www.riogrande.rs.gov.br\/smed\/wp-content\/uploads\/2017\/11\/20171128-pmrg3.jpg' rel=\"lightbox[24400]\"><img loading=\"lazy\" decoding=\"async\" width=\"150\" height=\"150\" src=\"https:\/\/www.riogrande.rs.gov.br\/smed\/wp-content\/uploads\/2017\/11\/20171128-pmrg3-150x150.jpg\" class=\"attachment-thumbnail size-thumbnail\" alt=\"\" aria-describedby=\"gallery-1-24403\" \/><\/a>\n\t\t\t<\/dt>\n\t\t\t\t<dd class='wp-caption-text gallery-caption' id='gallery-1-24403'>\n\t\t\t\tCr\u00e9dito: Nat\u00e1lia Lavall\n\t\t\t\t<\/dd><\/dl><br style=\"clear: both\" \/>\n\t\t<\/div>\n\n<p>Fonte: <a href=\"http:\/\/www.riogrande.rs.gov.br\/pagina\/index.php\/noticias\/detalhes+153c9d7,,secretario-de-educacao-participou-do-seminario-institucional-do-pibid-realizado-na-furg.html#.Wh2ZkfrJ1xB\" target=\"_blank\" rel=\"noopener\"><strong>www.riogrande.rs.gov.br<\/strong><\/a><\/p>\n<p style=\"text-align: justify;\">\u00a0Na \u00faltima quinta-feira, 23, o Programa Institucional de Bolsas de Inicia\u00e7\u00e3o \u00e0 Doc\u00eancia (Pibid) da FURG promoveu o Semin\u00e1rio Institucional, em comemora\u00e7\u00e3o aos 10 anos do programa. Com o tema \u201cPibid FURG: 10 anos de forma\u00e7\u00e3o acad\u00eamico profissional\u201d, o semin\u00e1rio discutiu a forma\u00e7\u00e3o de estudantes dos cursos de licenciatura, professores, supervisores e coordenadores respons\u00e1veis institucionalmente pelo programa. O di\u00e1logo, a forma\u00e7\u00e3o e troca de experi\u00eancias marcam a realiza\u00e7\u00e3o do Semin\u00e1rio.<\/p>\n<p><!--more--><\/p>\n<p>&nbsp;<\/p>\n<p style=\"text-align: justify;\">Na cerim\u00f4nia de abertura, a docente Elaine Pereira, coordenadora institucional do programa, comentou a atua\u00e7\u00e3o do programa durante os 10 anos. \u201cN\u00f3s somos comunidades aprendentes de professores, que aprendemos com o outro porque conversamos, dialogamos, temos uma forma\u00e7\u00e3o horizontal\u201d, comentou. Mesmo com a descontinuidade do programa no pr\u00f3ximo ano, Elaine ressalta a relev\u00e2ncia do legado trazido pelo Pibid: \u201co edital se fecha agora em fevereiro de 2018, mas o que n\u00f3s fizemos ningu\u00e9m apaga. Porque o que se trilha \u00e9 caminho, e este caminho est\u00e1 nas nossas produ\u00e7\u00f5es: nas nossas teses que falam sobre o Pibid, nas nossas disserta\u00e7\u00f5es, nos nossos tccs, nos nossos \u00e1lbuns\u201d.<\/p>\n<p style=\"text-align: justify;\">De acordo com o secret\u00e1rio Municipal de Educa\u00e7\u00e3o, Andr\u00e9 Lemes, 21 escolas da rede municipal de ensino t\u00eam estudantes do Pibid inseridos em suas atividades, fato que qualifica tanto a comunidade escolar como o processo de forma\u00e7\u00e3o de docentes. Ao se dirigir diretamente aos estudantes presentes, o secret\u00e1rio destacou a import\u00e2ncia da qualifica\u00e7\u00e3o da forma\u00e7\u00e3o inicial de professores: \u201cao colaborar com o desenvolvimento de nossas escolas, voc\u00eas aprendem mais. Por isso que esse programa foi criado, para que o estudante aprenda mais da profiss\u00e3o que escolheu\u201d, afirmou.<\/p>\n<p style=\"text-align: justify;\">Participaram tamb\u00e9m da mesa de abertura o pr\u00f3-reitor de Gradua\u00e7\u00e3o, professor Renato Dias, e a coordenadora da 18\u00aa Coordenadoria Regional de Educa\u00e7\u00e3o (CRE), Janete Pinto. Durante o evento, foram realizadas palestras, debates, atividades culturais, mostra de subprojetos e o lan\u00e7amento do livro \u201cNarrativas na Doc\u00eancia: a forma\u00e7\u00e3o acad\u00eamico-profissional em exerc\u00edcio\u201d. O semin\u00e1rio tamb\u00e9m refletiu sobre o desenvolvimento de atividades pedag\u00f3gicas em escolas de ensino b\u00e1sico, investindo na valoriza\u00e7\u00e3o do magist\u00e9rio e contribuindo para a melhoria da qualidade da educa\u00e7\u00e3o b\u00e1sica brasileira, refor\u00e7ando a continuidade e import\u00e2ncia do Pibid FURG.<\/p>\n<p style=\"text-align: justify;\">Campanha Fica Pibid<\/p>\n<p style=\"text-align: justify;\">Para refor\u00e7ar a import\u00e2ncia e lutar pela continuidade do programa nas institui\u00e7\u00f5es federais de ensino, foi criada a campanha \u201cFica Pibid\u201d. A campanha iniciou no dia 19 de outubro com uma caminhada dentro do Campus Carreiros, at\u00e9 a Pr\u00f3-reitoria de Gradua\u00e7\u00e3o (Prograd), com os estudantes participantes do programa. No dia 26 de outubro, em manifesta\u00e7\u00e3o no Largo Dr. Pio, o grupo realizou a\u00e7\u00f5es de panfletagem e deu in\u00edcio ao abaixo-assinado que, posteriormente, foi enviado ao F\u00f3rum de Coordenadores Institucionais Pibid (Forpibid). Durante o processo, foram coletadas 1834 assinaturas contra a descontinuidade do Pibid.<\/p>\n<p style=\"text-align: justify;\">No dia 31 de outubro, coordenadoras de \u00e1rea do Pibid reuniram-se com a reitora Cleuza Dias, a fim de entregar uma carta solicitando o encaminhamento da demanda para o presidente da Coordena\u00e7\u00e3o de Aperfei\u00e7oamento de Pessoal de N\u00edvel Superior (Capes). Ao pr\u00f3-reitor Renato Dias tamb\u00e9m foi entregue carta com encaminhamento ao F\u00f3rum de Pr\u00f3-Reitores de Gradua\u00e7\u00e3o.<\/p>\n<p style=\"text-align: right;\"><em>Assessoria de Comunica\u00e7\u00e3o\/FURG<\/em><\/p>\n","protected":false},"excerpt":{"rendered":"<p>Fonte: www.riogrande.rs.gov.br \u00a0Na \u00faltima quinta-feira, 23, o Programa Institucional de Bolsas de Inicia\u00e7\u00e3o \u00e0 Doc\u00eancia (Pibid) da FURG promoveu o Semin\u00e1rio Institucional, em comemora\u00e7\u00e3o aos 10 anos do programa. Com o tema \u201cPibid FURG: 10 anos de forma\u00e7\u00e3o acad\u00eamico profissional\u201d, o semin\u00e1rio discutiu a forma\u00e7\u00e3o de estudantes dos cursos de licenciatura, professores, supervisores e coordenadores [&hellip;]<\/p>\n","protected":false},"author":7,"featured_media":0,"comment_status":"closed","ping_status":"closed","sticky":false,"template":"","format":"standard","meta":{"footnotes":""},"categories":[1],"tags":[],"class_list":["post-24400","post","type-post","status-publish","format-standard","hentry","category-noticias"],"_links":{"self":[{"href":"https:\/\/www.riogrande.rs.gov.br\/smed\/index.php?rest_route=\/wp\/v2\/posts\/24400"}],"collection":[{"href":"https:\/\/www.riogrande.rs.gov.br\/smed\/index.php?rest_route=\/wp\/v2\/posts"}],"about":[{"href":"https:\/\/www.riogrande.rs.gov.br\/smed\/index.php?rest_route=\/wp\/v2\/types\/post"}],"author":[{"embeddable":true,"href":"https:\/\/www.riogrande.rs.gov.br\/smed\/index.php?rest_route=\/wp\/v2\/users\/7"}],"replies":[{"embeddable":true,"href":"https:\/\/www.riogrande.rs.gov.br\/smed\/index.php?rest_route=%2Fwp%2Fv2%2Fcomments&post=24400"}],"version-history":[{"count":1,"href":"https:\/\/www.riogrande.rs.gov.br\/smed\/index.php?rest_route=\/wp\/v2\/posts\/24400\/revisions"}],"predecessor-version":[{"id":24404,"href":"https:\/\/www.riogrande.rs.gov.br\/smed\/index.php?rest_route=\/wp\/v2\/posts\/24400\/revisions\/24404"}],"wp:attachment":[{"href":"https:\/\/www.riogrande.rs.gov.br\/smed\/index.php?rest_route=%2Fwp%2Fv2%2Fmedia&parent=24400"}],"wp:term":[{"taxonomy":"category","embeddable":true,"href":"https:\/\/www.riogrande.rs.gov.br\/smed\/index.php?rest_route=%2Fwp%2Fv2%2Fcategories&post=24400"},{"taxonomy":"post_tag","embeddable":true,"href":"https:\/\/www.riogrande.rs.gov.br\/smed\/index.php?rest_route=%2Fwp%2Fv2%2Ftags&post=24400"}],"curies":[{"name":"wp","href":"https:\/\/api.w.org\/{rel}","templated":true}]}}