{"id":24397,"date":"2017-11-28T15:17:13","date_gmt":"2017-11-28T17:17:13","guid":{"rendered":"http:\/\/www.riogrande.rs.gov.br\/smed\/?p=24397"},"modified":"2017-11-28T15:17:13","modified_gmt":"2017-11-28T17:17:13","slug":"novembro-negro-emef-wanda-rocha-martins-realiza-ix-wandanca-nesta-terca-feira-28","status":"publish","type":"post","link":"https:\/\/www.riogrande.rs.gov.br\/smed\/?p=24397","title":{"rendered":"Novembro Negro: EMEF Wanda Rocha Martins realiza \u201cIX Wandan\u00e7a\u201d nesta ter\u00e7a-feira, 28"},"content":{"rendered":"<div id=\"attachment_24398\" style=\"width: 495px\" class=\"wp-caption aligncenter\"><a href=\"http:\/\/www.riogrande.rs.gov.br\/smed\/wp-content\/uploads\/2017\/11\/20171128-ped-wandanca-image1.jpg\" rel=\"lightbox[24397]\"><img loading=\"lazy\" decoding=\"async\" aria-describedby=\"caption-attachment-24398\" class=\"size-medium wp-image-24398\" src=\"http:\/\/www.riogrande.rs.gov.br\/smed\/wp-content\/uploads\/2017\/11\/20171128-ped-wandanca-image1-485x364.jpg\" alt=\"\" width=\"485\" height=\"364\" srcset=\"https:\/\/www.riogrande.rs.gov.br\/smed\/wp-content\/uploads\/2017\/11\/20171128-ped-wandanca-image1-485x364.jpg 485w, https:\/\/www.riogrande.rs.gov.br\/smed\/wp-content\/uploads\/2017\/11\/20171128-ped-wandanca-image1-768x576.jpg 768w, https:\/\/www.riogrande.rs.gov.br\/smed\/wp-content\/uploads\/2017\/11\/20171128-ped-wandanca-image1-276x207.jpg 276w, https:\/\/www.riogrande.rs.gov.br\/smed\/wp-content\/uploads\/2017\/11\/20171128-ped-wandanca-image1.jpg 800w\" sizes=\"(max-width: 485px) 100vw, 485px\" \/><\/a><p id=\"caption-attachment-24398\" class=\"wp-caption-text\">Divulga\u00e7\u00e3o<\/p><\/div>\n<p style=\"text-align: justify;\">A Escola Municipal de Ensino Fundamental <b>Wanda Rocha Martins<\/b>, que est\u00e1 localizada no Balne\u00e1rio Cassino, realizar\u00e1 nesta ter\u00e7a-feira, dia <b>28 de novembro<\/b>, a partir das <b>20h30min<\/b>, na Sociedade Amigos do Cassino (SAC), o \u201c<b>IX Wandan\u00e7a<\/b>\u201d, com a tem\u00e1tica \u201c<b>\u00c1frica em N\u00f3s<\/b>\u201d.<\/p>\n<p style=\"text-align: justify;\"><!--more--><\/p>\n<p>&nbsp;<\/p>\n<p style=\"text-align: justify;\">Neste ano, o evento \u00e9 integrado \u00e0 programa\u00e7\u00e3o do \u201c<b>Novembro Negro<\/b>\u201d, uma a\u00e7\u00e3o intersecretarias, envolvendo as Secretarias da Educa\u00e7\u00e3o (SMEd), da Cultura (SeCult), do Turismo (SMTel), da Sa\u00fade (SMS), de Cidadania e Assist\u00eancia Social (SMCAs), de Servi\u00e7os Urbanos (SMCSU) e Desenvolvimento Prim\u00e1rio (SMDP), articulada com diversos segmentos e entidades pela defesa dos direitos da popula\u00e7\u00e3o negra e das comunidades tradicionais.<\/p>\n<p>&nbsp;<\/p>\n<p style=\"text-align: right;\"><em>SMEd<\/em><\/p>\n","protected":false},"excerpt":{"rendered":"<p>A Escola Municipal de Ensino Fundamental Wanda Rocha Martins, que est\u00e1 localizada no Balne\u00e1rio Cassino, realizar\u00e1 nesta ter\u00e7a-feira, dia 28 de novembro, a partir das 20h30min, na Sociedade Amigos do Cassino (SAC), o \u201cIX Wandan\u00e7a\u201d, com a tem\u00e1tica \u201c\u00c1frica em N\u00f3s\u201d.<\/p>\n","protected":false},"author":7,"featured_media":0,"comment_status":"closed","ping_status":"closed","sticky":false,"template":"","format":"standard","meta":{"footnotes":""},"categories":[1,13],"tags":[],"class_list":["post-24397","post","type-post","status-publish","format-standard","hentry","category-noticias","category-pedagogico"],"_links":{"self":[{"href":"https:\/\/www.riogrande.rs.gov.br\/smed\/index.php?rest_route=\/wp\/v2\/posts\/24397"}],"collection":[{"href":"https:\/\/www.riogrande.rs.gov.br\/smed\/index.php?rest_route=\/wp\/v2\/posts"}],"about":[{"href":"https:\/\/www.riogrande.rs.gov.br\/smed\/index.php?rest_route=\/wp\/v2\/types\/post"}],"author":[{"embeddable":true,"href":"https:\/\/www.riogrande.rs.gov.br\/smed\/index.php?rest_route=\/wp\/v2\/users\/7"}],"replies":[{"embeddable":true,"href":"https:\/\/www.riogrande.rs.gov.br\/smed\/index.php?rest_route=%2Fwp%2Fv2%2Fcomments&post=24397"}],"version-history":[{"count":1,"href":"https:\/\/www.riogrande.rs.gov.br\/smed\/index.php?rest_route=\/wp\/v2\/posts\/24397\/revisions"}],"predecessor-version":[{"id":24399,"href":"https:\/\/www.riogrande.rs.gov.br\/smed\/index.php?rest_route=\/wp\/v2\/posts\/24397\/revisions\/24399"}],"wp:attachment":[{"href":"https:\/\/www.riogrande.rs.gov.br\/smed\/index.php?rest_route=%2Fwp%2Fv2%2Fmedia&parent=24397"}],"wp:term":[{"taxonomy":"category","embeddable":true,"href":"https:\/\/www.riogrande.rs.gov.br\/smed\/index.php?rest_route=%2Fwp%2Fv2%2Fcategories&post=24397"},{"taxonomy":"post_tag","embeddable":true,"href":"https:\/\/www.riogrande.rs.gov.br\/smed\/index.php?rest_route=%2Fwp%2Fv2%2Ftags&post=24397"}],"curies":[{"name":"wp","href":"https:\/\/api.w.org\/{rel}","templated":true}]}}