{"id":24389,"date":"2017-11-27T19:43:42","date_gmt":"2017-11-27T21:43:42","guid":{"rendered":"http:\/\/www.riogrande.rs.gov.br\/smed\/?p=24389"},"modified":"2017-11-27T19:43:42","modified_gmt":"2017-11-27T21:43:42","slug":"formadores-locais-do-pnaic-2017-chamamento-de-suplentes-da-lista-de-classificacao","status":"publish","type":"post","link":"https:\/\/www.riogrande.rs.gov.br\/smed\/?p=24389","title":{"rendered":"Formadores Locais do PNAIC\/2017: Chamamento de Suplentes da Lista de Classifica\u00e7\u00e3o"},"content":{"rendered":"<p style=\"text-align: justify;\">A Comiss\u00e3o Interna para An\u00e1lise de Sele\u00e7\u00e3o P\u00fablica para o PNAIC\/2017 realiza o chamamento de suplentes da <a href=\"http:\/\/www.riogrande.rs.gov.br\/smed\/wp-content\/uploads\/2017\/11\/20171127-3\u00ba_chamamento_de_candidatos_do_pnaic.pdf\" target=\"_blank\" rel=\"noopener\"><b>lista de classifica\u00e7\u00e3o<\/b><\/a> para Formadores Locais no segmento da Educa\u00e7\u00e3o Infantil e no Ciclo da Alfabetiza\u00e7\u00e3o.<\/p>\n<p style=\"text-align: right;\"><i>SMEd<\/i><\/p>\n","protected":false},"excerpt":{"rendered":"<p>A Comiss\u00e3o Interna para An\u00e1lise de Sele\u00e7\u00e3o P\u00fablica para o PNAIC\/2017 realiza o chamamento de suplentes da lista de classifica\u00e7\u00e3o para Formadores Locais no segmento da Educa\u00e7\u00e3o Infantil e no Ciclo da Alfabetiza\u00e7\u00e3o. SMEd<\/p>\n","protected":false},"author":7,"featured_media":0,"comment_status":"closed","ping_status":"closed","sticky":false,"template":"","format":"standard","meta":{"footnotes":""},"categories":[1,13],"tags":[],"class_list":["post-24389","post","type-post","status-publish","format-standard","hentry","category-noticias","category-pedagogico"],"_links":{"self":[{"href":"https:\/\/www.riogrande.rs.gov.br\/smed\/index.php?rest_route=\/wp\/v2\/posts\/24389"}],"collection":[{"href":"https:\/\/www.riogrande.rs.gov.br\/smed\/index.php?rest_route=\/wp\/v2\/posts"}],"about":[{"href":"https:\/\/www.riogrande.rs.gov.br\/smed\/index.php?rest_route=\/wp\/v2\/types\/post"}],"author":[{"embeddable":true,"href":"https:\/\/www.riogrande.rs.gov.br\/smed\/index.php?rest_route=\/wp\/v2\/users\/7"}],"replies":[{"embeddable":true,"href":"https:\/\/www.riogrande.rs.gov.br\/smed\/index.php?rest_route=%2Fwp%2Fv2%2Fcomments&post=24389"}],"version-history":[{"count":1,"href":"https:\/\/www.riogrande.rs.gov.br\/smed\/index.php?rest_route=\/wp\/v2\/posts\/24389\/revisions"}],"predecessor-version":[{"id":24391,"href":"https:\/\/www.riogrande.rs.gov.br\/smed\/index.php?rest_route=\/wp\/v2\/posts\/24389\/revisions\/24391"}],"wp:attachment":[{"href":"https:\/\/www.riogrande.rs.gov.br\/smed\/index.php?rest_route=%2Fwp%2Fv2%2Fmedia&parent=24389"}],"wp:term":[{"taxonomy":"category","embeddable":true,"href":"https:\/\/www.riogrande.rs.gov.br\/smed\/index.php?rest_route=%2Fwp%2Fv2%2Fcategories&post=24389"},{"taxonomy":"post_tag","embeddable":true,"href":"https:\/\/www.riogrande.rs.gov.br\/smed\/index.php?rest_route=%2Fwp%2Fv2%2Ftags&post=24389"}],"curies":[{"name":"wp","href":"https:\/\/api.w.org\/{rel}","templated":true}]}}