{"id":24372,"date":"2017-11-27T14:09:00","date_gmt":"2017-11-27T16:09:00","guid":{"rendered":"http:\/\/www.riogrande.rs.gov.br\/smed\/?p=24372"},"modified":"2017-11-27T14:14:24","modified_gmt":"2017-11-27T16:14:24","slug":"24372","status":"publish","type":"post","link":"https:\/\/www.riogrande.rs.gov.br\/smed\/?p=24372","title":{"rendered":"PREFEITURA FAZ HOMENAGEM ESPECIAL A ALUNOS DESTAQUES DAS PARALIMP\u00cdADAS ESCOLARES 2017"},"content":{"rendered":"\n\t\t<style type=\"text\/css\">\n\t\t\t#gallery-1 {\n\t\t\t\tmargin: auto;\n\t\t\t}\n\t\t\t#gallery-1 .gallery-item {\n\t\t\t\tfloat: left;\n\t\t\t\tmargin-top: 10px;\n\t\t\t\ttext-align: center;\n\t\t\t\twidth: 33%;\n\t\t\t}\n\t\t\t#gallery-1 img {\n\t\t\t\tborder: 2px solid #cfcfcf;\n\t\t\t}\n\t\t\t#gallery-1 .gallery-caption {\n\t\t\t\tmargin-left: 0;\n\t\t\t}\n\t\t\t\/* see gallery_shortcode() in wp-includes\/media.php *\/\n\t\t<\/style>\n\t\t<div id='gallery-1' class='gallery galleryid-24372 gallery-columns-3 gallery-size-thumbnail'><dl class='gallery-item'>\n\t\t\t<dt class='gallery-icon landscape'>\n\t\t\t\t<a href='https:\/\/www.riogrande.rs.gov.br\/smed\/wp-content\/uploads\/2017\/11\/20171127-pmrg1.jpg' rel=\"lightbox[24372]\"><img loading=\"lazy\" decoding=\"async\" width=\"150\" height=\"150\" src=\"https:\/\/www.riogrande.rs.gov.br\/smed\/wp-content\/uploads\/2017\/11\/20171127-pmrg1-150x150.jpg\" class=\"attachment-thumbnail size-thumbnail\" alt=\"\" aria-describedby=\"gallery-1-24374\" \/><\/a>\n\t\t\t<\/dt>\n\t\t\t\t<dd class='wp-caption-text gallery-caption' id='gallery-1-24374'>\n\t\t\t\tCr\u00e9dito: Marcos Jatahy\n\t\t\t\t<\/dd><\/dl><dl class='gallery-item'>\n\t\t\t<dt class='gallery-icon landscape'>\n\t\t\t\t<a href='https:\/\/www.riogrande.rs.gov.br\/smed\/wp-content\/uploads\/2017\/11\/20171127-pmrg2.jpg' rel=\"lightbox[24372]\"><img loading=\"lazy\" decoding=\"async\" width=\"150\" height=\"150\" src=\"https:\/\/www.riogrande.rs.gov.br\/smed\/wp-content\/uploads\/2017\/11\/20171127-pmrg2-150x150.jpg\" class=\"attachment-thumbnail size-thumbnail\" alt=\"\" aria-describedby=\"gallery-1-24375\" \/><\/a>\n\t\t\t<\/dt>\n\t\t\t\t<dd class='wp-caption-text gallery-caption' id='gallery-1-24375'>\n\t\t\t\tCr\u00e9dito: Marcos Jatahy\n\t\t\t\t<\/dd><\/dl><dl class='gallery-item'>\n\t\t\t<dt class='gallery-icon landscape'>\n\t\t\t\t<a href='https:\/\/www.riogrande.rs.gov.br\/smed\/wp-content\/uploads\/2017\/11\/20171127-pmrg3.jpg' rel=\"lightbox[24372]\"><img loading=\"lazy\" decoding=\"async\" width=\"150\" height=\"150\" src=\"https:\/\/www.riogrande.rs.gov.br\/smed\/wp-content\/uploads\/2017\/11\/20171127-pmrg3-150x150.jpg\" class=\"attachment-thumbnail size-thumbnail\" alt=\"\" aria-describedby=\"gallery-1-24376\" \/><\/a>\n\t\t\t<\/dt>\n\t\t\t\t<dd class='wp-caption-text gallery-caption' id='gallery-1-24376'>\n\t\t\t\tCr\u00e9dito: Marcos Jatahy\n\t\t\t\t<\/dd><\/dl><br style=\"clear: both\" \/><dl class='gallery-item'>\n\t\t\t<dt class='gallery-icon landscape'>\n\t\t\t\t<a href='https:\/\/www.riogrande.rs.gov.br\/smed\/wp-content\/uploads\/2017\/11\/20171127-pmrg4.jpg' rel=\"lightbox[24372]\"><img loading=\"lazy\" decoding=\"async\" width=\"150\" height=\"150\" src=\"https:\/\/www.riogrande.rs.gov.br\/smed\/wp-content\/uploads\/2017\/11\/20171127-pmrg4-150x150.jpg\" class=\"attachment-thumbnail size-thumbnail\" alt=\"\" aria-describedby=\"gallery-1-24377\" \/><\/a>\n\t\t\t<\/dt>\n\t\t\t\t<dd class='wp-caption-text gallery-caption' id='gallery-1-24377'>\n\t\t\t\tCr\u00e9dito: Marcos Jatahy\n\t\t\t\t<\/dd><\/dl><dl class='gallery-item'>\n\t\t\t<dt class='gallery-icon landscape'>\n\t\t\t\t<a href='https:\/\/www.riogrande.rs.gov.br\/smed\/wp-content\/uploads\/2017\/11\/20171127-pmrg5.jpg' rel=\"lightbox[24372]\"><img loading=\"lazy\" decoding=\"async\" width=\"150\" height=\"150\" src=\"https:\/\/www.riogrande.rs.gov.br\/smed\/wp-content\/uploads\/2017\/11\/20171127-pmrg5-150x150.jpg\" class=\"attachment-thumbnail size-thumbnail\" alt=\"\" aria-describedby=\"gallery-1-24379\" \/><\/a>\n\t\t\t<\/dt>\n\t\t\t\t<dd class='wp-caption-text gallery-caption' id='gallery-1-24379'>\n\t\t\t\tCr\u00e9dito: Marcos Jatahy\n\t\t\t\t<\/dd><\/dl><dl class='gallery-item'>\n\t\t\t<dt class='gallery-icon landscape'>\n\t\t\t\t<a href='https:\/\/www.riogrande.rs.gov.br\/smed\/wp-content\/uploads\/2017\/11\/20171127-pmrg6.jpg' rel=\"lightbox[24372]\"><img loading=\"lazy\" decoding=\"async\" width=\"150\" height=\"150\" src=\"https:\/\/www.riogrande.rs.gov.br\/smed\/wp-content\/uploads\/2017\/11\/20171127-pmrg6-150x150.jpg\" class=\"attachment-thumbnail size-thumbnail\" alt=\"\" aria-describedby=\"gallery-1-24380\" \/><\/a>\n\t\t\t<\/dt>\n\t\t\t\t<dd class='wp-caption-text gallery-caption' id='gallery-1-24380'>\n\t\t\t\tCr\u00e9dito: Marcos Jatahy\n\t\t\t\t<\/dd><\/dl><br style=\"clear: both\" \/>\n\t\t<\/div>\n\n<p>Fonte: <a href=\"http:\/\/www.riogrande.rs.gov.br\/pagina\/index.php\/noticias\/detalhes+1539b0e,,prefeitura-faz-homenagem-especial-a-alunos-destaques-das-paralimpiadas-escolares-2017.html#.Whw31K0lHGJ\" target=\"_blank\" rel=\"noopener\"><strong>www.riogrande.rs.gov.br<\/strong><\/a><\/p>\n<p class=\"sizeable\" style=\"text-align: justify;\">A cidade de Rio Grande fez hist\u00f3ria na edi\u00e7\u00e3o deste ano das Paralimp\u00edadas Escolares, encerradas na \u00faltima sexta-feira (24), em S\u00e3o Paulo. Tudo isso gra\u00e7as \u00e0 delega\u00e7\u00e3o rio-grandina que fez bonito na competi\u00e7\u00e3o e trouxe para casa n\u00e3o s\u00f3 medalhas de ouro, bronze e prata, mas tamb\u00e9m a certeza de que \u00e9 poss\u00edvel superar as adversidades com muita for\u00e7a, determina\u00e7\u00e3o e amor. Os alunos e alunas das escolas Carmen Teixeira Baldino (Bil\u00edngue), Jos\u00e9 Alvares de Azev\u00eado e Clemente Pinto, e equipe de professores \u00a0e diretores foram recebidos na manh\u00e3 desta segunda-feira (27) para uma justa homenagem da Prefeitura do Rio Grande.<\/p>\n<p><!--more--><\/p>\n<p>&nbsp;<\/p>\n<p class=\"sizeable\" style=\"text-align: justify;\">Entre os alunos que competiram por Rio Grande a Gabrielli Amaral Fonseca, aluna da escola Alvares de Azevedo foi medalha de bronze na prova de \u201cArremesso para cegos\u201d, disputada na quarta-feira (22), primeiro dia de disputas. No mesmo dia o Matheus Vasconcelos da Gama, da Escola Bil\u00edngue, foi medalha de prata na prova de \u201c100 metros rasos\u201d. J\u00e1 na disputa de \u201cLan\u00e7amento de pelota\u201d, realizada na quinta-feira de competi\u00e7\u00f5es, o Matheus consagrou-se campe\u00e3o e levou a medalha de ouro. No \u00faltimo dia de competi\u00e7\u00f5es, mais uma vit\u00f3ria do pequeno-grande atleta, que conquistou tamb\u00e9m o bronze na disputa dos &#8220;200 metros rasos&#8221;.<\/p>\n<p class=\"sizeable\" style=\"text-align: justify;\">Al\u00e9m dos atletas, participaram tamb\u00e9m da competi\u00e7\u00e3o dois alunos do time de goalball da Escola Alvares de Azevedo, Ayslan Fernandes e Rhuan Duarte, que junto a alunos de outros munic\u00edpios compuseram o time de goalball do RS, conquistando o 6\u00ba lugar geral na Competi\u00e7\u00e3o. J\u00e1 o Guilherme Lemos Brum, da escola Clemente Pinto, foi convocado para compor a equipe ga\u00facha de \u201cFutebol de 7\u201d para paralisados cerebrais. Em Rio Grande os alunos participam de projetos esportivos da Escola Alvares de Azevedo e do Projeto Paradesporto, da Secretaria de Munic\u00edpio da Educa\u00e7\u00e3o (SMEd).<\/p>\n<p class=\"sizeable\" style=\"text-align: justify;\">Respons\u00e1vel pelo Projeto Paradesporto da SMEd e pela prepara\u00e7\u00e3o e acompanhamento dos alunos at\u00e9 as Paralimp\u00edadas, o professor da escola especial Jos\u00e9 \u00c1lvares de Azevedo, Felipe Motta, disse que a sensa\u00e7\u00e3o \u00e9 de dever cumprido. \u201cMesmo entre tantas dificuldades, j\u00e1 s\u00e3o um ano e meio do projeto Paradesporto. Nesse tempo j\u00e1 conseguimos atender mais de 60 alunos. Meu profundo agradecimento a todos que nos ajudaram, e ajudaram nossas crian\u00e7as, a estar aqui hoje. Quando encontramos pessoas com algum tipo de defici\u00eancia costumamos olhar o lado ruim. Eu penso diferente, penso que precisamos ampliar nossos olhares, e enxergar as potencialidades dessas pessoas. Os alunos homenageados aqui hoje, refletem isso\u201d, disse emocionado o professor. Atuam com o professor Felipe no projeto a professora Carine Fernandes e o estagi\u00e1rio de Educa\u00e7\u00e3o F\u00edsica da SMEd, Frederico Neves, que tamb\u00e9m acompanharam os atletas nos Jogos.<\/p>\n<p class=\"sizeable\" style=\"text-align: justify;\"><strong>Medalhistas e Desfile em Carro Aberto<\/strong><\/p>\n<p class=\"sizeable\" style=\"text-align: justify;\">\u201cJ\u00e1 estou ansiosa pela pr\u00f3xima competi\u00e7\u00e3o\u201d, declarou a Gabrielli, medalhista de bronze nas Paralimp\u00edadas. \u201cEu quero ser paratleta\u201d, disse o pequeno Matheus, segurando orgulhoso o ouro, a prata e o bronze no pesco\u00e7o. Ap\u00f3s a condecora\u00e7\u00e3o no Sal\u00e3o Nobre os pequenos campe\u00f5es desfilaram no carro de bombeiros pelas principais ruas da cidade.<\/p>\n<p class=\"sizeable\" style=\"text-align: justify;\">Toda a delega\u00e7\u00e3o recebeu medalhas de \u201cHomenagem Especial\u201d pela atua\u00e7\u00e3o nas Paralimp\u00edadas. As homenagens foram entregues pela primeira-dama Eunice Lindenmeyer, pelo prefeito Alexandre Lindenmeyer, pelo vice-prefeito Paulo Renato Gomes e pelo secret\u00e1rio de Educa\u00e7\u00e3o, Andr\u00e9 Lemes.<\/p>\n<p class=\"sizeable\" style=\"text-align: justify;\">\u201cN\u00e3o tem maneira melhor de come\u00e7ar uma segunda-feira do que assim, com a presen\u00e7a de voc\u00eas aqui nesta manh\u00e3. \u00c9 um presente e \u00e9 o que me motiva. Se tem uma coisa que me motiva \u00e9 a mudan\u00e7a atrav\u00e9s da Educa\u00e7\u00e3o, da qualifica\u00e7\u00e3o e da oportunidade de acesso ao ensino a todos. \u00c9 o que estamos vendo aqui hoje, o resultado desse empenho e dessa dedica\u00e7\u00e3o. Ainda temos muitos desafios pela frente, mas vamos super\u00e1-los, juntos, sei que vamos\u201d, completou o prefeito de Rio Grande.<\/p>\n<p class=\"sizeable\" style=\"text-align: justify;\"><strong>Projeto Paradesporto e Alunos PNE matriculados da Rede Municipal de Ensino<\/strong><\/p>\n<p class=\"sizeable\" style=\"text-align: justify;\">De 300 em 2013, para mais de 1800 em 2017. Este \u00e9 o n\u00famero de alunos e alunas, portadores de necessidades especiais, matriculados hoje na Rede Municipal de Ensino de Rio Grande. O secret\u00e1rio Andr\u00e9 Lemes comemorou a inclus\u00e3o. \u201c\u00c9 um dado significativo, que representa o nosso compromisso pro uma educa\u00e7\u00e3o inclusiva, oportunizando o acesso a todos. Este ano os alunos PNE foram grupo preferencial no nosso Calend\u00e1rio de Matr\u00edculas\u201d, lembrou Lemes.<\/p>\n<p class=\"sizeable\" style=\"text-align: justify;\">O Paradesporto, da Secretaria de Educa\u00e7\u00e3o, objetiva oportunizar o acesso \u00e0 pr\u00e1tica regular de esporte educacional, na modalidade atletismo, como forma de inclus\u00e3o social e constru\u00e7\u00e3o da cidadania das crian\u00e7as, jovens e adultos com defici\u00eancia, na cidade do Rio Grande. A a\u00e7\u00e3o come\u00e7ou atrav\u00e9s da Coordenadoria da Pessoa com Defici\u00eancia, sendo pensada e planejada pela Assessoria de Educa\u00e7\u00e3o F\u00edsica da Secretaria de Munic\u00edpio da Educa\u00e7\u00e3o (SMEd), sob a coordena\u00e7\u00e3o do professor Felipe Motta e da Assessora Pedag\u00f3gica de Educa\u00e7\u00e3o F\u00edsica, professora Leontine Lima dos Santos.<\/p>\n<p class=\"sizeable\" style=\"text-align: justify;\">As atividades esportivas desenvolvidas nos encontros ocorrem sempre \u00e0s segundas e ter\u00e7as-feiras, \u00e0s 14h e \u00e0s 15h30min, na \u00e1rea da Pra\u00e7a Saraiva, e t\u00eam por base a Metodologia do Esporte Educacional, conforme as regras do Atletismo Paral\u00edmpico. O projeto j\u00e1 conseguiu atender mais de 60 alunos da \u201cEduca\u00e7\u00e3o Especial\u201d.<\/p>\n<p class=\"sizeable\" style=\"text-align: right;\"><em>Assessoria de Comunica\u00e7\u00e3o\/PMRG<\/em><\/p>\n<p>&nbsp;<\/p>\n","protected":false},"excerpt":{"rendered":"<p>Fonte: www.riogrande.rs.gov.br A cidade de Rio Grande fez hist\u00f3ria na edi\u00e7\u00e3o deste ano das Paralimp\u00edadas Escolares, encerradas na \u00faltima sexta-feira (24), em S\u00e3o Paulo. Tudo isso gra\u00e7as \u00e0 delega\u00e7\u00e3o rio-grandina que fez bonito na competi\u00e7\u00e3o e trouxe para casa n\u00e3o s\u00f3 medalhas de ouro, bronze e prata, mas tamb\u00e9m a certeza de que \u00e9 poss\u00edvel [&hellip;]<\/p>\n","protected":false},"author":7,"featured_media":0,"comment_status":"closed","ping_status":"closed","sticky":false,"template":"","format":"standard","meta":{"footnotes":""},"categories":[1,13],"tags":[],"class_list":["post-24372","post","type-post","status-publish","format-standard","hentry","category-noticias","category-pedagogico"],"_links":{"self":[{"href":"https:\/\/www.riogrande.rs.gov.br\/smed\/index.php?rest_route=\/wp\/v2\/posts\/24372"}],"collection":[{"href":"https:\/\/www.riogrande.rs.gov.br\/smed\/index.php?rest_route=\/wp\/v2\/posts"}],"about":[{"href":"https:\/\/www.riogrande.rs.gov.br\/smed\/index.php?rest_route=\/wp\/v2\/types\/post"}],"author":[{"embeddable":true,"href":"https:\/\/www.riogrande.rs.gov.br\/smed\/index.php?rest_route=\/wp\/v2\/users\/7"}],"replies":[{"embeddable":true,"href":"https:\/\/www.riogrande.rs.gov.br\/smed\/index.php?rest_route=%2Fwp%2Fv2%2Fcomments&post=24372"}],"version-history":[{"count":4,"href":"https:\/\/www.riogrande.rs.gov.br\/smed\/index.php?rest_route=\/wp\/v2\/posts\/24372\/revisions"}],"predecessor-version":[{"id":24382,"href":"https:\/\/www.riogrande.rs.gov.br\/smed\/index.php?rest_route=\/wp\/v2\/posts\/24372\/revisions\/24382"}],"wp:attachment":[{"href":"https:\/\/www.riogrande.rs.gov.br\/smed\/index.php?rest_route=%2Fwp%2Fv2%2Fmedia&parent=24372"}],"wp:term":[{"taxonomy":"category","embeddable":true,"href":"https:\/\/www.riogrande.rs.gov.br\/smed\/index.php?rest_route=%2Fwp%2Fv2%2Fcategories&post=24372"},{"taxonomy":"post_tag","embeddable":true,"href":"https:\/\/www.riogrande.rs.gov.br\/smed\/index.php?rest_route=%2Fwp%2Fv2%2Ftags&post=24372"}],"curies":[{"name":"wp","href":"https:\/\/api.w.org\/{rel}","templated":true}]}}