{"id":24353,"date":"2017-11-27T13:56:27","date_gmt":"2017-11-27T15:56:27","guid":{"rendered":"http:\/\/www.riogrande.rs.gov.br\/smed\/?p=24353"},"modified":"2017-11-27T13:56:27","modified_gmt":"2017-11-27T15:56:27","slug":"espetaculo-de-danca-de-final-de-ano-da-ebahl-sera-o-ballet-esmeralda","status":"publish","type":"post","link":"https:\/\/www.riogrande.rs.gov.br\/smed\/?p=24353","title":{"rendered":"\u201cEspet\u00e1culo de Dan\u00e7a de Final de Ano\u201d da EBAHL ser\u00e1 o Ballet \u201cEsmeralda\u201d"},"content":{"rendered":"<p style=\"text-align: justify;\">Nos pr\u00f3ximos dias <b>1\u00ba e 2 de dezembro<\/b>, a Escola de Belas Artes Heitor de Lemos apresentar\u00e1 o seu tradicional \u201cEspet\u00e1culo de Dan\u00e7a\u201d de final de ano. Neste ano, 145 bailarinos estar\u00e3o no palco do <b>Teatro Municipal<\/b>, levando ao p\u00fablico rio-grandino a sua montagem para o<i> ballet<\/i> de repert\u00f3rio \u201cEsmeralda\u201d.<\/p>\n<p style=\"text-align: justify;\"><!--more--><\/p>\n<p style=\"text-align: justify;\">\n<p style=\"text-align: justify;\">\u201cEsmeralda\u201d \u00e9 um <i>ballet<\/i> inspirado no romance \u201cNotre Dame de Paris\u201d<i>,<\/i> de Victor Hugo, e a a\u00e7\u00e3o transcorre em Paris no s\u00e9culo XV. O <i>ballet<\/i> original possui tr\u00eas atos e cinco cenas, com hist\u00f3ria e coreografia de Julies Perrot e m\u00fasica de Cesare Pugni. A estreia do <i>ballet<\/i> original aconteceu em 1844 no Teatro de Sua Majestade, em Londres, com a bailarina Carlotta Grisi como Esmeralda.<\/p>\n<p style=\"text-align: justify;\">A vers\u00e3o que ser\u00e1 apresentada pela Escola de Belas Artes \u00e9 baseada no musical <i>Notre Dame de Paris<\/i>, de Luc Plamondon, com m\u00fasica de Richard Cocciante e tamb\u00e9m baseada na hist\u00f3ria original do <i>Ballet<\/i> e conta com coreografias adicionais, reposi\u00e7\u00f5es e adapta\u00e7\u00f5es coreogr\u00e1ficas necess\u00e1rias para as turmas infantis e juvenis. O espet\u00e1culo da EBAHL conta ainda com a participa\u00e7\u00e3o da \u00e1rea de m\u00fasica da Escola.<\/p>\n<p style=\"text-align: justify;\">Os ingressos para as apresenta\u00e7\u00f5es do espet\u00e1culo \u201cEsmeralda\u201d estar\u00e3o \u00e0 venda a partir desta segunda-feira, 27 de novembro, no hor\u00e1rio de funcionamento da secretaria na Escola de Belas Artes, na rua Jockey Club, 194, ao lado do Pra\u00e7a Rio Grande Shopping.<\/p>\n<p>&nbsp;<\/p>\n<p style=\"text-align: right;\"><em>SMEd<\/em><br \/>\n<em> Roberton Reis<\/em><br \/>\n<em> Com informa\u00e7\u00f5es da EBAHL<\/em><\/p>\n","protected":false},"excerpt":{"rendered":"<p>Nos pr\u00f3ximos dias 1\u00ba e 2 de dezembro, a Escola de Belas Artes Heitor de Lemos apresentar\u00e1 o seu tradicional \u201cEspet\u00e1culo de Dan\u00e7a\u201d de final de ano. Neste ano, 145 bailarinos estar\u00e3o no palco do Teatro Municipal, levando ao p\u00fablico rio-grandino a sua montagem para o ballet de repert\u00f3rio \u201cEsmeralda\u201d.<\/p>\n","protected":false},"author":7,"featured_media":0,"comment_status":"closed","ping_status":"closed","sticky":false,"template":"","format":"standard","meta":{"footnotes":""},"categories":[1,13],"tags":[],"class_list":["post-24353","post","type-post","status-publish","format-standard","hentry","category-noticias","category-pedagogico"],"_links":{"self":[{"href":"https:\/\/www.riogrande.rs.gov.br\/smed\/index.php?rest_route=\/wp\/v2\/posts\/24353"}],"collection":[{"href":"https:\/\/www.riogrande.rs.gov.br\/smed\/index.php?rest_route=\/wp\/v2\/posts"}],"about":[{"href":"https:\/\/www.riogrande.rs.gov.br\/smed\/index.php?rest_route=\/wp\/v2\/types\/post"}],"author":[{"embeddable":true,"href":"https:\/\/www.riogrande.rs.gov.br\/smed\/index.php?rest_route=\/wp\/v2\/users\/7"}],"replies":[{"embeddable":true,"href":"https:\/\/www.riogrande.rs.gov.br\/smed\/index.php?rest_route=%2Fwp%2Fv2%2Fcomments&post=24353"}],"version-history":[{"count":1,"href":"https:\/\/www.riogrande.rs.gov.br\/smed\/index.php?rest_route=\/wp\/v2\/posts\/24353\/revisions"}],"predecessor-version":[{"id":24354,"href":"https:\/\/www.riogrande.rs.gov.br\/smed\/index.php?rest_route=\/wp\/v2\/posts\/24353\/revisions\/24354"}],"wp:attachment":[{"href":"https:\/\/www.riogrande.rs.gov.br\/smed\/index.php?rest_route=%2Fwp%2Fv2%2Fmedia&parent=24353"}],"wp:term":[{"taxonomy":"category","embeddable":true,"href":"https:\/\/www.riogrande.rs.gov.br\/smed\/index.php?rest_route=%2Fwp%2Fv2%2Fcategories&post=24353"},{"taxonomy":"post_tag","embeddable":true,"href":"https:\/\/www.riogrande.rs.gov.br\/smed\/index.php?rest_route=%2Fwp%2Fv2%2Ftags&post=24353"}],"curies":[{"name":"wp","href":"https:\/\/api.w.org\/{rel}","templated":true}]}}