{"id":24252,"date":"2017-11-23T16:56:24","date_gmt":"2017-11-23T18:56:24","guid":{"rendered":"http:\/\/www.riogrande.rs.gov.br\/smed\/?p=24252"},"modified":"2017-11-23T16:57:02","modified_gmt":"2017-11-23T18:57:02","slug":"ebahl-promove-exposicao-de-artes-visuais-ate-dia-08-de-dezembro","status":"publish","type":"post","link":"https:\/\/www.riogrande.rs.gov.br\/smed\/?p=24252","title":{"rendered":"EBAHL promove \u201cExposi\u00e7\u00e3o de Artes Visuais\u201d at\u00e9 dia 08 de dezembro"},"content":{"rendered":"<p style=\"text-align: justify;\">Desde a \u00faltima quarta-feira, dia 22 de novembro, a Galeria Breche, da Escola de Belas Artes Heitor de Lemos, est\u00e1 realizando <em>vernissage<\/em> dos alunos dos cursos de Desenho, Pintura e Gravura.<\/p>\n<p><!--more--><\/p>\n<p>&nbsp;<\/p>\n<p style=\"text-align: justify;\">A Mostra est\u00e1 apresentando os trabalhos desenvolvidos pelos alunos dos referidos cursos durante o ano de 2017. O p\u00fablico visitante ao prestigiar a exposi\u00e7\u00e3o dos trabalhos, poder\u00e1 ter uma boa ideia das diversas t\u00e9cnicas trabalhadas em sala de aula com os alunos.<\/p>\n<p style=\"text-align: justify;\">A exposi\u00e7\u00e3o est\u00e1 aberta \u00e0 visita\u00e7\u00e3o de segunda a sexta-feira, das 8h \u00e0s 20h, na Galeria da EBAHL, na rua Jockey Club, 194, at\u00e9 o dia 08 de dezembro, quando a Galeria encerra suas atividades deste ano.<\/p>\n<p style=\"text-align: right;\"><em>SMEd<\/em><br \/>\n<em> Roberton Reis<\/em><\/p>\n","protected":false},"excerpt":{"rendered":"<p>Desde a \u00faltima quarta-feira, dia 22 de novembro, a Galeria Breche, da Escola de Belas Artes Heitor de Lemos, est\u00e1 realizando vernissage dos alunos dos cursos de Desenho, Pintura e Gravura.<\/p>\n","protected":false},"author":7,"featured_media":0,"comment_status":"closed","ping_status":"closed","sticky":false,"template":"","format":"standard","meta":{"footnotes":""},"categories":[1,13],"tags":[],"class_list":["post-24252","post","type-post","status-publish","format-standard","hentry","category-noticias","category-pedagogico"],"_links":{"self":[{"href":"https:\/\/www.riogrande.rs.gov.br\/smed\/index.php?rest_route=\/wp\/v2\/posts\/24252"}],"collection":[{"href":"https:\/\/www.riogrande.rs.gov.br\/smed\/index.php?rest_route=\/wp\/v2\/posts"}],"about":[{"href":"https:\/\/www.riogrande.rs.gov.br\/smed\/index.php?rest_route=\/wp\/v2\/types\/post"}],"author":[{"embeddable":true,"href":"https:\/\/www.riogrande.rs.gov.br\/smed\/index.php?rest_route=\/wp\/v2\/users\/7"}],"replies":[{"embeddable":true,"href":"https:\/\/www.riogrande.rs.gov.br\/smed\/index.php?rest_route=%2Fwp%2Fv2%2Fcomments&post=24252"}],"version-history":[{"count":2,"href":"https:\/\/www.riogrande.rs.gov.br\/smed\/index.php?rest_route=\/wp\/v2\/posts\/24252\/revisions"}],"predecessor-version":[{"id":24254,"href":"https:\/\/www.riogrande.rs.gov.br\/smed\/index.php?rest_route=\/wp\/v2\/posts\/24252\/revisions\/24254"}],"wp:attachment":[{"href":"https:\/\/www.riogrande.rs.gov.br\/smed\/index.php?rest_route=%2Fwp%2Fv2%2Fmedia&parent=24252"}],"wp:term":[{"taxonomy":"category","embeddable":true,"href":"https:\/\/www.riogrande.rs.gov.br\/smed\/index.php?rest_route=%2Fwp%2Fv2%2Fcategories&post=24252"},{"taxonomy":"post_tag","embeddable":true,"href":"https:\/\/www.riogrande.rs.gov.br\/smed\/index.php?rest_route=%2Fwp%2Fv2%2Ftags&post=24252"}],"curies":[{"name":"wp","href":"https:\/\/api.w.org\/{rel}","templated":true}]}}