{"id":24249,"date":"2017-11-22T22:00:05","date_gmt":"2017-11-23T00:00:05","guid":{"rendered":"http:\/\/www.riogrande.rs.gov.br\/smed\/?p=24249"},"modified":"2017-11-22T22:00:05","modified_gmt":"2017-11-23T00:00:05","slug":"escola-de-belas-artes-heitor-de-lemos-apresenta-recital-de-ex-alunos-nesta-quinta-feira-23","status":"publish","type":"post","link":"https:\/\/www.riogrande.rs.gov.br\/smed\/?p=24249","title":{"rendered":"Escola de Belas Artes Heitor de Lemos apresenta \u201cRecital de ex-alunos\u201d nesta quinta-feira, 23"},"content":{"rendered":"<p style=\"text-align: justify;\">A Escola de Belas Artes Heitor de Lemos, nesta quinta-feira, <b>23 de novembro<\/b>, estar\u00e1 abrindo suas portas para que o p\u00fablico rio-grandino possa desfrutar de bons momentos na arte da m\u00fasica, ao promover o \u201c<b>Recital de ex-alunos<\/b>\u201d. Esta \u00e9 mais uma atividade cultural que faz parte da programa\u00e7\u00e3o dos \u201c<b>95 anos da EBAHL<\/b>\u201d.<\/p>\n<p><!--more--><\/p>\n<p>&nbsp;<\/p>\n<p style=\"text-align: justify;\">O Recital que ser\u00e1 apresentado exclusivamente por ex-alunos da EBAHL, contar\u00e1 com um repert\u00f3rio que perpassa desde cl\u00e1ssicos da M\u00fasica Popular Brasileira at\u00e9 obras eruditas que fizeram parte da forma\u00e7\u00e3o dos instrumentistas no tempo em que eram alunos da Escola.<\/p>\n<p style=\"text-align: justify;\">O \u201cRecital de ex-alunos\u201d, com entrada franca para toda a comunidade rio-grandina, acontecer\u00e1 \u00e0s 20h, no Audit\u00f3rio da Escola de Belas Artes Heitor de Lemos, localizado \u00e0 Rua Jockey Club,194., ao lado do Pra\u00e7a Rio Grande Shopping.<\/p>\n<p style=\"text-align: right;\"><em>SMEd<\/em><br \/>\n<em> Roberton Reis<\/em><br \/>\n<em> Com informa\u00e7\u00f5es da EBAHL<\/em><\/p>\n","protected":false},"excerpt":{"rendered":"<p>A Escola de Belas Artes Heitor de Lemos, nesta quinta-feira, 23 de novembro, estar\u00e1 abrindo suas portas para que o p\u00fablico rio-grandino possa desfrutar de bons momentos na arte da m\u00fasica, ao promover o \u201cRecital de ex-alunos\u201d. Esta \u00e9 mais uma atividade cultural que faz parte da programa\u00e7\u00e3o dos \u201c95 anos da EBAHL\u201d.<\/p>\n","protected":false},"author":7,"featured_media":0,"comment_status":"closed","ping_status":"closed","sticky":false,"template":"","format":"standard","meta":{"footnotes":""},"categories":[1,13],"tags":[],"class_list":["post-24249","post","type-post","status-publish","format-standard","hentry","category-noticias","category-pedagogico"],"_links":{"self":[{"href":"https:\/\/www.riogrande.rs.gov.br\/smed\/index.php?rest_route=\/wp\/v2\/posts\/24249"}],"collection":[{"href":"https:\/\/www.riogrande.rs.gov.br\/smed\/index.php?rest_route=\/wp\/v2\/posts"}],"about":[{"href":"https:\/\/www.riogrande.rs.gov.br\/smed\/index.php?rest_route=\/wp\/v2\/types\/post"}],"author":[{"embeddable":true,"href":"https:\/\/www.riogrande.rs.gov.br\/smed\/index.php?rest_route=\/wp\/v2\/users\/7"}],"replies":[{"embeddable":true,"href":"https:\/\/www.riogrande.rs.gov.br\/smed\/index.php?rest_route=%2Fwp%2Fv2%2Fcomments&post=24249"}],"version-history":[{"count":1,"href":"https:\/\/www.riogrande.rs.gov.br\/smed\/index.php?rest_route=\/wp\/v2\/posts\/24249\/revisions"}],"predecessor-version":[{"id":24250,"href":"https:\/\/www.riogrande.rs.gov.br\/smed\/index.php?rest_route=\/wp\/v2\/posts\/24249\/revisions\/24250"}],"wp:attachment":[{"href":"https:\/\/www.riogrande.rs.gov.br\/smed\/index.php?rest_route=%2Fwp%2Fv2%2Fmedia&parent=24249"}],"wp:term":[{"taxonomy":"category","embeddable":true,"href":"https:\/\/www.riogrande.rs.gov.br\/smed\/index.php?rest_route=%2Fwp%2Fv2%2Fcategories&post=24249"},{"taxonomy":"post_tag","embeddable":true,"href":"https:\/\/www.riogrande.rs.gov.br\/smed\/index.php?rest_route=%2Fwp%2Fv2%2Ftags&post=24249"}],"curies":[{"name":"wp","href":"https:\/\/api.w.org\/{rel}","templated":true}]}}