{"id":24244,"date":"2017-11-22T18:26:56","date_gmt":"2017-11-22T20:26:56","guid":{"rendered":"http:\/\/www.riogrande.rs.gov.br\/smed\/?p=24244"},"modified":"2017-11-22T18:28:51","modified_gmt":"2017-11-22T20:28:51","slug":"24244","status":"publish","type":"post","link":"https:\/\/www.riogrande.rs.gov.br\/smed\/?p=24244","title":{"rendered":"ALUNOS E ALUNAS DA ESCOLA MARIA L\u00daCIA LUZZARDI VISITARAM A EXPOSI\u00c7\u00c3O INFLU\u00caNCIAS AFRO-IND\u00edGENAS"},"content":{"rendered":"\n\t\t<style type=\"text\/css\">\n\t\t\t#gallery-1 {\n\t\t\t\tmargin: auto;\n\t\t\t}\n\t\t\t#gallery-1 .gallery-item {\n\t\t\t\tfloat: left;\n\t\t\t\tmargin-top: 10px;\n\t\t\t\ttext-align: center;\n\t\t\t\twidth: 50%;\n\t\t\t}\n\t\t\t#gallery-1 img {\n\t\t\t\tborder: 2px solid #cfcfcf;\n\t\t\t}\n\t\t\t#gallery-1 .gallery-caption {\n\t\t\t\tmargin-left: 0;\n\t\t\t}\n\t\t\t\/* see gallery_shortcode() in wp-includes\/media.php *\/\n\t\t<\/style>\n\t\t<div id='gallery-1' class='gallery galleryid-24244 gallery-columns-2 gallery-size-thumbnail'><dl class='gallery-item'>\n\t\t\t<dt class='gallery-icon landscape'>\n\t\t\t\t<a href='https:\/\/www.riogrande.rs.gov.br\/smed\/wp-content\/uploads\/2017\/11\/20171122-pmrg1.jpg' rel=\"lightbox[24244]\"><img loading=\"lazy\" decoding=\"async\" width=\"150\" height=\"150\" src=\"https:\/\/www.riogrande.rs.gov.br\/smed\/wp-content\/uploads\/2017\/11\/20171122-pmrg1-150x150.jpg\" class=\"attachment-thumbnail size-thumbnail\" alt=\"\" aria-describedby=\"gallery-1-24245\" \/><\/a>\n\t\t\t<\/dt>\n\t\t\t\t<dd class='wp-caption-text gallery-caption' id='gallery-1-24245'>\n\t\t\t\tCr\u00e9dito: Divulga\u00e7\u00e3o\/SeCult\n\t\t\t\t<\/dd><\/dl><dl class='gallery-item'>\n\t\t\t<dt class='gallery-icon landscape'>\n\t\t\t\t<a href='https:\/\/www.riogrande.rs.gov.br\/smed\/wp-content\/uploads\/2017\/11\/20171122-pmrg2.jpg' rel=\"lightbox[24244]\"><img loading=\"lazy\" decoding=\"async\" width=\"150\" height=\"150\" src=\"https:\/\/www.riogrande.rs.gov.br\/smed\/wp-content\/uploads\/2017\/11\/20171122-pmrg2-150x150.jpg\" class=\"attachment-thumbnail size-thumbnail\" alt=\"\" aria-describedby=\"gallery-1-24246\" \/><\/a>\n\t\t\t<\/dt>\n\t\t\t\t<dd class='wp-caption-text gallery-caption' id='gallery-1-24246'>\n\t\t\t\tCr\u00e9dito: Divulga\u00e7\u00e3o\/SeCult\n\t\t\t\t<\/dd><\/dl><br style=\"clear: both\" \/>\n\t\t<\/div>\n\n<p style=\"text-align: justify;\">Fonte: <a href=\"http:\/\/www.riogrande.rs.gov.br\/pagina\/index.php\/noticias\/detalhes+1531049,,alunos-e-alunas-da-escola-maria-lucia-luzzardi-visitaram-a-exposicao-influencias-afro-indigenas.html#.WhXcjK0lHGJ\" target=\"_blank\" rel=\"noopener\"><strong>www.riogrande.rs.gov.br<\/strong><\/a><\/p>\n<p style=\"text-align: justify;\">Na manh\u00e3 de ontem (21), alunos e alunas da Escola Municipal Maria L\u00facia Luzzardi visitaram alguns equipamentos culturais do Munic\u00edpio. Na Sala Multiuso, elas e eles tiveram a oportunidade de prestigiar a exposi\u00e7\u00e3o Influ\u00eancias Afro-ind\u00edgenas, organizada pelo Centro Municipal de Cultura Inah Emil Martensen, em parceria com a Escola Municipal de Ensino Fundamental Cipriano Porto Alegre.<\/p>\n<p><!--more--><\/p>\n<p>&nbsp;<\/p>\n<p style=\"text-align: justify;\">A exposi\u00e7\u00e3o mostra a transforma\u00e7\u00e3o do conhecimento te\u00f3rico, dos posicionamentos diante das rela\u00e7\u00f5es \u00e9tnico raciais (g\u00eanero, economia, politico, social, educacional, filos\u00f3fico e sociol\u00f3gico e, principalmente, ao que tange o enfrentamento ao racismo e seus desdobramentos) em express\u00f5es art\u00edsticas, bem como a forma que os educandos se relacionam com o fazer art\u00edstico. A mostra tamb\u00e9m destaca o trabalho dos estudantes da institui\u00e7\u00e3o de ensino, com foco na valoriza\u00e7\u00e3o das culturas afro e ind\u00edgenas na forma\u00e7\u00e3o da cultura brasileira. A visita\u00e7\u00e3o \u00e9 gratuita e ocorre at\u00e9 o dia 30 de novembro, das 12h30 \u00e0s 18h30, no andar t\u00e9rreo da Prefeitura Municipal.<\/p>\n<p style=\"text-align: right;\"><em>Com informa\u00e7\u00f5es da SeCult<\/em><\/p>\n","protected":false},"excerpt":{"rendered":"<p>Fonte: www.riogrande.rs.gov.br Na manh\u00e3 de ontem (21), alunos e alunas da Escola Municipal Maria L\u00facia Luzzardi visitaram alguns equipamentos culturais do Munic\u00edpio. Na Sala Multiuso, elas e eles tiveram a oportunidade de prestigiar a exposi\u00e7\u00e3o Influ\u00eancias Afro-ind\u00edgenas, organizada pelo Centro Municipal de Cultura Inah Emil Martensen, em parceria com a Escola Municipal de Ensino Fundamental [&hellip;]<\/p>\n","protected":false},"author":7,"featured_media":0,"comment_status":"closed","ping_status":"closed","sticky":false,"template":"","format":"standard","meta":{"footnotes":""},"categories":[1],"tags":[],"class_list":["post-24244","post","type-post","status-publish","format-standard","hentry","category-noticias"],"_links":{"self":[{"href":"https:\/\/www.riogrande.rs.gov.br\/smed\/index.php?rest_route=\/wp\/v2\/posts\/24244"}],"collection":[{"href":"https:\/\/www.riogrande.rs.gov.br\/smed\/index.php?rest_route=\/wp\/v2\/posts"}],"about":[{"href":"https:\/\/www.riogrande.rs.gov.br\/smed\/index.php?rest_route=\/wp\/v2\/types\/post"}],"author":[{"embeddable":true,"href":"https:\/\/www.riogrande.rs.gov.br\/smed\/index.php?rest_route=\/wp\/v2\/users\/7"}],"replies":[{"embeddable":true,"href":"https:\/\/www.riogrande.rs.gov.br\/smed\/index.php?rest_route=%2Fwp%2Fv2%2Fcomments&post=24244"}],"version-history":[{"count":2,"href":"https:\/\/www.riogrande.rs.gov.br\/smed\/index.php?rest_route=\/wp\/v2\/posts\/24244\/revisions"}],"predecessor-version":[{"id":24248,"href":"https:\/\/www.riogrande.rs.gov.br\/smed\/index.php?rest_route=\/wp\/v2\/posts\/24244\/revisions\/24248"}],"wp:attachment":[{"href":"https:\/\/www.riogrande.rs.gov.br\/smed\/index.php?rest_route=%2Fwp%2Fv2%2Fmedia&parent=24244"}],"wp:term":[{"taxonomy":"category","embeddable":true,"href":"https:\/\/www.riogrande.rs.gov.br\/smed\/index.php?rest_route=%2Fwp%2Fv2%2Fcategories&post=24244"},{"taxonomy":"post_tag","embeddable":true,"href":"https:\/\/www.riogrande.rs.gov.br\/smed\/index.php?rest_route=%2Fwp%2Fv2%2Ftags&post=24244"}],"curies":[{"name":"wp","href":"https:\/\/api.w.org\/{rel}","templated":true}]}}