{"id":24238,"date":"2017-11-22T15:06:34","date_gmt":"2017-11-22T17:06:34","guid":{"rendered":"http:\/\/www.riogrande.rs.gov.br\/smed\/?p=24238"},"modified":"2017-11-22T15:06:34","modified_gmt":"2017-11-22T17:06:34","slug":"cerimonia-de-reconhecimento-a-alunos-que-se-destacaram-na-xx-oba-aconteceu-no-dia-21","status":"publish","type":"post","link":"https:\/\/www.riogrande.rs.gov.br\/smed\/?p=24238","title":{"rendered":"Cerim\u00f4nia de Reconhecimento a Alunos que se destacaram na \u201cXX OBA\u201d aconteceu no dia 21"},"content":{"rendered":"\n\t\t<style type=\"text\/css\">\n\t\t\t#gallery-1 {\n\t\t\t\tmargin: auto;\n\t\t\t}\n\t\t\t#gallery-1 .gallery-item {\n\t\t\t\tfloat: left;\n\t\t\t\tmargin-top: 10px;\n\t\t\t\ttext-align: center;\n\t\t\t\twidth: 50%;\n\t\t\t}\n\t\t\t#gallery-1 img {\n\t\t\t\tborder: 2px solid #cfcfcf;\n\t\t\t}\n\t\t\t#gallery-1 .gallery-caption {\n\t\t\t\tmargin-left: 0;\n\t\t\t}\n\t\t\t\/* see gallery_shortcode() in wp-includes\/media.php *\/\n\t\t<\/style>\n\t\t<div id='gallery-1' class='gallery galleryid-24238 gallery-columns-2 gallery-size-thumbnail'><dl class='gallery-item'>\n\t\t\t<dt class='gallery-icon landscape'>\n\t\t\t\t<a href='https:\/\/www.riogrande.rs.gov.br\/smed\/wp-content\/uploads\/2017\/11\/20171122-ped-oba-image1.jpg' rel=\"lightbox[24238]\"><img loading=\"lazy\" decoding=\"async\" width=\"150\" height=\"150\" src=\"https:\/\/www.riogrande.rs.gov.br\/smed\/wp-content\/uploads\/2017\/11\/20171122-ped-oba-image1-150x150.jpg\" class=\"attachment-thumbnail size-thumbnail\" alt=\"\" aria-describedby=\"gallery-1-24239\" \/><\/a>\n\t\t\t<\/dt>\n\t\t\t\t<dd class='wp-caption-text gallery-caption' id='gallery-1-24239'>\n\t\t\t\tCr\u00e9dito: Roberton Reis\n\t\t\t\t<\/dd><\/dl><dl class='gallery-item'>\n\t\t\t<dt class='gallery-icon landscape'>\n\t\t\t\t<a href='https:\/\/www.riogrande.rs.gov.br\/smed\/wp-content\/uploads\/2017\/11\/20171122-ped-oba-image2.jpg' rel=\"lightbox[24238]\"><img loading=\"lazy\" decoding=\"async\" width=\"150\" height=\"150\" src=\"https:\/\/www.riogrande.rs.gov.br\/smed\/wp-content\/uploads\/2017\/11\/20171122-ped-oba-image2-150x150.jpg\" class=\"attachment-thumbnail size-thumbnail\" alt=\"\" aria-describedby=\"gallery-1-24240\" \/><\/a>\n\t\t\t<\/dt>\n\t\t\t\t<dd class='wp-caption-text gallery-caption' id='gallery-1-24240'>\n\t\t\t\tCr\u00e9dito: Roberton Reis\n\t\t\t\t<\/dd><\/dl><br style=\"clear: both\" \/><dl class='gallery-item'>\n\t\t\t<dt class='gallery-icon landscape'>\n\t\t\t\t<a href='https:\/\/www.riogrande.rs.gov.br\/smed\/wp-content\/uploads\/2017\/11\/20171122-ped-oba-image3.jpg' rel=\"lightbox[24238]\"><img loading=\"lazy\" decoding=\"async\" width=\"150\" height=\"150\" src=\"https:\/\/www.riogrande.rs.gov.br\/smed\/wp-content\/uploads\/2017\/11\/20171122-ped-oba-image3-150x150.jpg\" class=\"attachment-thumbnail size-thumbnail\" alt=\"\" aria-describedby=\"gallery-1-24241\" \/><\/a>\n\t\t\t<\/dt>\n\t\t\t\t<dd class='wp-caption-text gallery-caption' id='gallery-1-24241'>\n\t\t\t\tCr\u00e9dito: Roberton Reis\n\t\t\t\t<\/dd><\/dl><dl class='gallery-item'>\n\t\t\t<dt class='gallery-icon landscape'>\n\t\t\t\t<a href='https:\/\/www.riogrande.rs.gov.br\/smed\/wp-content\/uploads\/2017\/11\/20171122-ped-oba-image4.jpg' rel=\"lightbox[24238]\"><img loading=\"lazy\" decoding=\"async\" width=\"150\" height=\"150\" src=\"https:\/\/www.riogrande.rs.gov.br\/smed\/wp-content\/uploads\/2017\/11\/20171122-ped-oba-image4-150x150.jpg\" class=\"attachment-thumbnail size-thumbnail\" alt=\"\" aria-describedby=\"gallery-1-24242\" \/><\/a>\n\t\t\t<\/dt>\n\t\t\t\t<dd class='wp-caption-text gallery-caption' id='gallery-1-24242'>\n\t\t\t\tCr\u00e9dito: Roberton Reis\n\t\t\t\t<\/dd><\/dl><br style=\"clear: both\" \/>\n\t\t<\/div>\n\n<p style=\"text-align: justify;\">Na tarde da \u00faltima ter\u00e7a-feira, dia <b>21 de novembro<\/b>, alunos de quatro escolas da rede p\u00fablica municipal de ensino de Rio Grande, que participaram da \u201c<b>XX Olimp\u00edada Brasileira de Astronomia e Astron\u00e1utica (OBA)<\/b>\u201d, receberam, no <b>Sal\u00e3o Nobre da Prefeitura<\/b>, medalhas de reconhecimento da Prefeitura do Rio Grande.<\/p>\n<p style=\"text-align: justify;\"><!--more--><\/p>\n<p style=\"text-align: justify;\">\n<p style=\"text-align: justify;\">A Olimp\u00edada Brasileira de Astronomia e Astron\u00e1utica \u00e9 realizada anualmente pela Sociedade Astron\u00f4mica Brasileira (SAB), em parceria com a Ag\u00eancia Espacial Brasileira \u00a0(AEB), entre alunos de todos os anos do Ensino Fundamental e M\u00e9dio, em todo o territ\u00f3rio nacional. A OBA tem por objetivo \u00a0fomentar o interesse dos educandos pela Astronomia, Astron\u00e1utica e Ci\u00eancias afins. A prova \u00e9 aplicada em todo o pa\u00eds num mesmo dia e distribu\u00edda em quatro n\u00edveis distintos:<\/p>\n<ul style=\"text-align: justify;\">\n<li>N\u00edvel 1: Alunos do 1\u00ba ao 3\u00ba Ano do Ensino Fundamental;<\/li>\n<li>N\u00edvel 2: Alunos do 4\u00ba ao 5\u00ba Ano do Ensino Fundamental;<\/li>\n<li>N\u00edvel 3: Alunos do 6\u00ba ao 9\u00ba Ano do Ensino Fundamental;<\/li>\n<li>N\u00edvel 4: Alunos do Ensino M\u00e9dio do Ensino Fundamental;<\/li>\n<\/ul>\n<p style=\"text-align: justify;\">Neste ano, as escolas da rede municipal de Rio Grande que participaram da OBA foram: EMEF Bento Gon\u00e7alves, EMEF Cipriano Porto Alegre, EMEF Mate Amargo e EMEF Prof.\u00aa Mar\u00edlia Rodrigues Santos. Ao todo, 252 alunos da rede municipal participaram desta 20\u00aa edi\u00e7\u00e3o da Olimp\u00edada.<\/p>\n<p style=\"text-align: justify;\">Participaram da cerim\u00f4nia de premia\u00e7\u00e3o da \u201cXX OBA\u201d, o prefeito Alexandre Lindenmeyer, o superintendente de Gest\u00e3o Pedag\u00f3gica da SMEd, Felipe Alonso, representando o secret\u00e1rio da Educa\u00e7\u00e3o, Andr\u00e9 Lemes; a coordenadora da OBA na SMEd, \u00a0Maria da Gra\u00e7a Marques; \u00a0pais, professores, diretores e alunos que foram destaque na Olimp\u00edada.<\/p>\n<p style=\"text-align: justify;\">De acordo com o prefeito Alexandre, \u201c<b>o melhor e maior investimento que o Munic\u00edpio faz \u00e9 na \u00e1rea da Educa\u00e7\u00e3o. Quando participo de premia\u00e7\u00f5es como esta, tenho a certeza de que nossos jovens se apropriaram deste investimento feito. Nosso maior desafio \u00e9 dar oportunidade de aprendizado a todos. Agrade\u00e7o a cada professor, cada diretor e cada pai de aluno por fazerem parte desta constru\u00e7\u00e3o di\u00e1ria. Parab\u00e9ns, especialmente \u00a0a voc\u00eas, estudantes, que nos d\u00e3o a certeza de que estamos no caminho certo<\/b>\u201d.<\/p>\n<p style=\"text-align: justify;\">A coordenadora da Olimp\u00edada na SMEd \u00a0falou da satisfa\u00e7\u00e3o em construir o processo: \u201c<b>\u00c9 um trabalho imenso, mas muito gratificante, que vale a pena. Voc\u00eas merecem e ter\u00e3o muito mais que medalhas, n\u00e3o tenho d\u00favida. Meu pedido \u00e9 que se multipliquem as escolas da rede p\u00fablica de ensino participantes da Olimp\u00edada a cada ano<\/b>\u201d.<\/p>\n<p style=\"text-align: right;\">\n<p style=\"text-align: right;\"><em>SMEd<\/em><br \/>\n<em> Roberton Reis<\/em><\/p>\n","protected":false},"excerpt":{"rendered":"<p>Na tarde da \u00faltima ter\u00e7a-feira, dia 21 de novembro, alunos de quatro escolas da rede p\u00fablica municipal de ensino de Rio Grande, que participaram da \u201cXX Olimp\u00edada Brasileira de Astronomia e Astron\u00e1utica (OBA)\u201d, receberam, no Sal\u00e3o Nobre da Prefeitura, medalhas de reconhecimento da Prefeitura do Rio Grande.<\/p>\n","protected":false},"author":7,"featured_media":0,"comment_status":"closed","ping_status":"closed","sticky":false,"template":"","format":"standard","meta":{"footnotes":""},"categories":[1,13],"tags":[],"class_list":["post-24238","post","type-post","status-publish","format-standard","hentry","category-noticias","category-pedagogico"],"_links":{"self":[{"href":"https:\/\/www.riogrande.rs.gov.br\/smed\/index.php?rest_route=\/wp\/v2\/posts\/24238"}],"collection":[{"href":"https:\/\/www.riogrande.rs.gov.br\/smed\/index.php?rest_route=\/wp\/v2\/posts"}],"about":[{"href":"https:\/\/www.riogrande.rs.gov.br\/smed\/index.php?rest_route=\/wp\/v2\/types\/post"}],"author":[{"embeddable":true,"href":"https:\/\/www.riogrande.rs.gov.br\/smed\/index.php?rest_route=\/wp\/v2\/users\/7"}],"replies":[{"embeddable":true,"href":"https:\/\/www.riogrande.rs.gov.br\/smed\/index.php?rest_route=%2Fwp%2Fv2%2Fcomments&post=24238"}],"version-history":[{"count":1,"href":"https:\/\/www.riogrande.rs.gov.br\/smed\/index.php?rest_route=\/wp\/v2\/posts\/24238\/revisions"}],"predecessor-version":[{"id":24243,"href":"https:\/\/www.riogrande.rs.gov.br\/smed\/index.php?rest_route=\/wp\/v2\/posts\/24238\/revisions\/24243"}],"wp:attachment":[{"href":"https:\/\/www.riogrande.rs.gov.br\/smed\/index.php?rest_route=%2Fwp%2Fv2%2Fmedia&parent=24238"}],"wp:term":[{"taxonomy":"category","embeddable":true,"href":"https:\/\/www.riogrande.rs.gov.br\/smed\/index.php?rest_route=%2Fwp%2Fv2%2Fcategories&post=24238"},{"taxonomy":"post_tag","embeddable":true,"href":"https:\/\/www.riogrande.rs.gov.br\/smed\/index.php?rest_route=%2Fwp%2Fv2%2Ftags&post=24238"}],"curies":[{"name":"wp","href":"https:\/\/api.w.org\/{rel}","templated":true}]}}