{"id":24221,"date":"2017-11-21T16:31:05","date_gmt":"2017-11-21T18:31:05","guid":{"rendered":"http:\/\/www.riogrande.rs.gov.br\/smed\/?p=24221"},"modified":"2017-11-21T16:31:05","modified_gmt":"2017-11-21T18:31:05","slug":"smed-promovera-3o-seminario-municipal-da-educacao-de-jovens-e-adultos-eja-relatos-de-experiencia-nos-dias-27-e-28","status":"publish","type":"post","link":"https:\/\/www.riogrande.rs.gov.br\/smed\/?p=24221","title":{"rendered":"SMEd promover\u00e1 \u201c3\u00ba Semin\u00e1rio Municipal da Educa\u00e7\u00e3o de Jovens e Adultos (EJA) \u2013 Relatos de Experi\u00eancia\u201d nos dias 27 e 28"},"content":{"rendered":"<p style=\"text-align: justify;\"><span style=\"font-weight: 400;\">A Secretaria de Munic\u00edpio da Educa\u00e7\u00e3o de Rio Grande (SMEd), atrav\u00e9s do N\u00facleo da Educa\u00e7\u00e3o de Jovens e Adultos, realizar\u00e1, nos dias <\/span><b>27 e 28 de novembro<\/b><span style=\"font-weight: 400;\">, \u00e0s <\/span><b>18h<\/b><span style=\"font-weight: 400;\">, no Audit\u00f3rio da Escola Municipal de Ensino Fundamental <\/span><b>Cipriano Porto Alegre<\/b><span style=\"font-weight: 400;\">, a segunda etapa do \u201c<\/span><b>3\u00ba Semin\u00e1rio Municipal da Educa\u00e7\u00e3o de Jovens e Adultos (EJA) \u2013 Relatos de Experi\u00eancia<\/b><span style=\"font-weight: 400;\">\u201d.<\/span><\/p>\n<p style=\"text-align: justify;\"><!--more--><\/p>\n<p style=\"text-align: justify;\">\n<p style=\"text-align: justify;\"><span style=\"font-weight: 400;\">A segunda etapa do Semin\u00e1rio \u00e9 composta pela mostra dos trabalhos e os relatos de experi\u00eancia, momento destinado \u00e0 troca de saberes entre os professores e professoras que comp\u00f5em a Rede Municipal de Educa\u00e7\u00e3o no \u00e2mbito da EJA.<\/span><\/p>\n<p style=\"text-align: justify;\"><span style=\"font-weight: 400;\">Como novidade para esta etapa do Semin\u00e1rio, os professores participantes poder\u00e3o enviar a escrita de resumos ou artigos para serem publicados nos anais do evento, at\u00e9 o dia 30 de novembro (conforme modelo enviado por e-mail). Tais escritas poder\u00e3o ser coletivas ou individuais, abordando as propostas desenvolvidas durante o ano letivo.<\/span><\/p>\n<p style=\"text-align: justify;\"><span style=\"font-weight: 400;\">J\u00e1 a primeira etapa do \u201c3\u00ba Semin\u00e1rio Municipal da Educa\u00e7\u00e3o de Jovens e Adultos (EJA) \u2013 Relatos de Experi\u00eancia\u201d ocorreu nos dias 29 e 30 de maio de 2017 e abordou a tem\u00e1tica &#8220;O Legado de Paulo Freire e os Desafios para a EJA na atualidade&#8221;.<\/span><\/p>\n<p>&nbsp;<\/p>\n<p style=\"text-align: right;\"><em>SMEd<\/em><br \/>\n<em> Roberton Reis<\/em><br \/>\n<em> Com informa\u00e7\u00f5es do N\u00facleo da EJA<\/em><\/p>\n","protected":false},"excerpt":{"rendered":"<p>A Secretaria de Munic\u00edpio da Educa\u00e7\u00e3o de Rio Grande (SMEd), atrav\u00e9s do N\u00facleo da Educa\u00e7\u00e3o de Jovens e Adultos, realizar\u00e1, nos dias 27 e 28 de novembro, \u00e0s 18h, no Audit\u00f3rio da Escola Municipal de Ensino Fundamental Cipriano Porto Alegre, a segunda etapa do \u201c3\u00ba Semin\u00e1rio Municipal da Educa\u00e7\u00e3o de Jovens e Adultos (EJA) \u2013 [&hellip;]<\/p>\n","protected":false},"author":7,"featured_media":0,"comment_status":"closed","ping_status":"closed","sticky":false,"template":"","format":"standard","meta":{"footnotes":""},"categories":[1,13],"tags":[],"class_list":["post-24221","post","type-post","status-publish","format-standard","hentry","category-noticias","category-pedagogico"],"_links":{"self":[{"href":"https:\/\/www.riogrande.rs.gov.br\/smed\/index.php?rest_route=\/wp\/v2\/posts\/24221"}],"collection":[{"href":"https:\/\/www.riogrande.rs.gov.br\/smed\/index.php?rest_route=\/wp\/v2\/posts"}],"about":[{"href":"https:\/\/www.riogrande.rs.gov.br\/smed\/index.php?rest_route=\/wp\/v2\/types\/post"}],"author":[{"embeddable":true,"href":"https:\/\/www.riogrande.rs.gov.br\/smed\/index.php?rest_route=\/wp\/v2\/users\/7"}],"replies":[{"embeddable":true,"href":"https:\/\/www.riogrande.rs.gov.br\/smed\/index.php?rest_route=%2Fwp%2Fv2%2Fcomments&post=24221"}],"version-history":[{"count":2,"href":"https:\/\/www.riogrande.rs.gov.br\/smed\/index.php?rest_route=\/wp\/v2\/posts\/24221\/revisions"}],"predecessor-version":[{"id":24223,"href":"https:\/\/www.riogrande.rs.gov.br\/smed\/index.php?rest_route=\/wp\/v2\/posts\/24221\/revisions\/24223"}],"wp:attachment":[{"href":"https:\/\/www.riogrande.rs.gov.br\/smed\/index.php?rest_route=%2Fwp%2Fv2%2Fmedia&parent=24221"}],"wp:term":[{"taxonomy":"category","embeddable":true,"href":"https:\/\/www.riogrande.rs.gov.br\/smed\/index.php?rest_route=%2Fwp%2Fv2%2Fcategories&post=24221"},{"taxonomy":"post_tag","embeddable":true,"href":"https:\/\/www.riogrande.rs.gov.br\/smed\/index.php?rest_route=%2Fwp%2Fv2%2Ftags&post=24221"}],"curies":[{"name":"wp","href":"https:\/\/api.w.org\/{rel}","templated":true}]}}