{"id":24219,"date":"2017-11-21T16:19:27","date_gmt":"2017-11-21T18:19:27","guid":{"rendered":"http:\/\/www.riogrande.rs.gov.br\/smed\/?p=24219"},"modified":"2017-11-21T16:19:27","modified_gmt":"2017-11-21T18:19:27","slug":"emef-mate-amargo-promove-mostra-de-trabalhos-da-eja-nesta-quarta-feira-22","status":"publish","type":"post","link":"https:\/\/www.riogrande.rs.gov.br\/smed\/?p=24219","title":{"rendered":"EMEF Mate Amargo promove \u201cMostra de Trabalhos da EJA\u201d nesta quarta-feira, 22"},"content":{"rendered":"<p style=\"text-align: justify;\"><span style=\"font-weight: 400;\">A Escola Municipal de Ensino Fundamental <\/span><b>Mate Amargo<\/b><span style=\"font-weight: 400;\">, que est\u00e1 localizada no bairro Le\u00f4nidas, realizar\u00e1, nesta quarta-feira, dia <\/span><b>22 de novembro<\/b><span style=\"font-weight: 400;\">, \u00e0s <\/span><b>19h15min<\/b><span style=\"font-weight: 400;\">, a <\/span><b>\u201cMostra de Trabalhos da Educa\u00e7\u00e3o de Jovens e Adultos (EJA)<\/b><span style=\"font-weight: 400;\">\u201d. De acordo com a dire\u00e7\u00e3o da Escola, os trabalhos fazem parte do Projeto &#8220;<\/span><b>Leitura que: inspira, transforma e abre horizontes<\/b><span style=\"font-weight: 400;\">&#8221; e ser\u00e3o apresentados pelos alunos atrav\u00e9s de diferentes formas de express\u00e3o.<\/span><\/p>\n<p>&nbsp;<\/p>\n<p style=\"text-align: right;\"><em>SMEd<\/em><br \/>\n<em> Roberton Reis<\/em><br \/>\n<em> Com informa\u00e7\u00f5es da EMEF Mate Amargo<\/em><\/p>\n","protected":false},"excerpt":{"rendered":"<p>A Escola Municipal de Ensino Fundamental Mate Amargo, que est\u00e1 localizada no bairro Le\u00f4nidas, realizar\u00e1, nesta quarta-feira, dia 22 de novembro, \u00e0s 19h15min, a \u201cMostra de Trabalhos da Educa\u00e7\u00e3o de Jovens e Adultos (EJA)\u201d. De acordo com a dire\u00e7\u00e3o da Escola, os trabalhos fazem parte do Projeto &#8220;Leitura que: inspira, transforma e abre horizontes&#8221; e [&hellip;]<\/p>\n","protected":false},"author":7,"featured_media":0,"comment_status":"closed","ping_status":"closed","sticky":false,"template":"","format":"standard","meta":{"footnotes":""},"categories":[1,13],"tags":[],"class_list":["post-24219","post","type-post","status-publish","format-standard","hentry","category-noticias","category-pedagogico"],"_links":{"self":[{"href":"https:\/\/www.riogrande.rs.gov.br\/smed\/index.php?rest_route=\/wp\/v2\/posts\/24219"}],"collection":[{"href":"https:\/\/www.riogrande.rs.gov.br\/smed\/index.php?rest_route=\/wp\/v2\/posts"}],"about":[{"href":"https:\/\/www.riogrande.rs.gov.br\/smed\/index.php?rest_route=\/wp\/v2\/types\/post"}],"author":[{"embeddable":true,"href":"https:\/\/www.riogrande.rs.gov.br\/smed\/index.php?rest_route=\/wp\/v2\/users\/7"}],"replies":[{"embeddable":true,"href":"https:\/\/www.riogrande.rs.gov.br\/smed\/index.php?rest_route=%2Fwp%2Fv2%2Fcomments&post=24219"}],"version-history":[{"count":1,"href":"https:\/\/www.riogrande.rs.gov.br\/smed\/index.php?rest_route=\/wp\/v2\/posts\/24219\/revisions"}],"predecessor-version":[{"id":24220,"href":"https:\/\/www.riogrande.rs.gov.br\/smed\/index.php?rest_route=\/wp\/v2\/posts\/24219\/revisions\/24220"}],"wp:attachment":[{"href":"https:\/\/www.riogrande.rs.gov.br\/smed\/index.php?rest_route=%2Fwp%2Fv2%2Fmedia&parent=24219"}],"wp:term":[{"taxonomy":"category","embeddable":true,"href":"https:\/\/www.riogrande.rs.gov.br\/smed\/index.php?rest_route=%2Fwp%2Fv2%2Fcategories&post=24219"},{"taxonomy":"post_tag","embeddable":true,"href":"https:\/\/www.riogrande.rs.gov.br\/smed\/index.php?rest_route=%2Fwp%2Fv2%2Ftags&post=24219"}],"curies":[{"name":"wp","href":"https:\/\/api.w.org\/{rel}","templated":true}]}}