{"id":24212,"date":"2017-11-20T13:55:55","date_gmt":"2017-11-20T15:55:55","guid":{"rendered":"http:\/\/www.riogrande.rs.gov.br\/smed\/?p=24212"},"modified":"2017-11-22T14:57:25","modified_gmt":"2017-11-22T16:57:25","slug":"smed-promovera-5o-encontro-de-educacao-e-tecnologia-vamos-conversar-sobre-tecnologias-no-dia-23","status":"publish","type":"post","link":"https:\/\/www.riogrande.rs.gov.br\/smed\/?p=24212","title":{"rendered":"SMEd promover\u00e1 \u201c5\u00ba Encontro de Educa\u00e7\u00e3o e Tecnologia: vamos conversar sobre tecnologias?\u201d, no dia 23"},"content":{"rendered":"<p style=\"text-align: justify;\"><span style=\"font-weight: 400;\">A Secretaria de Munic\u00edpio da Educa\u00e7\u00e3o de Rio Grande (SMEd), atrav\u00e9s do \u00a0N\u00facleo de Tecnologia Municipal (NTM), promover\u00e1, no dia <\/span><b>23 de novembro<\/b><span style=\"font-weight: 400;\">, \u00e0s<\/span><b> 14h<\/b><span style=\"font-weight: 400;\">, no\u00a0<\/span><b>miniaudit\u00f3rio do IFRS<\/b><span style=\"font-weight: 400;\">, o \u201c<\/span><b>5\u00ba Encontro de Educa\u00e7\u00e3o e Tecnologia: vamos conversar sobre tecnologias?<\/b><span style=\"font-weight: 400;\">\u201d, que contar\u00e1 com a presen\u00e7a das seguintes professoras:<\/span><\/p>\n<p style=\"text-align: justify;\"><!--more--><\/p>\n<ul style=\"text-align: justify;\">\n<li><span style=\"font-weight: 400;\">Prof.\u00aa Dr.\u00aa Michelle Coelho Salort (SMEd);<\/span><\/li>\n<li><span style=\"font-weight: 400;\">Prof.\u00aa Dr.\u00aa D\u00e9bora Pereira Laurino (FURG);<\/span><\/li>\n<li><span style=\"font-weight: 400;\">Prof.\u00aa Dr.\u00aa Sheyla Costa Rodrigues(FURG).<\/span><\/li>\n<\/ul>\n<p style=\"text-align: justify;\"><span style=\"font-weight: 400;\">De acordo com a coordena\u00e7\u00e3o do NTM, os\/as professores\/as da rede municipal interessados\/as em participar do Encontro devem realizar a inscri\u00e7\u00e3o at\u00e9 o dia 22 de novembro, pelo <strong><a href=\"https:\/\/docs.google.com\/forms\/d\/1LxUSkJwCmObXYmyuFvIbKVUXvlTBIlk8LYTCna9jCnI\" target=\"_blank\" rel=\"noopener\">link<\/a>.<\/strong><\/span><\/p>\n<p style=\"text-align: right;\"><em>SMEd<\/em><br \/>\n<em> Roberton Reis<\/em><br \/>\n<em> Com informa\u00e7\u00f5es do NTM<\/em><\/p>\n","protected":false},"excerpt":{"rendered":"<p>A Secretaria de Munic\u00edpio da Educa\u00e7\u00e3o de Rio Grande (SMEd), atrav\u00e9s do \u00a0N\u00facleo de Tecnologia Municipal (NTM), promover\u00e1, no dia 23 de novembro, \u00e0s 14h, no\u00a0miniaudit\u00f3rio do IFRS, o \u201c5\u00ba Encontro de Educa\u00e7\u00e3o e Tecnologia: vamos conversar sobre tecnologias?\u201d, que contar\u00e1 com a presen\u00e7a das seguintes professoras:<\/p>\n","protected":false},"author":7,"featured_media":0,"comment_status":"closed","ping_status":"closed","sticky":false,"template":"","format":"standard","meta":{"footnotes":""},"categories":[1,13],"tags":[],"class_list":["post-24212","post","type-post","status-publish","format-standard","hentry","category-noticias","category-pedagogico"],"_links":{"self":[{"href":"https:\/\/www.riogrande.rs.gov.br\/smed\/index.php?rest_route=\/wp\/v2\/posts\/24212"}],"collection":[{"href":"https:\/\/www.riogrande.rs.gov.br\/smed\/index.php?rest_route=\/wp\/v2\/posts"}],"about":[{"href":"https:\/\/www.riogrande.rs.gov.br\/smed\/index.php?rest_route=\/wp\/v2\/types\/post"}],"author":[{"embeddable":true,"href":"https:\/\/www.riogrande.rs.gov.br\/smed\/index.php?rest_route=\/wp\/v2\/users\/7"}],"replies":[{"embeddable":true,"href":"https:\/\/www.riogrande.rs.gov.br\/smed\/index.php?rest_route=%2Fwp%2Fv2%2Fcomments&post=24212"}],"version-history":[{"count":2,"href":"https:\/\/www.riogrande.rs.gov.br\/smed\/index.php?rest_route=\/wp\/v2\/posts\/24212\/revisions"}],"predecessor-version":[{"id":24235,"href":"https:\/\/www.riogrande.rs.gov.br\/smed\/index.php?rest_route=\/wp\/v2\/posts\/24212\/revisions\/24235"}],"wp:attachment":[{"href":"https:\/\/www.riogrande.rs.gov.br\/smed\/index.php?rest_route=%2Fwp%2Fv2%2Fmedia&parent=24212"}],"wp:term":[{"taxonomy":"category","embeddable":true,"href":"https:\/\/www.riogrande.rs.gov.br\/smed\/index.php?rest_route=%2Fwp%2Fv2%2Fcategories&post=24212"},{"taxonomy":"post_tag","embeddable":true,"href":"https:\/\/www.riogrande.rs.gov.br\/smed\/index.php?rest_route=%2Fwp%2Fv2%2Ftags&post=24212"}],"curies":[{"name":"wp","href":"https:\/\/api.w.org\/{rel}","templated":true}]}}