{"id":24203,"date":"2017-11-17T16:58:06","date_gmt":"2017-11-17T18:58:06","guid":{"rendered":"http:\/\/www.riogrande.rs.gov.br\/smed\/?p=24203"},"modified":"2017-11-17T17:01:36","modified_gmt":"2017-11-17T19:01:36","slug":"emef-alcides-maia-realizara-v-feira-de-ciencias-e-v-mostra-de-trabalhos-no-dia-23","status":"publish","type":"post","link":"https:\/\/www.riogrande.rs.gov.br\/smed\/?p=24203","title":{"rendered":"EMEF Alcides Maia realizar\u00e1 \u201cV Feira de Ci\u00eancias\u201d e \u201cV Mostra de Trabalhos\u201d no dia 23"},"content":{"rendered":"<div id=\"attachment_24204\" style=\"width: 495px\" class=\"wp-caption aligncenter\"><a href=\"http:\/\/www.riogrande.rs.gov.br\/smed\/wp-content\/uploads\/2017\/11\/20171117-ped-alcides-image1.jpg\" rel=\"lightbox[24203]\"><img loading=\"lazy\" decoding=\"async\" aria-describedby=\"caption-attachment-24204\" class=\"size-medium wp-image-24204\" src=\"http:\/\/www.riogrande.rs.gov.br\/smed\/wp-content\/uploads\/2017\/11\/20171117-ped-alcides-image1-485x650.jpg\" alt=\"\" width=\"485\" height=\"650\" srcset=\"https:\/\/www.riogrande.rs.gov.br\/smed\/wp-content\/uploads\/2017\/11\/20171117-ped-alcides-image1-485x650.jpg 485w, https:\/\/www.riogrande.rs.gov.br\/smed\/wp-content\/uploads\/2017\/11\/20171117-ped-alcides-image1-768x1029.jpg 768w, https:\/\/www.riogrande.rs.gov.br\/smed\/wp-content\/uploads\/2017\/11\/20171117-ped-alcides-image1-154x207.jpg 154w, https:\/\/www.riogrande.rs.gov.br\/smed\/wp-content\/uploads\/2017\/11\/20171117-ped-alcides-image1.jpg 800w\" sizes=\"(max-width: 485px) 100vw, 485px\" \/><\/a><p id=\"caption-attachment-24204\" class=\"wp-caption-text\">Divulga\u00e7\u00e3o<\/p><\/div>\n<p style=\"text-align: justify;\">A Escola Municipal de Ensino Fundamental <b>Alcides Maia<\/b>, que est\u00e1 localizada no Cap\u00e3o Seco, realizar\u00e1, no dia <b>23 de novembro<\/b>, a partir das <b>9h<\/b>, a \u201c<b>V Feira de Ci\u00eancias<\/b>\u201d e a \u201c<b>V Mostra de Trabalhos<\/b>\u201d. De acordo com a dire\u00e7\u00e3o da Escola, a Mostra apresentar\u00e1 trabalhos que homenageiam os \u201c<b>280 anos de funda\u00e7\u00e3o de Rio Grande<\/b>\u201d. Confira a <a href=\"http:\/\/www.riogrande.rs.gov.br\/smed\/wp-content\/uploads\/2017\/11\/20171117-programacao_alcides.pdf\" target=\"_blank\" rel=\"noopener\"><b>programa\u00e7\u00e3o<\/b><\/a> completa da das atividades da EMEF Alcides Maia.<\/p>\n<p>&nbsp;<\/p>\n<p style=\"text-align: right;\"><em>SMEd<\/em><br \/>\n<em> Roberton Reis<\/em><br \/>\n<em> Com informa\u00e7\u00f5es da EMEF Alcides Maia<\/em><\/p>\n","protected":false},"excerpt":{"rendered":"<p>A Escola Municipal de Ensino Fundamental Alcides Maia, que est\u00e1 localizada no Cap\u00e3o Seco, realizar\u00e1, no dia 23 de novembro, a partir das 9h, a \u201cV Feira de Ci\u00eancias\u201d e a \u201cV Mostra de Trabalhos\u201d. De acordo com a dire\u00e7\u00e3o da Escola, a Mostra apresentar\u00e1 trabalhos que homenageiam os \u201c280 anos de funda\u00e7\u00e3o de Rio [&hellip;]<\/p>\n","protected":false},"author":7,"featured_media":0,"comment_status":"closed","ping_status":"closed","sticky":false,"template":"","format":"standard","meta":{"footnotes":""},"categories":[45,1,13],"tags":[],"class_list":["post-24203","post","type-post","status-publish","format-standard","hentry","category-280anosriogrande","category-noticias","category-pedagogico"],"_links":{"self":[{"href":"https:\/\/www.riogrande.rs.gov.br\/smed\/index.php?rest_route=\/wp\/v2\/posts\/24203"}],"collection":[{"href":"https:\/\/www.riogrande.rs.gov.br\/smed\/index.php?rest_route=\/wp\/v2\/posts"}],"about":[{"href":"https:\/\/www.riogrande.rs.gov.br\/smed\/index.php?rest_route=\/wp\/v2\/types\/post"}],"author":[{"embeddable":true,"href":"https:\/\/www.riogrande.rs.gov.br\/smed\/index.php?rest_route=\/wp\/v2\/users\/7"}],"replies":[{"embeddable":true,"href":"https:\/\/www.riogrande.rs.gov.br\/smed\/index.php?rest_route=%2Fwp%2Fv2%2Fcomments&post=24203"}],"version-history":[{"count":3,"href":"https:\/\/www.riogrande.rs.gov.br\/smed\/index.php?rest_route=\/wp\/v2\/posts\/24203\/revisions"}],"predecessor-version":[{"id":24208,"href":"https:\/\/www.riogrande.rs.gov.br\/smed\/index.php?rest_route=\/wp\/v2\/posts\/24203\/revisions\/24208"}],"wp:attachment":[{"href":"https:\/\/www.riogrande.rs.gov.br\/smed\/index.php?rest_route=%2Fwp%2Fv2%2Fmedia&parent=24203"}],"wp:term":[{"taxonomy":"category","embeddable":true,"href":"https:\/\/www.riogrande.rs.gov.br\/smed\/index.php?rest_route=%2Fwp%2Fv2%2Fcategories&post=24203"},{"taxonomy":"post_tag","embeddable":true,"href":"https:\/\/www.riogrande.rs.gov.br\/smed\/index.php?rest_route=%2Fwp%2Fv2%2Ftags&post=24203"}],"curies":[{"name":"wp","href":"https:\/\/api.w.org\/{rel}","templated":true}]}}