{"id":24191,"date":"2017-11-16T19:26:36","date_gmt":"2017-11-16T21:26:36","guid":{"rendered":"http:\/\/www.riogrande.rs.gov.br\/smed\/?p=24191"},"modified":"2017-11-16T19:26:36","modified_gmt":"2017-11-16T21:26:36","slug":"prefeitura-e-furg-lancam-o-movimento-eles-por-elas-em-rio-grande-amanha-17","status":"publish","type":"post","link":"https:\/\/www.riogrande.rs.gov.br\/smed\/?p=24191","title":{"rendered":"PREFEITURA E FURG LAN\u00c7AM O MOVIMENTO &#8220;ELES POR ELAS&#8221; EM RIO GRANDE AMANH\u00c3 (17)"},"content":{"rendered":"\n\t\t<style type=\"text\/css\">\n\t\t\t#gallery-1 {\n\t\t\t\tmargin: auto;\n\t\t\t}\n\t\t\t#gallery-1 .gallery-item {\n\t\t\t\tfloat: left;\n\t\t\t\tmargin-top: 10px;\n\t\t\t\ttext-align: center;\n\t\t\t\twidth: 33%;\n\t\t\t}\n\t\t\t#gallery-1 img {\n\t\t\t\tborder: 2px solid #cfcfcf;\n\t\t\t}\n\t\t\t#gallery-1 .gallery-caption {\n\t\t\t\tmargin-left: 0;\n\t\t\t}\n\t\t\t\/* see gallery_shortcode() in wp-includes\/media.php *\/\n\t\t<\/style>\n\t\t<div id='gallery-1' class='gallery galleryid-24191 gallery-columns-3 gallery-size-thumbnail'><dl class='gallery-item'>\n\t\t\t<dt class='gallery-icon portrait'>\n\t\t\t\t<a href='https:\/\/www.riogrande.rs.gov.br\/smed\/wp-content\/uploads\/2017\/11\/20171116-pmrg21.jpg' rel=\"lightbox[24191]\"><img loading=\"lazy\" decoding=\"async\" width=\"150\" height=\"150\" src=\"https:\/\/www.riogrande.rs.gov.br\/smed\/wp-content\/uploads\/2017\/11\/20171116-pmrg21-150x150.jpg\" class=\"attachment-thumbnail size-thumbnail\" alt=\"\" aria-describedby=\"gallery-1-24192\" \/><\/a>\n\t\t\t<\/dt>\n\t\t\t\t<dd class='wp-caption-text gallery-caption' id='gallery-1-24192'>\n\t\t\t\tDivulga\u00e7\u00e3o\n\t\t\t\t<\/dd><\/dl><dl class='gallery-item'>\n\t\t\t<dt class='gallery-icon portrait'>\n\t\t\t\t<a href='https:\/\/www.riogrande.rs.gov.br\/smed\/wp-content\/uploads\/2017\/11\/20171116-pmrg22.jpg' rel=\"lightbox[24191]\"><img loading=\"lazy\" decoding=\"async\" width=\"150\" height=\"150\" src=\"https:\/\/www.riogrande.rs.gov.br\/smed\/wp-content\/uploads\/2017\/11\/20171116-pmrg22-150x150.jpg\" class=\"attachment-thumbnail size-thumbnail\" alt=\"\" aria-describedby=\"gallery-1-24193\" \/><\/a>\n\t\t\t<\/dt>\n\t\t\t\t<dd class='wp-caption-text gallery-caption' id='gallery-1-24193'>\n\t\t\t\tDivulga\u00e7\u00e3o\n\t\t\t\t<\/dd><\/dl><dl class='gallery-item'>\n\t\t\t<dt class='gallery-icon landscape'>\n\t\t\t\t<a href='https:\/\/www.riogrande.rs.gov.br\/smed\/wp-content\/uploads\/2017\/11\/20171116-pmrg23.jpg' rel=\"lightbox[24191]\"><img loading=\"lazy\" decoding=\"async\" width=\"150\" height=\"150\" src=\"https:\/\/www.riogrande.rs.gov.br\/smed\/wp-content\/uploads\/2017\/11\/20171116-pmrg23-150x150.jpg\" class=\"attachment-thumbnail size-thumbnail\" alt=\"\" aria-describedby=\"gallery-1-24194\" \/><\/a>\n\t\t\t<\/dt>\n\t\t\t\t<dd class='wp-caption-text gallery-caption' id='gallery-1-24194'>\n\t\t\t\tCr\u00e9dito: Giovani Sequeira\n\t\t\t\t<\/dd><\/dl><br style=\"clear: both\" \/>\n\t\t<\/div>\n\n<p style=\"text-align: justify;\">Fonte: <a href=\"http:\/\/www.riogrande.rs.gov.br\/pagina\/index.php\/noticias\/detalhes+1522931,,prefeitura-e-furg-lancam-o-movimento-eles-por-elas-em-rio-grande-amanha-17.html#.Wg4Apq0lHGJ\" target=\"_blank\" rel=\"noopener\"><strong>www.riogrande.rs.gov.br<\/strong><\/a><\/p>\n<p style=\"text-align: justify;\">\n<p style=\"text-align: justify;\">Uma extensa programa\u00e7\u00e3o no Cidec-Sul marcar\u00e1 amanh\u00e3 (17) o lan\u00e7amento do Movimento \u201cElesPorElas \u2013 HeForShe\u201d em Rio Grande. A agenda do lan\u00e7amento foi constru\u00edda de forma conjunta entre a Prefeitura do Rio Grande e a Universidade Federal do Rio Grande (FURG), institui\u00e7\u00f5es da cidade que j\u00e1 aderiram ao Movimento.<\/p>\n<p style=\"text-align: justify;\"><!--more--><\/p>\n<p style=\"text-align: justify;\">\n<p style=\"text-align: justify;\">O Rio Grande do Sul foi o primeiro estado brasileiro a aderir ao Movimento, uma a\u00e7\u00e3o internacional proposta pela ONU Mulher. O movimento HeForShe convoca homens e meninos como parceiros igualit\u00e1rios na elabora\u00e7\u00e3o e implementa\u00e7\u00e3o de uma vis\u00e3o comum da igualdade de g\u00eanero que beneficiar\u00e1 toda a humanidade. Saiba como fazer sua ades\u00e3o aqui: http:\/\/www.heforshe.org\/pt#take-action<\/p>\n<p style=\"text-align: justify;\">\u201cO ElesPorElas tem a inten\u00e7\u00e3o de romper com o binarismo, de subverter a ordem estabelecida de opress\u00e3o e viol\u00eancia contra a mulher no mundo. N\u00e3o vamos conseguir isso se n\u00e3o chamarmos pra discuss\u00e3o os homens, se n\u00e3o expormos, frente a frente, os nossos direitos e a nossa demanda por respeito e pol\u00edticas que nos representem. O protagonismo do movimento \u00e9 feminino, uma vez que n\u00f3s e que estamos convocando o p\u00fablico masculino a se somarem a esta luta\u201d, explica a coordenadora de Pol\u00edticas P\u00fablicas para as Mulheres, Maria de Lourdes Lose.<\/p>\n<p style=\"text-align: justify;\">O prefeito Alexandre Lindenmeyer foi escolhido como representante brasileiro do Comit\u00ea Estadual do Rio Grande do Sul Impulsor do ElesPorElas. As pol\u00edticas p\u00fablicas para as mulheres constru\u00eddas no Munic\u00edpio j\u00e1 vem trabalhando o tema h\u00e1 alguns anos. Exemplo \u00e9 a implanta\u00e7\u00e3o de uma coordenadoria espec\u00edfica para isso, a Coordenadoria de Pol\u00edticas P\u00fablicas Para as Mulheres.<\/p>\n<p style=\"text-align: justify;\">Em Rio Grande, al\u00e9m da Prefeitura e FURG, 23 escolas da Rede Municipal de Ensino j\u00e1 est\u00e3o credenciadas com o selo do ElesPorElas, levando o debate do tema para dentro das salas de aulas, com meninos e meninas.<\/p>\n<p style=\"text-align: justify;\">Programa\u00e7\u00e3o do lan\u00e7amento em Rio Grande<\/p>\n<p style=\"text-align: justify;\">A programa\u00e7\u00e3o do dia 17 come\u00e7a \u00e0s 7h30 da manh\u00e3 com uma blitz nos dois p\u00f3rticos de entrada da FURG. Durante a a\u00e7\u00e3o haver\u00e1 panfletagem e distribui\u00e7\u00e3o de material educativo do HeForShe. \u00c0s 8h30 haver\u00e1 uma cerim\u00f4nia oficial de lan\u00e7amento no Cidec-Sul, com as presen\u00e7as do prefeito de Rio Grande, da reitora da FURG, do presidente da Assembleia Edegar Preto, entre outras autoridades. Na sequ\u00eancia acontece o lan\u00e7amento do \u201cObservat\u00f3rio de G\u00eaneros\u201d da FURG.<\/p>\n<p style=\"text-align: justify;\">No dia 18 a programa\u00e7\u00e3o come\u00e7a \u00e0s 9h com a promo\u00e7\u00e3o da pedalada \u201cElesPorElas\u201d. A concentra\u00e7\u00e3o acontece em frente ao pr\u00e9dio da Prefeitura. Na mesma manh\u00e3 tamb\u00e9m tem a realiza\u00e7\u00e3o do \u201cMovimenta FURG\u201d, composto por a\u00e7\u00f5es que envolvem mostras culturais, tendas para o p\u00fablico infantil, participa\u00e7\u00e3o do grupo \u201cGurias Digitais\u201d, oficinas sobre viol\u00eancia obst\u00e9trica e participa\u00e7\u00e3o de escolas promotoras de igualdade de g\u00eanero.<\/p>\n<p style=\"text-align: justify;\">Confira a programa\u00e7\u00e3o completa em anexo.<\/p>\n<p style=\"text-align: right;\"><em>Assessoria de Comunica\u00e7\u00e3o\/PMRG<\/em><\/p>\n","protected":false},"excerpt":{"rendered":"<p>Fonte: www.riogrande.rs.gov.br Uma extensa programa\u00e7\u00e3o no Cidec-Sul marcar\u00e1 amanh\u00e3 (17) o lan\u00e7amento do Movimento \u201cElesPorElas \u2013 HeForShe\u201d em Rio Grande. A agenda do lan\u00e7amento foi constru\u00edda de forma conjunta entre a Prefeitura do Rio Grande e a Universidade Federal do Rio Grande (FURG), institui\u00e7\u00f5es da cidade que j\u00e1 aderiram ao Movimento.<\/p>\n","protected":false},"author":7,"featured_media":0,"comment_status":"closed","ping_status":"closed","sticky":false,"template":"","format":"standard","meta":{"footnotes":""},"categories":[1],"tags":[],"class_list":["post-24191","post","type-post","status-publish","format-standard","hentry","category-noticias"],"_links":{"self":[{"href":"https:\/\/www.riogrande.rs.gov.br\/smed\/index.php?rest_route=\/wp\/v2\/posts\/24191"}],"collection":[{"href":"https:\/\/www.riogrande.rs.gov.br\/smed\/index.php?rest_route=\/wp\/v2\/posts"}],"about":[{"href":"https:\/\/www.riogrande.rs.gov.br\/smed\/index.php?rest_route=\/wp\/v2\/types\/post"}],"author":[{"embeddable":true,"href":"https:\/\/www.riogrande.rs.gov.br\/smed\/index.php?rest_route=\/wp\/v2\/users\/7"}],"replies":[{"embeddable":true,"href":"https:\/\/www.riogrande.rs.gov.br\/smed\/index.php?rest_route=%2Fwp%2Fv2%2Fcomments&post=24191"}],"version-history":[{"count":1,"href":"https:\/\/www.riogrande.rs.gov.br\/smed\/index.php?rest_route=\/wp\/v2\/posts\/24191\/revisions"}],"predecessor-version":[{"id":24195,"href":"https:\/\/www.riogrande.rs.gov.br\/smed\/index.php?rest_route=\/wp\/v2\/posts\/24191\/revisions\/24195"}],"wp:attachment":[{"href":"https:\/\/www.riogrande.rs.gov.br\/smed\/index.php?rest_route=%2Fwp%2Fv2%2Fmedia&parent=24191"}],"wp:term":[{"taxonomy":"category","embeddable":true,"href":"https:\/\/www.riogrande.rs.gov.br\/smed\/index.php?rest_route=%2Fwp%2Fv2%2Fcategories&post=24191"},{"taxonomy":"post_tag","embeddable":true,"href":"https:\/\/www.riogrande.rs.gov.br\/smed\/index.php?rest_route=%2Fwp%2Fv2%2Ftags&post=24191"}],"curies":[{"name":"wp","href":"https:\/\/api.w.org\/{rel}","templated":true}]}}